{"id":150960,"date":"2022-07-20T11:15:00","date_gmt":"2022-07-20T14:15:00","guid":{"rendered":"https:\/\/www.hoymercedes.com.ar\/principal\/?p=150960"},"modified":"2022-07-20T10:57:42","modified_gmt":"2022-07-20T13:57:42","slug":"incentivan-a-votar-mr-base-en-batalla-de-gallos","status":"publish","type":"post","link":"https:\/\/www.hoymercedes.com.ar\/principal\/2022\/07\/20\/incentivan-a-votar-mr-base-en-batalla-de-gallos\/","title":{"rendered":"Incentivan a votar Mr Base en batalla de gallos"},"content":{"rendered":"\n<p>Desde el \u00e1rea de Juventud del Municipio iniciaron una campa\u00f1a para que los mercedinos conozcan y voten e Mr. Base (Sebasti\u00e1n Farina), un rapero mercedino que est\u00e1 compitiendo para llegar a la batalla de gallos patrocinada por una bebida energ\u00e9tica. <\/p>\n\n\n<div class=\"wp-block-image\">\n<figure class=\"aligncenter size-full\"><img loading=\"lazy\" decoding=\"async\" width=\"776\" height=\"437\" data-attachment-id=\"150961\" data-permalink=\"https:\/\/www.hoymercedes.com.ar\/principal\/2022\/07\/20\/incentivan-a-votar-mr-base-en-batalla-de-gallos\/2022-07-20-3\/#main\" data-orig-file=\"https:\/\/www.hoymercedes.com.ar\/principal\/wp-content\/uploads\/2022\/07\/2022-07-20-3.png\" data-orig-size=\"776,437\" data-comments-opened=\"0\" data-image-meta=\"{&quot;aperture&quot;:&quot;0&quot;,&quot;credit&quot;:&quot;&quot;,&quot;camera&quot;:&quot;&quot;,&quot;caption&quot;:&quot;&quot;,&quot;created_timestamp&quot;:&quot;0&quot;,&quot;copyright&quot;:&quot;&quot;,&quot;focal_length&quot;:&quot;0&quot;,&quot;iso&quot;:&quot;0&quot;,&quot;shutter_speed&quot;:&quot;0&quot;,&quot;title&quot;:&quot;&quot;,&quot;orientation&quot;:&quot;0&quot;}\" data-image-title=\"Mr Base\" data-image-description=\"\" data-image-caption=\"\" data-large-file=\"https:\/\/www.hoymercedes.com.ar\/principal\/wp-content\/uploads\/2022\/07\/2022-07-20-3.png\" src=\"https:\/\/www.hoymercedes.com.ar\/principal\/wp-content\/uploads\/2022\/07\/2022-07-20-3.png\" alt=\"\" class=\"wp-image-150961\" srcset=\"https:\/\/www.hoymercedes.com.ar\/principal\/wp-content\/uploads\/2022\/07\/2022-07-20-3.png 776w, https:\/\/www.hoymercedes.com.ar\/principal\/wp-content\/uploads\/2022\/07\/2022-07-20-3-630x355.png 630w, https:\/\/www.hoymercedes.com.ar\/principal\/wp-content\/uploads\/2022\/07\/2022-07-20-3-150x84.png 150w\" sizes=\"auto, (max-width: 776px) 100vw, 776px\" \/><\/figure>\n<\/div>\n\n\n<p>Lucila Villoslada, del \u00e1rea de Juventud del Municipio cont\u00f3 a trav\u00e9s de una comunicaci\u00f3n oficial: \u201cMr Base es un rapero muy reconocido en Capital Federal y AMBA, es mercedino, s\u00faper talentoso y ahora nos toca darles nuestro apoyo y aliento. Por eso invitamos a que todos aquellos que puedan y deseen se sumen y den su voto as\u00ed apoyamos a un artista mercedino\u201d. <\/p>\n\n\n\n<p>\u201cMr Base\u201d aspira a lograr un lugar en la competencia. Para votarlo hay que ingresar a:\u00a0<a rel=\"noreferrer noopener\" href=\"https:\/\/www.redbull.com\/ar-es\/vota-a-tu-mc-favorito\" target=\"_blank\">https:\/\/www.redbull.com\/ar-es\/vota-a-tu-mc-favorito<\/a><\/p>\n","protected":false},"excerpt":{"rendered":"<p>Desde el \u00e1rea de Juventud del Municipio iniciaron una campa\u00f1a para que los mercedinos conozcan y voten e Mr. Base, un rapero mercedino que est\u00e1 compitiendo para llegar a la batalla de gallos patrocinada por una bebida energ\u00e9tica. <\/p>\n","protected":false},"author":1,"featured_media":150962,"comment_status":"closed","ping_status":"open","sticky":false,"template":"","format":"standard","meta":{"_monsterinsights_skip_tracking":false,"_monsterinsights_sitenote_active":false,"_monsterinsights_sitenote_note":"","_monsterinsights_sitenote_category":0,"jetpack_post_was_ever_published":false,"_jetpack_newsletter_access":"","_jetpack_dont_email_post_to_subs":false,"_jetpack_newsletter_tier_id":0,"_jetpack_memberships_contains_paywalled_content":false,"_jetpack_memberships_contains_paid_content":false,"footnotes":"","jetpack_publicize_message":"","jetpack_publicize_feature_enabled":true,"jetpack_social_post_already_shared":true,"jetpack_social_options":{"image_generator_settings":{"template":"highway","default_image_id":0,"font":"","enabled":false},"version":2},"_wpas_customize_per_network":false},"categories":[30],"tags":[7805,244],"class_list":["post-150960","post","type-post","status-publish","format-standard","has-post-thumbnail","hentry","category-municipio","tag-cultura","tag-municipio-2","generate-columns","tablet-grid-50","mobile-grid-100","grid-parent","grid-50"],"jetpack_publicize_connections":[],"jetpack_featured_media_url":"https:\/\/www.hoymercedes.com.ar\/principal\/wp-content\/uploads\/2022\/07\/2022-07-20-4.png","wps_subtitle":"","jetpack_sharing_enabled":true,"_links":{"self":[{"href":"https:\/\/www.hoymercedes.com.ar\/principal\/wp-json\/wp\/v2\/posts\/150960","targetHints":{"allow":["GET"]}}],"collection":[{"href":"https:\/\/www.hoymercedes.com.ar\/principal\/wp-json\/wp\/v2\/posts"}],"about":[{"href":"https:\/\/www.hoymercedes.com.ar\/principal\/wp-json\/wp\/v2\/types\/post"}],"author":[{"embeddable":true,"href":"https:\/\/www.hoymercedes.com.ar\/principal\/wp-json\/wp\/v2\/users\/1"}],"replies":[{"embeddable":true,"href":"https:\/\/www.hoymercedes.com.ar\/principal\/wp-json\/wp\/v2\/comments?post=150960"}],"version-history":[{"count":0,"href":"https:\/\/www.hoymercedes.com.ar\/principal\/wp-json\/wp\/v2\/posts\/150960\/revisions"}],"wp:featuredmedia":[{"embeddable":true,"href":"https:\/\/www.hoymercedes.com.ar\/principal\/wp-json\/wp\/v2\/media\/150962"}],"wp:attachment":[{"href":"https:\/\/www.hoymercedes.com.ar\/principal\/wp-json\/wp\/v2\/media?parent=150960"}],"wp:term":[{"taxonomy":"category","embeddable":true,"href":"https:\/\/www.hoymercedes.com.ar\/principal\/wp-json\/wp\/v2\/categories?post=150960"},{"taxonomy":"post_tag","embeddable":true,"href":"https:\/\/www.hoymercedes.com.ar\/principal\/wp-json\/wp\/v2\/tags?post=150960"}],"curies":[{"name":"wp","href":"https:\/\/api.w.org\/{rel}","templated":true}]}}