{"id":151002,"date":"2022-07-20T23:56:00","date_gmt":"2022-07-21T02:56:00","guid":{"rendered":"https:\/\/www.hoymercedes.com.ar\/principal\/?p=151002"},"modified":"2022-07-20T23:06:03","modified_gmt":"2022-07-21T02:06:03","slug":"estreno-de-elvis-en-el-cine-mercedes","status":"publish","type":"post","link":"https:\/\/www.hoymercedes.com.ar\/principal\/2022\/07\/20\/estreno-de-elvis-en-el-cine-mercedes\/","title":{"rendered":"Estreno de Elvis en el Cine Mercedes"},"content":{"rendered":"\n<p>Desde el jueves 21 al mi\u00e9rcoles 27 de julio, el Cine Mercedes presentar\u00e1 tres pel\u00edculas: La Gallina Turuleca, Minions: Nace un Villano y Elvis. Previo a la funci\u00f3n del viernes de \u00abElvis\u00bb, actuar\u00e1 en vivo el grupo mercedino Tren Misterioso. El espect\u00e1culo est\u00e1 previsto para la hora 20, ya que 45 minutos despu\u00e9s comenzar\u00e1 la pel\u00edcula. <\/p>\n\n\n<div class=\"wp-block-image\">\n<figure class=\"aligncenter size-full\"><img loading=\"lazy\" decoding=\"async\" width=\"599\" height=\"800\" data-attachment-id=\"150998\" data-permalink=\"https:\/\/www.hoymercedes.com.ar\/principal\/2022\/07\/21\/farmacias-de-turno-del-jueves-21-de-julio\/gacetilla-cine-mercedes-58\/#main\" data-orig-file=\"https:\/\/www.hoymercedes.com.ar\/principal\/wp-content\/uploads\/2022\/07\/Gacetilla-Cine-Mercedes-58.jpg\" data-orig-size=\"599,800\" data-comments-opened=\"0\" data-image-meta=\"{&quot;aperture&quot;:&quot;0&quot;,&quot;credit&quot;:&quot;&quot;,&quot;camera&quot;:&quot;&quot;,&quot;caption&quot;:&quot;&quot;,&quot;created_timestamp&quot;:&quot;0&quot;,&quot;copyright&quot;:&quot;&quot;,&quot;focal_length&quot;:&quot;0&quot;,&quot;iso&quot;:&quot;0&quot;,&quot;shutter_speed&quot;:&quot;0&quot;,&quot;title&quot;:&quot;&quot;,&quot;orientation&quot;:&quot;1&quot;}\" data-image-title=\"Gacetilla Cine Mercedes (58)\" data-image-description=\"\" data-image-caption=\"\" data-large-file=\"https:\/\/www.hoymercedes.com.ar\/principal\/wp-content\/uploads\/2022\/07\/Gacetilla-Cine-Mercedes-58.jpg\" src=\"https:\/\/www.hoymercedes.com.ar\/principal\/wp-content\/uploads\/2022\/07\/Gacetilla-Cine-Mercedes-58.jpg\" alt=\"\" class=\"wp-image-150998\" srcset=\"https:\/\/www.hoymercedes.com.ar\/principal\/wp-content\/uploads\/2022\/07\/Gacetilla-Cine-Mercedes-58.jpg 599w, https:\/\/www.hoymercedes.com.ar\/principal\/wp-content\/uploads\/2022\/07\/Gacetilla-Cine-Mercedes-58-464x620.jpg 464w, https:\/\/www.hoymercedes.com.ar\/principal\/wp-content\/uploads\/2022\/07\/Gacetilla-Cine-Mercedes-58-112x150.jpg 112w\" sizes=\"auto, (max-width: 599px) 100vw, 599px\" \/><\/figure>\n<\/div>\n\n\n<p>Sinopsis \u00abLa Gallina Turuleca\u00bb. Es una gallina singular. Su peculiar aspecto desata las burlas del resto del gallinero, hasta que un d\u00eda, Isabel, una exprofesora de m\u00fasica, la lleva a vivir a su granja. All\u00ed, feliz y en armon\u00eda, la gallina descubre su gran talento oculto con la ayuda de Isabel: \u00a1Turuleca no s\u00f3lo puede hablar, sino que canta como jam\u00e1s has o\u00eddo cantar a una gallina!<\/p>\n\n\n\n<p>Sinopsis \u00abMinions\u00bb: Son los a\u00f1os 70 y Gru crece en un barrio residencial, en pleno boom de los peinados cardados y los pantalones de campana. Como fan incondicional de un famoso supergrupo de villanos, &#8216;Los salvajes 6&#8217;, Gru idea un plan para demostrarles que es lo suficientemente malvado como para trabajar con ellos. Por suerte, cuenta con la ayuda de sus fieles seguidores, los Minions, siempre dispuestos a sembrar el caos por donde pasan. Juntos, Kevin, Stuart, Bob, y Otto -un nuevo Minion con aparato en los dientes y desesperado por sentirse aceptado- desplegar\u00e1n su potencial para construir junto a Gru su primera guarida, experimentar con sus primeras armas y llevar a cabo sus primeras misiones.<\/p>\n\n\n\n<p>Sinopsis \u00abElvis\u00bb: La pel\u00edcula explora la vida y la m\u00fasica de Elvis Presley (Butler) a trav\u00e9s del prisma de su relaci\u00f3n con el coronel Tom Parker (Hanks), su enigm\u00e1tico manager. La historia profundiza en la compleja din\u00e1mica que exist\u00eda entre Presley y Parker que abarca m\u00e1s de 20 a\u00f1os, desde el ascenso de Presley a la fama hasta su estrellato sin precedentes, en el contexto de la revoluci\u00f3n cultural y la p\u00e9rdida de la inocencia en Estados Unidos. Y en el centro de ese periplo est\u00e1 Priscilla Presley (Olivia DeJonge), una de las personas m\u00e1s importantes e influyentes en la vida de Elvis.<\/p>\n","protected":false},"excerpt":{"rendered":"<p>Estreno de Elvis en el Cine Mercedes. Previo a la funci\u00f3n del viernes, actuar\u00e1 en vivo el grupo mercedino Tren Misterioso.<br \/>\nPara los m\u00e1s peque\u00f1os se proyecta La Gallina Turuleca y Minions<\/p>\n","protected":false},"author":1,"featured_media":150995,"comment_status":"closed","ping_status":"open","sticky":false,"template":"","format":"standard","meta":{"_monsterinsights_skip_tracking":false,"_monsterinsights_sitenote_active":false,"_monsterinsights_sitenote_note":"","_monsterinsights_sitenote_category":0,"jetpack_post_was_ever_published":false,"_jetpack_newsletter_access":"","_jetpack_dont_email_post_to_subs":false,"_jetpack_newsletter_tier_id":0,"_jetpack_memberships_contains_paywalled_content":false,"_jetpack_memberships_contains_paid_content":false,"footnotes":"","jetpack_publicize_message":"","jetpack_publicize_feature_enabled":true,"jetpack_social_post_already_shared":true,"jetpack_social_options":{"image_generator_settings":{"template":"highway","default_image_id":0,"font":"","enabled":false},"version":2},"_wpas_customize_per_network":false},"categories":[104],"tags":[7805],"class_list":["post-151002","post","type-post","status-publish","format-standard","has-post-thumbnail","hentry","category-cultura","tag-cultura","generate-columns","tablet-grid-50","mobile-grid-100","grid-parent","grid-50"],"jetpack_publicize_connections":[],"jetpack_featured_media_url":"https:\/\/www.hoymercedes.com.ar\/principal\/wp-content\/uploads\/2022\/07\/ELvis.jpg","wps_subtitle":"","jetpack_sharing_enabled":true,"_links":{"self":[{"href":"https:\/\/www.hoymercedes.com.ar\/principal\/wp-json\/wp\/v2\/posts\/151002","targetHints":{"allow":["GET"]}}],"collection":[{"href":"https:\/\/www.hoymercedes.com.ar\/principal\/wp-json\/wp\/v2\/posts"}],"about":[{"href":"https:\/\/www.hoymercedes.com.ar\/principal\/wp-json\/wp\/v2\/types\/post"}],"author":[{"embeddable":true,"href":"https:\/\/www.hoymercedes.com.ar\/principal\/wp-json\/wp\/v2\/users\/1"}],"replies":[{"embeddable":true,"href":"https:\/\/www.hoymercedes.com.ar\/principal\/wp-json\/wp\/v2\/comments?post=151002"}],"version-history":[{"count":0,"href":"https:\/\/www.hoymercedes.com.ar\/principal\/wp-json\/wp\/v2\/posts\/151002\/revisions"}],"wp:featuredmedia":[{"embeddable":true,"href":"https:\/\/www.hoymercedes.com.ar\/principal\/wp-json\/wp\/v2\/media\/150995"}],"wp:attachment":[{"href":"https:\/\/www.hoymercedes.com.ar\/principal\/wp-json\/wp\/v2\/media?parent=151002"}],"wp:term":[{"taxonomy":"category","embeddable":true,"href":"https:\/\/www.hoymercedes.com.ar\/principal\/wp-json\/wp\/v2\/categories?post=151002"},{"taxonomy":"post_tag","embeddable":true,"href":"https:\/\/www.hoymercedes.com.ar\/principal\/wp-json\/wp\/v2\/tags?post=151002"}],"curies":[{"name":"wp","href":"https:\/\/api.w.org\/{rel}","templated":true}]}}