{"id":151010,"date":"2022-07-21T13:50:00","date_gmt":"2022-07-21T16:50:00","guid":{"rendered":"https:\/\/www.hoymercedes.com.ar\/principal\/?p=151010"},"modified":"2022-07-21T00:52:21","modified_gmt":"2022-07-21T03:52:21","slug":"servicios-publicos-realiza-mejoras-en-diversos-puntos-de-la-ciudad","status":"publish","type":"post","link":"https:\/\/www.hoymercedes.com.ar\/principal\/2022\/07\/21\/servicios-publicos-realiza-mejoras-en-diversos-puntos-de-la-ciudad\/","title":{"rendered":"Servicios P\u00fablicos realiza mejoras en diversos puntos de la ciudad"},"content":{"rendered":"\n<figure class=\"wp-block-image size-large\"><img loading=\"lazy\" decoding=\"async\" width=\"1024\" height=\"576\" data-attachment-id=\"151011\" data-permalink=\"https:\/\/www.hoymercedes.com.ar\/principal\/2022\/07\/21\/servicios-publicos-realiza-mejoras-en-diversos-puntos-de-la-ciudad\/attachment\/50\/#main\" data-orig-file=\"https:\/\/www.hoymercedes.com.ar\/principal\/wp-content\/uploads\/2022\/07\/50.jpeg\" data-orig-size=\"1280,720\" data-comments-opened=\"0\" data-image-meta=\"{&quot;aperture&quot;:&quot;0&quot;,&quot;credit&quot;:&quot;&quot;,&quot;camera&quot;:&quot;&quot;,&quot;caption&quot;:&quot;&quot;,&quot;created_timestamp&quot;:&quot;0&quot;,&quot;copyright&quot;:&quot;&quot;,&quot;focal_length&quot;:&quot;0&quot;,&quot;iso&quot;:&quot;0&quot;,&quot;shutter_speed&quot;:&quot;0&quot;,&quot;title&quot;:&quot;&quot;,&quot;orientation&quot;:&quot;0&quot;}\" data-image-title=\"50\" data-image-description=\"\" data-image-caption=\"\" data-large-file=\"https:\/\/www.hoymercedes.com.ar\/principal\/wp-content\/uploads\/2022\/07\/50-1024x576.jpeg\" src=\"https:\/\/www.hoymercedes.com.ar\/principal\/wp-content\/uploads\/2022\/07\/50-1024x576.jpeg\" alt=\"\" class=\"wp-image-151011\" srcset=\"https:\/\/www.hoymercedes.com.ar\/principal\/wp-content\/uploads\/2022\/07\/50-1024x576.jpeg 1024w, https:\/\/www.hoymercedes.com.ar\/principal\/wp-content\/uploads\/2022\/07\/50-630x354.jpeg 630w, https:\/\/www.hoymercedes.com.ar\/principal\/wp-content\/uploads\/2022\/07\/50-150x84.jpeg 150w, https:\/\/www.hoymercedes.com.ar\/principal\/wp-content\/uploads\/2022\/07\/50.jpeg 1280w\" sizes=\"auto, (max-width: 1024px) 100vw, 1024px\" \/><\/figure>\n\n\n\n<p>Desde la Sub secretar\u00eda de servicios p\u00fablicos se vienen efectuando diversas intervenciones en la jerarquizaci\u00f3n del espacio p\u00fablico: ampliaci\u00f3n de calzadas, luminaria led, d\u00e1rsenas para seguridad vial, bacheo e intervenciones en caminos rurales, entre otras acciones, destac\u00f3 Lu\u00eds Ponce, quien aprovech\u00f3 para agradecer \u201cal personal y cooperativas del corral\u00f3n, tanto de Mercedes como Gowland, porque est\u00e1n haciendo un trabajo magnifico, lleno de compromiso, dedicaci\u00f3n y estudiando cada proceso, por eso hemos podido realizar grandes obras, como la 15 de 40 a 42 a otras m\u00e1s peque\u00f1as\u201d manifest\u00f3 el funcionario.<\/p>\n\n\n\n<p>\u201cEstamos reparando los cordones del casco hist\u00f3rico, entoscando, zanjeando y empedrando en barrios, ampliando la avenida 17 para continuar con la luminaria led y bulevares, dando mayor seguridad vial y embellecimiento, cambiando luminarias led en distintos puntos de la ciudad, trabajando en caminos rurales, algo que ha sido remarcado y estamos agradecido por las organizaciones camperas que lo han hecho p\u00fablico\u201d coment\u00f3 Ponce.<\/p>\n\n\n\n<p>M\u00e1s adelante narr\u00f3 que \u201cen avenida 1, para mayor seguridad vial, estamos terminando una d\u00e1rsena para el regador, de esa manera atender\u00e1 el riego de los barrios y no perjudicar\u00e1 una zona muy transitada dado que all\u00ed tenemos una bomba de carga\u201d mencion\u00f3<\/p>\n\n\n\n<figure class=\"wp-block-image size-large\"><img loading=\"lazy\" decoding=\"async\" width=\"1024\" height=\"576\" data-attachment-id=\"151012\" data-permalink=\"https:\/\/www.hoymercedes.com.ar\/principal\/2022\/07\/21\/servicios-publicos-realiza-mejoras-en-diversos-puntos-de-la-ciudad\/39-2\/#main\" data-orig-file=\"https:\/\/www.hoymercedes.com.ar\/principal\/wp-content\/uploads\/2022\/07\/39.jpeg\" data-orig-size=\"1280,720\" data-comments-opened=\"0\" data-image-meta=\"{&quot;aperture&quot;:&quot;0&quot;,&quot;credit&quot;:&quot;&quot;,&quot;camera&quot;:&quot;&quot;,&quot;caption&quot;:&quot;&quot;,&quot;created_timestamp&quot;:&quot;0&quot;,&quot;copyright&quot;:&quot;&quot;,&quot;focal_length&quot;:&quot;0&quot;,&quot;iso&quot;:&quot;0&quot;,&quot;shutter_speed&quot;:&quot;0&quot;,&quot;title&quot;:&quot;&quot;,&quot;orientation&quot;:&quot;0&quot;}\" data-image-title=\"39\" data-image-description=\"\" data-image-caption=\"\" data-large-file=\"https:\/\/www.hoymercedes.com.ar\/principal\/wp-content\/uploads\/2022\/07\/39-1024x576.jpeg\" src=\"https:\/\/www.hoymercedes.com.ar\/principal\/wp-content\/uploads\/2022\/07\/39-1024x576.jpeg\" alt=\"\" class=\"wp-image-151012\" srcset=\"https:\/\/www.hoymercedes.com.ar\/principal\/wp-content\/uploads\/2022\/07\/39-1024x576.jpeg 1024w, https:\/\/www.hoymercedes.com.ar\/principal\/wp-content\/uploads\/2022\/07\/39-630x354.jpeg 630w, https:\/\/www.hoymercedes.com.ar\/principal\/wp-content\/uploads\/2022\/07\/39-150x84.jpeg 150w, https:\/\/www.hoymercedes.com.ar\/principal\/wp-content\/uploads\/2022\/07\/39.jpeg 1280w\" sizes=\"auto, (max-width: 1024px) 100vw, 1024px\" \/><\/figure>\n\n\n\n<p>No olvid\u00f3 que \u201cen barrio El Tri\u00e1ngulo seguimos con la obra fina de red de agua, la ampliaci\u00f3n de pozos, es mucho, cada d\u00eda, por eso nos llena de orgullo el compromiso de los trabajadores, de los talleristas, los cooperativistas, todos tiran para un mismo lado y eso sin duda redunda en beneficio para nuestros vecinos y vecinas\u201d destac\u00f3.<\/p>\n\n\n\n<p>Info: Redes\/Municipio<\/p>\n","protected":false},"excerpt":{"rendered":"<p>Desde la Sub secretar\u00eda de servicios p\u00fablicos se vienen efectuando diversas intervenciones en la jerarquizaci\u00f3n del espacio p\u00fablico: ampliaci\u00f3n de &#8230; <a title=\"Servicios P\u00fablicos realiza mejoras en diversos puntos de la ciudad\" class=\"read-more\" href=\"https:\/\/www.hoymercedes.com.ar\/principal\/2022\/07\/21\/servicios-publicos-realiza-mejoras-en-diversos-puntos-de-la-ciudad\/\" aria-label=\"Leer m\u00e1s sobre Servicios P\u00fablicos realiza mejoras en diversos puntos de la ciudad\">Leer m\u00e1s<\/a><\/p>\n","protected":false},"author":1,"featured_media":151011,"comment_status":"closed","ping_status":"open","sticky":false,"template":"","format":"standard","meta":{"_monsterinsights_skip_tracking":false,"_monsterinsights_sitenote_active":false,"_monsterinsights_sitenote_note":"","_monsterinsights_sitenote_category":0,"jetpack_post_was_ever_published":false,"_jetpack_newsletter_access":"","_jetpack_dont_email_post_to_subs":false,"_jetpack_newsletter_tier_id":0,"_jetpack_memberships_contains_paywalled_content":false,"_jetpack_memberships_contains_paid_content":false,"footnotes":"","jetpack_publicize_message":"","jetpack_publicize_feature_enabled":true,"jetpack_social_post_already_shared":true,"jetpack_social_options":{"image_generator_settings":{"template":"highway","default_image_id":0,"font":"","enabled":false},"version":2},"_wpas_customize_per_network":false},"categories":[30],"tags":[16188,225,8628],"class_list":["post-151010","post","type-post","status-publish","format-standard","has-post-thumbnail","hentry","category-municipio","tag-luis-ponce","tag-obras-mercedes","tag-servicios-publicos","generate-columns","tablet-grid-50","mobile-grid-100","grid-parent","grid-50"],"jetpack_publicize_connections":[],"jetpack_featured_media_url":"https:\/\/www.hoymercedes.com.ar\/principal\/wp-content\/uploads\/2022\/07\/50.jpeg","wps_subtitle":"Infraestructura ","jetpack_sharing_enabled":true,"_links":{"self":[{"href":"https:\/\/www.hoymercedes.com.ar\/principal\/wp-json\/wp\/v2\/posts\/151010","targetHints":{"allow":["GET"]}}],"collection":[{"href":"https:\/\/www.hoymercedes.com.ar\/principal\/wp-json\/wp\/v2\/posts"}],"about":[{"href":"https:\/\/www.hoymercedes.com.ar\/principal\/wp-json\/wp\/v2\/types\/post"}],"author":[{"embeddable":true,"href":"https:\/\/www.hoymercedes.com.ar\/principal\/wp-json\/wp\/v2\/users\/1"}],"replies":[{"embeddable":true,"href":"https:\/\/www.hoymercedes.com.ar\/principal\/wp-json\/wp\/v2\/comments?post=151010"}],"version-history":[{"count":0,"href":"https:\/\/www.hoymercedes.com.ar\/principal\/wp-json\/wp\/v2\/posts\/151010\/revisions"}],"wp:featuredmedia":[{"embeddable":true,"href":"https:\/\/www.hoymercedes.com.ar\/principal\/wp-json\/wp\/v2\/media\/151011"}],"wp:attachment":[{"href":"https:\/\/www.hoymercedes.com.ar\/principal\/wp-json\/wp\/v2\/media?parent=151010"}],"wp:term":[{"taxonomy":"category","embeddable":true,"href":"https:\/\/www.hoymercedes.com.ar\/principal\/wp-json\/wp\/v2\/categories?post=151010"},{"taxonomy":"post_tag","embeddable":true,"href":"https:\/\/www.hoymercedes.com.ar\/principal\/wp-json\/wp\/v2\/tags?post=151010"}],"curies":[{"name":"wp","href":"https:\/\/api.w.org\/{rel}","templated":true}]}}