{"id":151038,"date":"2022-07-21T19:26:58","date_gmt":"2022-07-21T22:26:58","guid":{"rendered":"https:\/\/www.hoymercedes.com.ar\/principal\/?p=151038"},"modified":"2022-07-21T19:27:02","modified_gmt":"2022-07-21T22:27:02","slug":"choque-en-cadena-en-ruta-nacional-no5","status":"publish","type":"post","link":"https:\/\/www.hoymercedes.com.ar\/principal\/2022\/07\/21\/choque-en-cadena-en-ruta-nacional-no5\/","title":{"rendered":"Choque en cadena en Ruta Nacional N\u00ba5"},"content":{"rendered":"\n<p>Se produjo un <strong>siniestro vial<\/strong> altura \u201cLa picada\u201d en <strong>Ruta Nacional N\u00ba5<\/strong> involucrando a <strong>4 veh\u00edculos<\/strong>. No se lamentaron v\u00edctimas. Si un susto enorme y heridas leves para uno de los ocupantes que fue socorrido por el equipo del <strong>SAME Mercedes. \u00a0<\/strong><\/p>\n\n\n\n<p>Alrededor de las 16.15hs se produjo la alerta a la Polic\u00eda que tambi\u00e9n acudi\u00f3 a la zona.<\/p>\n\n\n\n<p>Estuvieron involucrados un Toyota Corolla, un Chevrolet Crouse y un VW Gol en lo que fue un choque en cadena que tuvo como cuarto protagonista un cami\u00f3n Iveco.<\/p>\n\n\n\n<p>Se supo que s\u00f3lo una mujer debi\u00f3 ser atendida y result\u00f3 ser socorrida por el <strong>SAME<\/strong> y trasladada al <strong>Hospital Dubarry<\/strong>, pero con lesiones leves.<\/p>\n","protected":false},"excerpt":{"rendered":"<p>Se produjo un siniestro vial altura \u201cLa picada\u201d en Ruta Nacional N\u00ba5 involucrando a 4 veh\u00edculos. No se lamentaron v\u00edctimas. &#8230; <a title=\"Choque en cadena en Ruta Nacional N\u00ba5\" class=\"read-more\" href=\"https:\/\/www.hoymercedes.com.ar\/principal\/2022\/07\/21\/choque-en-cadena-en-ruta-nacional-no5\/\" aria-label=\"Leer m\u00e1s sobre Choque en cadena en Ruta Nacional N\u00ba5\">Leer m\u00e1s<\/a><\/p>\n","protected":false},"author":1,"featured_media":118857,"comment_status":"closed","ping_status":"open","sticky":false,"template":"","format":"standard","meta":{"_monsterinsights_skip_tracking":false,"_monsterinsights_sitenote_active":false,"_monsterinsights_sitenote_note":"","_monsterinsights_sitenote_category":0,"jetpack_post_was_ever_published":false,"_jetpack_newsletter_access":"","_jetpack_dont_email_post_to_subs":false,"_jetpack_newsletter_tier_id":0,"_jetpack_memberships_contains_paywalled_content":false,"_jetpack_memberships_contains_paid_content":false,"footnotes":"","jetpack_publicize_message":"","jetpack_publicize_feature_enabled":true,"jetpack_social_post_already_shared":true,"jetpack_social_options":{"image_generator_settings":{"template":"highway","default_image_id":0,"font":"","enabled":false},"version":2},"_wpas_customize_per_network":false},"categories":[8],"tags":[538,10395],"class_list":["post-151038","post","type-post","status-publish","format-standard","has-post-thumbnail","hentry","category-sociedad","tag-ruta-5","tag-siniestro-vial","generate-columns","tablet-grid-50","mobile-grid-100","grid-parent","grid-50"],"jetpack_publicize_connections":[],"jetpack_featured_media_url":"https:\/\/www.hoymercedes.com.ar\/principal\/wp-content\/uploads\/2020\/10\/21-policia-bragado.jpg","wps_subtitle":"Peligro constante ","jetpack_sharing_enabled":true,"_links":{"self":[{"href":"https:\/\/www.hoymercedes.com.ar\/principal\/wp-json\/wp\/v2\/posts\/151038","targetHints":{"allow":["GET"]}}],"collection":[{"href":"https:\/\/www.hoymercedes.com.ar\/principal\/wp-json\/wp\/v2\/posts"}],"about":[{"href":"https:\/\/www.hoymercedes.com.ar\/principal\/wp-json\/wp\/v2\/types\/post"}],"author":[{"embeddable":true,"href":"https:\/\/www.hoymercedes.com.ar\/principal\/wp-json\/wp\/v2\/users\/1"}],"replies":[{"embeddable":true,"href":"https:\/\/www.hoymercedes.com.ar\/principal\/wp-json\/wp\/v2\/comments?post=151038"}],"version-history":[{"count":0,"href":"https:\/\/www.hoymercedes.com.ar\/principal\/wp-json\/wp\/v2\/posts\/151038\/revisions"}],"wp:featuredmedia":[{"embeddable":true,"href":"https:\/\/www.hoymercedes.com.ar\/principal\/wp-json\/wp\/v2\/media\/118857"}],"wp:attachment":[{"href":"https:\/\/www.hoymercedes.com.ar\/principal\/wp-json\/wp\/v2\/media?parent=151038"}],"wp:term":[{"taxonomy":"category","embeddable":true,"href":"https:\/\/www.hoymercedes.com.ar\/principal\/wp-json\/wp\/v2\/categories?post=151038"},{"taxonomy":"post_tag","embeddable":true,"href":"https:\/\/www.hoymercedes.com.ar\/principal\/wp-json\/wp\/v2\/tags?post=151038"}],"curies":[{"name":"wp","href":"https:\/\/api.w.org\/{rel}","templated":true}]}}