{"id":151041,"date":"2022-07-21T21:48:01","date_gmt":"2022-07-22T00:48:01","guid":{"rendered":"https:\/\/www.hoymercedes.com.ar\/principal\/?p=151041"},"modified":"2022-07-21T21:48:07","modified_gmt":"2022-07-22T00:48:07","slug":"se-entrego-en-mercedes-uno-de-los-hinchas-de-alem-que-era-buscado","status":"publish","type":"post","link":"https:\/\/www.hoymercedes.com.ar\/principal\/2022\/07\/21\/se-entrego-en-mercedes-uno-de-los-hinchas-de-alem-que-era-buscado\/","title":{"rendered":"Se entreg\u00f3 en Mercedes uno de los hinchas de Al\u00e9m que era buscado"},"content":{"rendered":"\n<figure class=\"wp-block-image size-full is-resized\"><img loading=\"lazy\" decoding=\"async\" data-attachment-id=\"151042\" data-permalink=\"https:\/\/www.hoymercedes.com.ar\/principal\/2022\/07\/21\/se-entrego-en-mercedes-uno-de-los-hinchas-de-alem-que-era-buscado\/detenido-lujanalem\/#main\" data-orig-file=\"https:\/\/www.hoymercedes.com.ar\/principal\/wp-content\/uploads\/2022\/07\/Detenido-LujanAlem.jpg\" data-orig-size=\"541,393\" data-comments-opened=\"0\" data-image-meta=\"{&quot;aperture&quot;:&quot;0&quot;,&quot;credit&quot;:&quot;&quot;,&quot;camera&quot;:&quot;&quot;,&quot;caption&quot;:&quot;&quot;,&quot;created_timestamp&quot;:&quot;0&quot;,&quot;copyright&quot;:&quot;&quot;,&quot;focal_length&quot;:&quot;0&quot;,&quot;iso&quot;:&quot;0&quot;,&quot;shutter_speed&quot;:&quot;0&quot;,&quot;title&quot;:&quot;&quot;,&quot;orientation&quot;:&quot;0&quot;}\" data-image-title=\"Detenido-LujanAlem\" data-image-description=\"\" data-image-caption=\"\" data-large-file=\"https:\/\/www.hoymercedes.com.ar\/principal\/wp-content\/uploads\/2022\/07\/Detenido-LujanAlem.jpg\" src=\"https:\/\/www.hoymercedes.com.ar\/principal\/wp-content\/uploads\/2022\/07\/Detenido-LujanAlem.jpg\" alt=\"\" class=\"wp-image-151042\" width=\"959\" height=\"697\" srcset=\"https:\/\/www.hoymercedes.com.ar\/principal\/wp-content\/uploads\/2022\/07\/Detenido-LujanAlem.jpg 541w, https:\/\/www.hoymercedes.com.ar\/principal\/wp-content\/uploads\/2022\/07\/Detenido-LujanAlem-150x109.jpg 150w\" sizes=\"auto, (max-width: 959px) 100vw, 959px\" \/><\/figure>\n\n\n\n<p>En la Fiscal\u00eda N\u00ba1 de Delitos Complejos de nuestra ciudad se entreg\u00f3 uno de los hinchas de Al\u00e9m que era buscado por los hechos vividos d\u00edas atr\u00e1s en el partido entre Al\u00e9m y Luj\u00e1n donde hubo gran cantidad de heridos y un joven de 18 a\u00f1os muerto.<\/p>\n\n\n\n<p>Son cinco los buscados. Se dicen que incluso alguno podr\u00eda haber salido del pa\u00eds.<\/p>\n\n\n\n<p>En esta ocasi\u00f3n la DDI Luj\u00e1n se atribuy\u00f3 la detenci\u00f3n. Se trata de Facundo Serrando quien estuvo supuestamente en los disparos que se vivieron en el cl\u00e1sico que deriv\u00f3 en una gran cantidad de heridos y la muerte de Joaqu\u00edn, de 18 a\u00f1os de edad, sobre qui\u00e9n ya se han realizado marchas en reclamo de justicia.<\/p>\n\n\n\n<p>Serrano tiene 28 a\u00f1os de edad y qued\u00f3 detenido para ser indagado este viernes. Todos los pr\u00f3fugos tienen domicilio en General Rodr\u00edguez.<\/p>\n\n\n\n<p>El detenido est\u00e1 acusado por \u201clesiones graves por ser cometidas con arma de fuego en el marco de un espect\u00e1culo deportivo, resistencia a la autoridad y encubrimiento calificado por la gravedad del hecho precedente todo en concurso real\u201d<\/p>\n","protected":false},"excerpt":{"rendered":"<p>En la Fiscal\u00eda N\u00ba1 de Delitos Complejos de nuestra ciudad se entreg\u00f3 uno de los hinchas de Al\u00e9m que era &#8230; <a title=\"Se entreg\u00f3 en Mercedes uno de los hinchas de Al\u00e9m que era buscado\" class=\"read-more\" href=\"https:\/\/www.hoymercedes.com.ar\/principal\/2022\/07\/21\/se-entrego-en-mercedes-uno-de-los-hinchas-de-alem-que-era-buscado\/\" aria-label=\"Leer m\u00e1s sobre Se entreg\u00f3 en Mercedes uno de los hinchas de Al\u00e9m que era buscado\">Leer m\u00e1s<\/a><\/p>\n","protected":false},"author":1,"featured_media":151042,"comment_status":"closed","ping_status":"open","sticky":false,"template":"","format":"standard","meta":{"_monsterinsights_skip_tracking":false,"_monsterinsights_sitenote_active":false,"_monsterinsights_sitenote_note":"","_monsterinsights_sitenote_category":0,"jetpack_post_was_ever_published":false,"_jetpack_newsletter_access":"","_jetpack_dont_email_post_to_subs":false,"_jetpack_newsletter_tier_id":0,"_jetpack_memberships_contains_paywalled_content":false,"_jetpack_memberships_contains_paid_content":false,"footnotes":"","jetpack_publicize_message":"","jetpack_publicize_feature_enabled":true,"jetpack_social_post_already_shared":true,"jetpack_social_options":{"image_generator_settings":{"template":"highway","default_image_id":0,"font":"","enabled":false},"version":2},"_wpas_customize_per_network":false},"categories":[85],"tags":[18418],"class_list":["post-151041","post","type-post","status-publish","format-standard","has-post-thumbnail","hentry","category-policial","tag-pelea-alem-vs-lujan","generate-columns","tablet-grid-50","mobile-grid-100","grid-parent","grid-50"],"jetpack_publicize_connections":[],"jetpack_featured_media_url":"https:\/\/www.hoymercedes.com.ar\/principal\/wp-content\/uploads\/2022\/07\/Detenido-LujanAlem.jpg","wps_subtitle":"Violencia en el deporte","jetpack_sharing_enabled":true,"_links":{"self":[{"href":"https:\/\/www.hoymercedes.com.ar\/principal\/wp-json\/wp\/v2\/posts\/151041","targetHints":{"allow":["GET"]}}],"collection":[{"href":"https:\/\/www.hoymercedes.com.ar\/principal\/wp-json\/wp\/v2\/posts"}],"about":[{"href":"https:\/\/www.hoymercedes.com.ar\/principal\/wp-json\/wp\/v2\/types\/post"}],"author":[{"embeddable":true,"href":"https:\/\/www.hoymercedes.com.ar\/principal\/wp-json\/wp\/v2\/users\/1"}],"replies":[{"embeddable":true,"href":"https:\/\/www.hoymercedes.com.ar\/principal\/wp-json\/wp\/v2\/comments?post=151041"}],"version-history":[{"count":0,"href":"https:\/\/www.hoymercedes.com.ar\/principal\/wp-json\/wp\/v2\/posts\/151041\/revisions"}],"wp:featuredmedia":[{"embeddable":true,"href":"https:\/\/www.hoymercedes.com.ar\/principal\/wp-json\/wp\/v2\/media\/151042"}],"wp:attachment":[{"href":"https:\/\/www.hoymercedes.com.ar\/principal\/wp-json\/wp\/v2\/media?parent=151041"}],"wp:term":[{"taxonomy":"category","embeddable":true,"href":"https:\/\/www.hoymercedes.com.ar\/principal\/wp-json\/wp\/v2\/categories?post=151041"},{"taxonomy":"post_tag","embeddable":true,"href":"https:\/\/www.hoymercedes.com.ar\/principal\/wp-json\/wp\/v2\/tags?post=151041"}],"curies":[{"name":"wp","href":"https:\/\/api.w.org\/{rel}","templated":true}]}}