{"id":151175,"date":"2022-07-25T23:55:04","date_gmt":"2022-07-26T02:55:04","guid":{"rendered":"https:\/\/www.hoymercedes.com.ar\/principal\/?p=151175"},"modified":"2022-07-25T23:55:08","modified_gmt":"2022-07-26T02:55:08","slug":"choque-en-ruta-5-entre-auto-y-camion","status":"publish","type":"post","link":"https:\/\/www.hoymercedes.com.ar\/principal\/2022\/07\/25\/choque-en-ruta-5-entre-auto-y-camion\/","title":{"rendered":"Choque en ruta 5 entre auto y cami\u00f3n"},"content":{"rendered":"\n<p>En la tarde de este lunes se produjo una violenta colisi\u00f3n vehicular sobre el trazado de la ruta nacional 5 en jurisdicci\u00f3n del partido de Suipacha.<\/p>\n\n\n<div class=\"wp-block-image\">\n<figure class=\"aligncenter size-full\"><img loading=\"lazy\" decoding=\"async\" width=\"800\" height=\"533\" data-attachment-id=\"151176\" data-permalink=\"https:\/\/www.hoymercedes.com.ar\/principal\/2022\/07\/25\/choque-en-ruta-5-entre-auto-y-camion\/img_20220724_222231241_copy_800x533\/#main\" data-orig-file=\"https:\/\/www.hoymercedes.com.ar\/principal\/wp-content\/uploads\/2022\/07\/IMG_20220724_222231241_copy_800x533.jpg\" data-orig-size=\"800,533\" data-comments-opened=\"0\" data-image-meta=\"{&quot;aperture&quot;:&quot;0&quot;,&quot;credit&quot;:&quot;&quot;,&quot;camera&quot;:&quot;&quot;,&quot;caption&quot;:&quot;&quot;,&quot;created_timestamp&quot;:&quot;0&quot;,&quot;copyright&quot;:&quot;&quot;,&quot;focal_length&quot;:&quot;0&quot;,&quot;iso&quot;:&quot;0&quot;,&quot;shutter_speed&quot;:&quot;0&quot;,&quot;title&quot;:&quot;&quot;,&quot;orientation&quot;:&quot;0&quot;}\" data-image-title=\"IMG_20220724_222231241_copy_800x533\" data-image-description=\"\" data-image-caption=\"\" data-large-file=\"https:\/\/www.hoymercedes.com.ar\/principal\/wp-content\/uploads\/2022\/07\/IMG_20220724_222231241_copy_800x533.jpg\" src=\"https:\/\/www.hoymercedes.com.ar\/principal\/wp-content\/uploads\/2022\/07\/IMG_20220724_222231241_copy_800x533.jpg\" alt=\"\" class=\"wp-image-151176\" srcset=\"https:\/\/www.hoymercedes.com.ar\/principal\/wp-content\/uploads\/2022\/07\/IMG_20220724_222231241_copy_800x533.jpg 800w, https:\/\/www.hoymercedes.com.ar\/principal\/wp-content\/uploads\/2022\/07\/IMG_20220724_222231241_copy_800x533-630x420.jpg 630w, https:\/\/www.hoymercedes.com.ar\/principal\/wp-content\/uploads\/2022\/07\/IMG_20220724_222231241_copy_800x533-150x100.jpg 150w, https:\/\/www.hoymercedes.com.ar\/principal\/wp-content\/uploads\/2022\/07\/IMG_20220724_222231241_copy_800x533-700x465.jpg 700w\" sizes=\"auto, (max-width: 800px) 100vw, 800px\" \/><\/figure>\n<\/div>\n\n\n<p>El siniestro ocurri\u00f3 a la altura del kil\u00f3metro 118,500, cuando un autom\u00f3vil Renault Logan, color blanco dominio AE904WG que circulaba en sentido Suipacha- Mercedes, conducido por Maria de los Angeles Gomez,de 52 a\u00f1os , quien viajaba acompa\u00f1ada sus hijos , un menor de 14 a\u00f1os y una menor de 17 a\u00f1os ,todos domiciliados en Capital Federal, por razones que se desconocen invadi\u00f3 la mano de circulaci\u00f3n contraria, es decir de Mercedes hacia Suipacha, por donde circulaba un cami\u00f3n Mercedes Benz, con semirremolque , color amarillo ,cargado con garrafas vacias de la firma Amarilla Gas, dominio AE025GP , conducido por el chivilcoyano Victor Manuel Diaz ,de 40 a\u00f1os.<\/p>\n\n\n\n<p>Luego de la violenta colisi\u00f3n con el cami\u00f3n, el autom\u00f3vil se despisto hacia la mano contraria, ingresando a la banquina, donde impacto con la estructura de una alcantarilla en construcci\u00f3n de la futura autov\u00eda Suipacha-Mercedes.<\/p>\n\n\n\n<p>Afortunadamente a pesar de la magnitud del sinestro, si bien los ocupantes del autom\u00f3vil debieron ser rescatados del interior del habit\u00e1culo por personal de bomberos y trasladados al Hospital Esteban Iribarne de Suipacha por ambulancias del SAME de dicha localidad, los mismos resultaron ilesos, al igual que el chofer del cami\u00f3n.<\/p>\n\n\n\n<p>El autom\u00f3vil viajaba desde la Provincia de La Pampa hacia Capital Federal en tanto el cami\u00f3n lo hac\u00eda desde Capital Federal hacia Chivilcoy.<\/p>\n\n\n\n<p>El tr\u00e1nsito de la ruta, estuvo interrumpido mientras se realizaban las tareas de rescate, pericias y remoci\u00f3n de los veh\u00edculos.<\/p>\n\n\n\n<p>Intervinieron dotaciones de Bomberos Voluntarios, Polic\u00eda Comunal, CPR, ambulancias del Same de Suipacha, personal de Polic\u00eda Vial , Polic\u00eda Cient\u00edfica Mercedes y personal del concesionario vial Corredores Viales .<\/p>\n\n\n\n<p>colaboraci\u00f3n Jorge Lasala de Suipacha <\/p>\n","protected":false},"excerpt":{"rendered":"<p>En la tarde de este lunes se produjo una violenta colisi\u00f3n vehicular sobre el trazado de la ruta nacional 5 <\/p>\n","protected":false},"author":1,"featured_media":151176,"comment_status":"closed","ping_status":"open","sticky":false,"template":"","format":"standard","meta":{"_monsterinsights_skip_tracking":false,"_monsterinsights_sitenote_active":false,"_monsterinsights_sitenote_note":"","_monsterinsights_sitenote_category":0,"jetpack_post_was_ever_published":false,"_jetpack_newsletter_access":"","_jetpack_dont_email_post_to_subs":false,"_jetpack_newsletter_tier_id":0,"_jetpack_memberships_contains_paywalled_content":false,"_jetpack_memberships_contains_paid_content":false,"footnotes":"","jetpack_publicize_message":"","jetpack_publicize_feature_enabled":true,"jetpack_social_post_already_shared":true,"jetpack_social_options":{"image_generator_settings":{"template":"highway","default_image_id":0,"font":"","enabled":false},"version":2},"_wpas_customize_per_network":false},"categories":[85],"tags":[],"class_list":["post-151175","post","type-post","status-publish","format-standard","has-post-thumbnail","hentry","category-policial","generate-columns","tablet-grid-50","mobile-grid-100","grid-parent","grid-50"],"jetpack_publicize_connections":[],"jetpack_featured_media_url":"https:\/\/www.hoymercedes.com.ar\/principal\/wp-content\/uploads\/2022\/07\/IMG_20220724_222231241_copy_800x533.jpg","wps_subtitle":"","jetpack_sharing_enabled":true,"_links":{"self":[{"href":"https:\/\/www.hoymercedes.com.ar\/principal\/wp-json\/wp\/v2\/posts\/151175","targetHints":{"allow":["GET"]}}],"collection":[{"href":"https:\/\/www.hoymercedes.com.ar\/principal\/wp-json\/wp\/v2\/posts"}],"about":[{"href":"https:\/\/www.hoymercedes.com.ar\/principal\/wp-json\/wp\/v2\/types\/post"}],"author":[{"embeddable":true,"href":"https:\/\/www.hoymercedes.com.ar\/principal\/wp-json\/wp\/v2\/users\/1"}],"replies":[{"embeddable":true,"href":"https:\/\/www.hoymercedes.com.ar\/principal\/wp-json\/wp\/v2\/comments?post=151175"}],"version-history":[{"count":0,"href":"https:\/\/www.hoymercedes.com.ar\/principal\/wp-json\/wp\/v2\/posts\/151175\/revisions"}],"wp:featuredmedia":[{"embeddable":true,"href":"https:\/\/www.hoymercedes.com.ar\/principal\/wp-json\/wp\/v2\/media\/151176"}],"wp:attachment":[{"href":"https:\/\/www.hoymercedes.com.ar\/principal\/wp-json\/wp\/v2\/media?parent=151175"}],"wp:term":[{"taxonomy":"category","embeddable":true,"href":"https:\/\/www.hoymercedes.com.ar\/principal\/wp-json\/wp\/v2\/categories?post=151175"},{"taxonomy":"post_tag","embeddable":true,"href":"https:\/\/www.hoymercedes.com.ar\/principal\/wp-json\/wp\/v2\/tags?post=151175"}],"curies":[{"name":"wp","href":"https:\/\/api.w.org\/{rel}","templated":true}]}}