{"id":151231,"date":"2022-07-26T20:35:40","date_gmt":"2022-07-26T23:35:40","guid":{"rendered":"https:\/\/www.hoymercedes.com.ar\/principal\/?p=151231"},"modified":"2022-07-26T20:35:44","modified_gmt":"2022-07-26T23:35:44","slug":"mariana-san-martin-evita-marco-una-bisagra-cuyas-transformaciones-continuan","status":"publish","type":"post","link":"https:\/\/www.hoymercedes.com.ar\/principal\/2022\/07\/26\/mariana-san-martin-evita-marco-una-bisagra-cuyas-transformaciones-continuan\/","title":{"rendered":"Mariana San Mart\u00edn: \u201cEvita marc\u00f3 una bisagra cuyas transformaciones contin\u00faan\u201d"},"content":{"rendered":"\n<figure class=\"wp-block-image size-full is-resized\"><img loading=\"lazy\" decoding=\"async\" data-attachment-id=\"151232\" data-permalink=\"https:\/\/www.hoymercedes.com.ar\/principal\/2022\/07\/26\/mariana-san-martin-evita-marco-una-bisagra-cuyas-transformaciones-continuan\/sja_0504\/#main\" data-orig-file=\"https:\/\/www.hoymercedes.com.ar\/principal\/wp-content\/uploads\/2022\/07\/SJA_0504.jpg\" data-orig-size=\"922,615\" data-comments-opened=\"0\" data-image-meta=\"{&quot;aperture&quot;:&quot;0&quot;,&quot;credit&quot;:&quot;SEBASTIANAMBROSSIO&quot;,&quot;camera&quot;:&quot;&quot;,&quot;caption&quot;:&quot;&quot;,&quot;created_timestamp&quot;:&quot;0&quot;,&quot;copyright&quot;:&quot;SebastianAmbrossio&quot;,&quot;focal_length&quot;:&quot;0&quot;,&quot;iso&quot;:&quot;0&quot;,&quot;shutter_speed&quot;:&quot;0&quot;,&quot;title&quot;:&quot;&quot;,&quot;orientation&quot;:&quot;0&quot;}\" data-image-title=\"SJA_0504\" data-image-description=\"\" data-image-caption=\"\" data-large-file=\"https:\/\/www.hoymercedes.com.ar\/principal\/wp-content\/uploads\/2022\/07\/SJA_0504.jpg\" src=\"https:\/\/www.hoymercedes.com.ar\/principal\/wp-content\/uploads\/2022\/07\/SJA_0504.jpg\" alt=\"\" class=\"wp-image-151232\" width=\"960\" height=\"640\" srcset=\"https:\/\/www.hoymercedes.com.ar\/principal\/wp-content\/uploads\/2022\/07\/SJA_0504.jpg 922w, https:\/\/www.hoymercedes.com.ar\/principal\/wp-content\/uploads\/2022\/07\/SJA_0504-630x420.jpg 630w, https:\/\/www.hoymercedes.com.ar\/principal\/wp-content\/uploads\/2022\/07\/SJA_0504-150x100.jpg 150w\" sizes=\"auto, (max-width: 960px) 100vw, 960px\" \/><\/figure>\n\n\n\n<p>En el 70 aniversario del paso a la inmortalidad de Eva Duarte de Per\u00f3n, varios dirigentes del Partido Justicialista se han manifestado. Entre ellos la vicepresidenta, Mariana San Mart\u00edn, quien se expres\u00f3 al respecto desde una mirada hist\u00f3rica, pero tambi\u00e9n desde el presente.<\/p>\n\n\n\n<p>Su exposici\u00f3n fue la siguiente:<\/p>\n\n\n\n<p>Su legado es historia, presente y futuro. Su irrupci\u00f3n en la vida pol\u00edtica argentina marc\u00f3 una bisagra cuyas transformaciones contin\u00faan profundiz\u00e1ndose. Evita fue una mujer distinta, un talento \u00fanico y genuino, cuyo paradigma tiene alcance universal. Fue vanguardista y revolucionaria, incorpor\u00f3 la pasi\u00f3n y el sacrificio como valores pol\u00edticos, y adem\u00e1s interpret\u00f3 mejor que nadie aquella verdad peronista: \u201cEn esta tierra lo mejor que tenemos es el pueblo\u201d. En apenas siete a\u00f1os sac\u00f3 a millones de argentinos de la pobreza brind\u00e1ndoles dignidad e igualdad de condiciones; llev\u00f3 alegr\u00eda a cientos de miles de ni\u00f1os y ancianos, engrandeci\u00f3 a las mujeres y dio amparo con especial af\u00e1n a todos los trabajadores en una Patria liberada.<\/p>\n\n\n\n<p>Su legado sigue vigente y se proyect\u00f3 aun en estos tiempos. Vuelve y es millones durante los gobiernos de N\u00c9STOR y Cristina, porque es posible pensar que est\u00e1 presente mediante la Asignaci\u00f3n Universal por Hijo, la creaci\u00f3n de cinco millones de puestos de empleo, en los nietos recuperados, en la entrega de netbooks , en el 6por ciento del PBI invertido en la educaci\u00f3n, y en el progresivo incremento de los haberes jubilatorios, en la ley de medios, en las paritarias colectivas y en las leyes de igualdad de g\u00e9nero, las que penalizan la trata de personas y la que posibilita el matrimonio igualitario, en la ley de trabajadoras dom\u00e9sticas<\/p>\n\n\n\n<p>En estos \u00faltimos a\u00f1os se hace presente en la tarjeta alimentar, en la ley de cupo travesti trans, &nbsp;en el programa mil d\u00edas que naci\u00f3 en nuestra ciudad y hoy es ley nacional y &nbsp;en la creaci\u00f3n del &nbsp;Ministerio de Mujeres \u2026<\/p>\n\n\n\n<p>Evita es una gu\u00eda permanente para todos aquellos que sentimos y abrazamos con militancia la causa nacional y popular. E incluso para las nuevas generaciones que asumen con vocaci\u00f3n la participaci\u00f3n en el peronismo, y la aceptan como forma de vida; Evita despierta ese indescifrable sentimiento de militar con alegr\u00eda, tal como alguna vez dijo: \u201cSi este pueblo me pidiese la vida se la dar\u00eda cantando, porque la felicidad de un solo descamisado vale m\u00e1s que toda mi vida\u201d.<\/p>\n\n\n\n<p>Su legado se intensifica en el tiempo y sigue siendo el faro que ilumina el camino de mi compromiso pol\u00edtico.<\/p>\n\n\n\n<p>Hoy cuando vemos como tratan de ensuciar la figura de Cristina y la de sus hijos y la de todos los que nos identificamos como kirchneristas, &nbsp;tendr\u00edamos que recordar que a Evita tambi\u00e9n trataron de borrarla de la fas de la tierra.&nbsp;Dinamitaron el lugar donde muri\u00f3 para evitar que se convirtiera en un sitio de culto, prohibieron su foto, su nombre y su vos, abandonaron la construcci\u00f3n del hospital de ni\u00f1os m\u00e1s grande de Am\u00e9rica porque llevar\u00eda su nombre, echaron a los ancianos de los hogares modelo, quemaron hasta las frazadas de la fundaci\u00f3n, destrozaron pulmotores porque ten\u00edan el escudo con su cara, secuestraron e hicieron desaparecer su cuerpo por 16 a\u00f1os. Pero como sospechaban los autores de tanta barbarie, todo fue in\u00fatil.<\/p>\n\n\n\n<p>S\u00f3lo muere aquello que se olvida y Hoy al cumplirse setenta a\u00f1os sin Evita, las huellas que dej\u00f3 siguen siendo inspiraci\u00f3n para las luchas por las ideas, la causa por la justicia social, la lealtad y la fe de que un pa\u00eds mejor es posible<\/p>\n","protected":false},"excerpt":{"rendered":"<p>Mariana San Mart\u00edn: \u201cEvita marc\u00f3 una bisagra cuyas transformaciones contin\u00faan\u201d<\/p>\n","protected":false},"author":1,"featured_media":151232,"comment_status":"closed","ping_status":"open","sticky":false,"template":"","format":"standard","meta":{"_monsterinsights_skip_tracking":false,"_monsterinsights_sitenote_active":false,"_monsterinsights_sitenote_note":"","_monsterinsights_sitenote_category":0,"jetpack_post_was_ever_published":false,"_jetpack_newsletter_access":"","_jetpack_dont_email_post_to_subs":false,"_jetpack_newsletter_tier_id":0,"_jetpack_memberships_contains_paywalled_content":false,"_jetpack_memberships_contains_paid_content":false,"footnotes":"","jetpack_publicize_message":"","jetpack_publicize_feature_enabled":true,"jetpack_social_post_already_shared":true,"jetpack_social_options":{"image_generator_settings":{"template":"highway","default_image_id":0,"font":"","enabled":false},"version":2},"_wpas_customize_per_network":false},"categories":[1],"tags":[18428],"class_list":["post-151231","post","type-post","status-publish","format-standard","has-post-thumbnail","hentry","category-opinion","tag-mariana-san-martin-2","generate-columns","tablet-grid-50","mobile-grid-100","grid-parent","grid-50"],"jetpack_publicize_connections":[],"jetpack_featured_media_url":"https:\/\/www.hoymercedes.com.ar\/principal\/wp-content\/uploads\/2022\/07\/SJA_0504.jpg","wps_subtitle":"Aniversario","jetpack_sharing_enabled":true,"_links":{"self":[{"href":"https:\/\/www.hoymercedes.com.ar\/principal\/wp-json\/wp\/v2\/posts\/151231","targetHints":{"allow":["GET"]}}],"collection":[{"href":"https:\/\/www.hoymercedes.com.ar\/principal\/wp-json\/wp\/v2\/posts"}],"about":[{"href":"https:\/\/www.hoymercedes.com.ar\/principal\/wp-json\/wp\/v2\/types\/post"}],"author":[{"embeddable":true,"href":"https:\/\/www.hoymercedes.com.ar\/principal\/wp-json\/wp\/v2\/users\/1"}],"replies":[{"embeddable":true,"href":"https:\/\/www.hoymercedes.com.ar\/principal\/wp-json\/wp\/v2\/comments?post=151231"}],"version-history":[{"count":0,"href":"https:\/\/www.hoymercedes.com.ar\/principal\/wp-json\/wp\/v2\/posts\/151231\/revisions"}],"wp:featuredmedia":[{"embeddable":true,"href":"https:\/\/www.hoymercedes.com.ar\/principal\/wp-json\/wp\/v2\/media\/151232"}],"wp:attachment":[{"href":"https:\/\/www.hoymercedes.com.ar\/principal\/wp-json\/wp\/v2\/media?parent=151231"}],"wp:term":[{"taxonomy":"category","embeddable":true,"href":"https:\/\/www.hoymercedes.com.ar\/principal\/wp-json\/wp\/v2\/categories?post=151231"},{"taxonomy":"post_tag","embeddable":true,"href":"https:\/\/www.hoymercedes.com.ar\/principal\/wp-json\/wp\/v2\/tags?post=151231"}],"curies":[{"name":"wp","href":"https:\/\/api.w.org\/{rel}","templated":true}]}}