{"id":151268,"date":"2022-07-27T21:15:18","date_gmt":"2022-07-28T00:15:18","guid":{"rendered":"https:\/\/www.hoymercedes.com.ar\/principal\/?p=151268"},"modified":"2022-07-27T21:15:21","modified_gmt":"2022-07-28T00:15:21","slug":"los-minions-suman-a-supermascotas-y-el-telefono-negro","status":"publish","type":"post","link":"https:\/\/www.hoymercedes.com.ar\/principal\/2022\/07\/27\/los-minions-suman-a-supermascotas-y-el-telefono-negro\/","title":{"rendered":"Los Minions suman a Supermascotas y el Tel\u00e9fono Negro"},"content":{"rendered":"\n<p>El Cine Mercedes estar\u00e1 proyectando tres pel\u00edculas entre el jueves 28 de julio y el martes 2 de agosto. Contin\u00faa \u00abMinions: Nace un Villano\u00bb y se suman \u00abSupermascotas\u00bb en los \u00faltimos d\u00edas de las vacaciones de invierno. El terror llega de la mano \u00abEl Tel\u00e9fono Negro\u00bb. <\/p>\n\n\n<div class=\"wp-block-image\">\n<figure class=\"aligncenter size-full\"><img loading=\"lazy\" decoding=\"async\" width=\"605\" height=\"800\" data-attachment-id=\"151269\" data-permalink=\"https:\/\/www.hoymercedes.com.ar\/principal\/2022\/07\/27\/los-minions-suman-a-supermascotas-y-el-telefono-negro\/gacetilla-cine-mercedes-59\/#main\" data-orig-file=\"https:\/\/www.hoymercedes.com.ar\/principal\/wp-content\/uploads\/2022\/07\/Gacetilla-Cine-Mercedes-59.jpg\" data-orig-size=\"605,800\" data-comments-opened=\"0\" data-image-meta=\"{&quot;aperture&quot;:&quot;0&quot;,&quot;credit&quot;:&quot;&quot;,&quot;camera&quot;:&quot;&quot;,&quot;caption&quot;:&quot;&quot;,&quot;created_timestamp&quot;:&quot;0&quot;,&quot;copyright&quot;:&quot;&quot;,&quot;focal_length&quot;:&quot;0&quot;,&quot;iso&quot;:&quot;0&quot;,&quot;shutter_speed&quot;:&quot;0&quot;,&quot;title&quot;:&quot;&quot;,&quot;orientation&quot;:&quot;1&quot;}\" data-image-title=\"Gacetilla Cine Mercedes (59)\" data-image-description=\"\" data-image-caption=\"\" data-large-file=\"https:\/\/www.hoymercedes.com.ar\/principal\/wp-content\/uploads\/2022\/07\/Gacetilla-Cine-Mercedes-59.jpg\" src=\"https:\/\/www.hoymercedes.com.ar\/principal\/wp-content\/uploads\/2022\/07\/Gacetilla-Cine-Mercedes-59.jpg\" alt=\"\" class=\"wp-image-151269\" srcset=\"https:\/\/www.hoymercedes.com.ar\/principal\/wp-content\/uploads\/2022\/07\/Gacetilla-Cine-Mercedes-59.jpg 605w, https:\/\/www.hoymercedes.com.ar\/principal\/wp-content\/uploads\/2022\/07\/Gacetilla-Cine-Mercedes-59-469x620.jpg 469w, https:\/\/www.hoymercedes.com.ar\/principal\/wp-content\/uploads\/2022\/07\/Gacetilla-Cine-Mercedes-59-113x150.jpg 113w\" sizes=\"auto, (max-width: 605px) 100vw, 605px\" \/><\/figure>\n<\/div>","protected":false},"excerpt":{"rendered":"<p>Cine Mercedes: Los Minions suman a Supermascotas y el Tel\u00e9fono Negro<\/p>\n","protected":false},"author":1,"featured_media":151270,"comment_status":"closed","ping_status":"open","sticky":false,"template":"","format":"standard","meta":{"_monsterinsights_skip_tracking":false,"_monsterinsights_sitenote_active":false,"_monsterinsights_sitenote_note":"","_monsterinsights_sitenote_category":0,"jetpack_post_was_ever_published":false,"_jetpack_newsletter_access":"","_jetpack_dont_email_post_to_subs":false,"_jetpack_newsletter_tier_id":0,"_jetpack_memberships_contains_paywalled_content":false,"_jetpack_memberships_contains_paid_content":false,"footnotes":"","jetpack_publicize_message":"","jetpack_publicize_feature_enabled":true,"jetpack_social_post_already_shared":true,"jetpack_social_options":{"image_generator_settings":{"template":"highway","default_image_id":0,"font":"","enabled":false},"version":2},"_wpas_customize_per_network":false},"categories":[104],"tags":[7805],"class_list":["post-151268","post","type-post","status-publish","format-standard","has-post-thumbnail","hentry","category-cultura","tag-cultura","generate-columns","tablet-grid-50","mobile-grid-100","grid-parent","grid-50"],"jetpack_publicize_connections":[],"jetpack_featured_media_url":"https:\/\/www.hoymercedes.com.ar\/principal\/wp-content\/uploads\/2022\/07\/Super-Mascotas.jpg","wps_subtitle":"","jetpack_sharing_enabled":true,"_links":{"self":[{"href":"https:\/\/www.hoymercedes.com.ar\/principal\/wp-json\/wp\/v2\/posts\/151268","targetHints":{"allow":["GET"]}}],"collection":[{"href":"https:\/\/www.hoymercedes.com.ar\/principal\/wp-json\/wp\/v2\/posts"}],"about":[{"href":"https:\/\/www.hoymercedes.com.ar\/principal\/wp-json\/wp\/v2\/types\/post"}],"author":[{"embeddable":true,"href":"https:\/\/www.hoymercedes.com.ar\/principal\/wp-json\/wp\/v2\/users\/1"}],"replies":[{"embeddable":true,"href":"https:\/\/www.hoymercedes.com.ar\/principal\/wp-json\/wp\/v2\/comments?post=151268"}],"version-history":[{"count":0,"href":"https:\/\/www.hoymercedes.com.ar\/principal\/wp-json\/wp\/v2\/posts\/151268\/revisions"}],"wp:featuredmedia":[{"embeddable":true,"href":"https:\/\/www.hoymercedes.com.ar\/principal\/wp-json\/wp\/v2\/media\/151270"}],"wp:attachment":[{"href":"https:\/\/www.hoymercedes.com.ar\/principal\/wp-json\/wp\/v2\/media?parent=151268"}],"wp:term":[{"taxonomy":"category","embeddable":true,"href":"https:\/\/www.hoymercedes.com.ar\/principal\/wp-json\/wp\/v2\/categories?post=151268"},{"taxonomy":"post_tag","embeddable":true,"href":"https:\/\/www.hoymercedes.com.ar\/principal\/wp-json\/wp\/v2\/tags?post=151268"}],"curies":[{"name":"wp","href":"https:\/\/api.w.org\/{rel}","templated":true}]}}