{"id":151384,"date":"2022-08-01T00:22:36","date_gmt":"2022-08-01T03:22:36","guid":{"rendered":"https:\/\/www.hoymercedes.com.ar\/principal\/?p=151384"},"modified":"2022-08-01T00:23:17","modified_gmt":"2022-08-01T03:23:17","slug":"pierde-la-vida-tras-recibir-heridas-de-arma-de-fuego","status":"publish","type":"post","link":"https:\/\/www.hoymercedes.com.ar\/principal\/2022\/08\/01\/pierde-la-vida-tras-recibir-heridas-de-arma-de-fuego\/","title":{"rendered":"Pierde la vida tras recibir heridas de arma de fuego"},"content":{"rendered":"\n<p>Un acontecimiento entre particulares gener\u00f3 la p\u00e9rdida de vida de un masculino en Mercedes. La Polic\u00eda detuvo al victimario. Se desconocen los motivos que llevaron a que un hombre le propine dos disparos a otro. Ser\u00eda el autor del hecho un polic\u00eda que cumple funciones en la localidad de Luj\u00e1n.<\/p>\n\n\n\n<p>En la noche del domingo un tr\u00e1gico acontecimiento tom\u00f3 estado p\u00fablico al saberse que un hombre dispar\u00f3 a otro. Sin conocerse los motivos un sujeto hiri\u00f3 con dos disparos de arma de fuego al ahora fallecido. Entre ellos se conoc\u00edan.<\/p>\n\n\n\n<p>La Polic\u00eda Comunal r\u00e1pidamente resolvi\u00f3 el caso teniendo detenido al victimario. Los hechos fueron en 109 y 18<\/p>\n\n\n\n<p>El herido fue trasladado al Hospital Dubarry donde corroboraron la gravedad de las heridas que se llevaron la vida del vecino.<\/p>\n\n\n\n<p>Si bien no hay un parte oficial, se supo que ahora vendr\u00e1n todas las actuaciones de rigor, desde la investigaci\u00f3n fina de los motivos a la intervenci\u00f3n de la Polic\u00eda Cient\u00edfica y la participaci\u00f3n del Departamento Judicial Mercedes.<\/p>\n\n\n\n<p><\/p>\n","protected":false},"excerpt":{"rendered":"<p>Un acontecimiento entre particulares gener\u00f3 la p\u00e9rdida de vida de un masculino en Mercedes. La Polic\u00eda detuvo al victimario. Se &#8230; <a title=\"Pierde la vida tras recibir heridas de arma de fuego\" class=\"read-more\" href=\"https:\/\/www.hoymercedes.com.ar\/principal\/2022\/08\/01\/pierde-la-vida-tras-recibir-heridas-de-arma-de-fuego\/\" aria-label=\"Leer m\u00e1s sobre Pierde la vida tras recibir heridas de arma de fuego\">Leer m\u00e1s<\/a><\/p>\n","protected":false},"author":1,"featured_media":118857,"comment_status":"closed","ping_status":"open","sticky":false,"template":"","format":"standard","meta":{"_monsterinsights_skip_tracking":false,"_monsterinsights_sitenote_active":false,"_monsterinsights_sitenote_note":"","_monsterinsights_sitenote_category":0,"jetpack_post_was_ever_published":false,"_jetpack_newsletter_access":"","_jetpack_dont_email_post_to_subs":false,"_jetpack_newsletter_tier_id":0,"_jetpack_memberships_contains_paywalled_content":false,"_jetpack_memberships_contains_paid_content":false,"footnotes":"","jetpack_publicize_message":"","jetpack_publicize_feature_enabled":true,"jetpack_social_post_already_shared":true,"jetpack_social_options":{"image_generator_settings":{"template":"highway","default_image_id":0,"font":"","enabled":false},"version":2},"_wpas_customize_per_network":false},"categories":[85],"tags":[18429,4067],"class_list":["post-151384","post","type-post","status-publish","format-standard","has-post-thumbnail","hentry","category-policial","tag-discusion-2","tag-herido-de-bala","generate-columns","tablet-grid-50","mobile-grid-100","grid-parent","grid-50"],"jetpack_publicize_connections":[],"jetpack_featured_media_url":"https:\/\/www.hoymercedes.com.ar\/principal\/wp-content\/uploads\/2020\/10\/21-policia-bragado.jpg","wps_subtitle":"Lamentable descenlace ","jetpack_sharing_enabled":true,"_links":{"self":[{"href":"https:\/\/www.hoymercedes.com.ar\/principal\/wp-json\/wp\/v2\/posts\/151384","targetHints":{"allow":["GET"]}}],"collection":[{"href":"https:\/\/www.hoymercedes.com.ar\/principal\/wp-json\/wp\/v2\/posts"}],"about":[{"href":"https:\/\/www.hoymercedes.com.ar\/principal\/wp-json\/wp\/v2\/types\/post"}],"author":[{"embeddable":true,"href":"https:\/\/www.hoymercedes.com.ar\/principal\/wp-json\/wp\/v2\/users\/1"}],"replies":[{"embeddable":true,"href":"https:\/\/www.hoymercedes.com.ar\/principal\/wp-json\/wp\/v2\/comments?post=151384"}],"version-history":[{"count":0,"href":"https:\/\/www.hoymercedes.com.ar\/principal\/wp-json\/wp\/v2\/posts\/151384\/revisions"}],"wp:featuredmedia":[{"embeddable":true,"href":"https:\/\/www.hoymercedes.com.ar\/principal\/wp-json\/wp\/v2\/media\/118857"}],"wp:attachment":[{"href":"https:\/\/www.hoymercedes.com.ar\/principal\/wp-json\/wp\/v2\/media?parent=151384"}],"wp:term":[{"taxonomy":"category","embeddable":true,"href":"https:\/\/www.hoymercedes.com.ar\/principal\/wp-json\/wp\/v2\/categories?post=151384"},{"taxonomy":"post_tag","embeddable":true,"href":"https:\/\/www.hoymercedes.com.ar\/principal\/wp-json\/wp\/v2\/tags?post=151384"}],"curies":[{"name":"wp","href":"https:\/\/api.w.org\/{rel}","templated":true}]}}