{"id":15145,"date":"2012-08-09T08:00:29","date_gmt":"2012-08-09T08:00:29","guid":{"rendered":"http:\/\/www.hoymercedes.com.ar\/principal\/?p=15145"},"modified":"2012-08-08T23:49:47","modified_gmt":"2012-08-08T23:49:47","slug":"rompen-placa-de-recordatorio-de-desaparecidos-en-mercedes","status":"publish","type":"post","link":"https:\/\/www.hoymercedes.com.ar\/principal\/2012\/08\/09\/rompen-placa-de-recordatorio-de-desaparecidos-en-mercedes\/","title":{"rendered":"Rompen placa de recordatorio de desaparecidos en Mercedes"},"content":{"rendered":"<p><a href=\"https:\/\/www.hoymercedes.com.ar\/principal\/wp-content\/uploads\/2012\/08\/PlacaDesaparecidosMercedes.jpg\"><img loading=\"lazy\" decoding=\"async\" data-attachment-id=\"15147\" data-permalink=\"https:\/\/www.hoymercedes.com.ar\/principal\/2012\/08\/09\/rompen-placa-de-recordatorio-de-desaparecidos-en-mercedes\/placadesaparecidosmercedes\/#main\" data-orig-file=\"https:\/\/www.hoymercedes.com.ar\/principal\/wp-content\/uploads\/2012\/08\/PlacaDesaparecidosMercedes.jpg\" data-orig-size=\"614,461\" data-comments-opened=\"1\" data-image-meta=\"{&quot;aperture&quot;:&quot;2.6&quot;,&quot;credit&quot;:&quot;&quot;,&quot;camera&quot;:&quot;GT-B5510L&quot;,&quot;caption&quot;:&quot;&quot;,&quot;created_timestamp&quot;:&quot;1344163271&quot;,&quot;copyright&quot;:&quot;&quot;,&quot;focal_length&quot;:&quot;2.79&quot;,&quot;iso&quot;:&quot;50&quot;,&quot;shutter_speed&quot;:&quot;0.010752688172043&quot;,&quot;title&quot;:&quot;&quot;}\" data-image-title=\"PlacaDesaparecidosMercedes\" data-image-description=\"\" data-image-caption=\"\" data-large-file=\"https:\/\/www.hoymercedes.com.ar\/principal\/wp-content\/uploads\/2012\/08\/PlacaDesaparecidosMercedes.jpg\" class=\"aligncenter size-full wp-image-15147\" title=\"PlacaDesaparecidosMercedes\" src=\"https:\/\/www.hoymercedes.com.ar\/principal\/wp-content\/uploads\/2012\/08\/PlacaDesaparecidosMercedes.jpg\" alt=\"\" width=\"614\" height=\"461\" \/><\/a><\/p>\n<p>Nos es la primera vez que sucede. La place que recuerda y mantiene los nombres de todos los desaparecidos de nuestra ciudad ha sido sustra\u00edda.<\/p>\n<p>Hace algunos meses sucedi\u00f3 lo mismo. La placa ubicada en el centro de la Plaza San Mart\u00edn fue despegada de su lugar, pero, en dicha ocasi\u00f3n se hab\u00eda logrado quede a resguardo del personal de la Direcci\u00f3n de Cultura. En dicha ocasi\u00f3n se sospech\u00f3 podr\u00eda haber sido de madrugada en el intento de jugar una broma o cosa semejante por alg\u00fan grupo o persona sin demasiado inter\u00e9s o respeto por lo que all\u00ed se expone. Lo importante hab\u00eda sido que no estaba rota y se lograba volver a colocar.<\/p>\n<p>Durante el \u00faltimo acto homenaje a los desaparecidos y asesinados por la \u00faltima dictadura c\u00edvico militar de nuestra ciudad se debi\u00f3 desde el municipio reponer y reparar las ofrendas florales permanentes que rodean la placa dado que constantemente eras destruidas, pisadas o simplemente sustra\u00eddas. Se decidi\u00f3 colocar flores y plantas de mayor duraci\u00f3n.<\/p>\n<p>En esta ocasi\u00f3n durante el fin de semana volvi\u00f3 a desaparecer la placa. El espacio muestra claramente la ausencia de la misma quedando las marcas del viejo producto adhesivo y el contorno del marco de la placa homenaje ausente.<\/p>\n<p>Indudablemente se trata de un acto de insensibilidad social profundo independientemente de c\u00f3mo se produzca el hecho.<\/p>\n<p>La sospecha recae en que se pudo haberse tratado del intento de una broma de mal gusto y desde all\u00ed se ha llegado a la situaci\u00f3n no feliz.<\/p>\n<p>Desde el municipio se anunci\u00f3 que la misma pronto ser\u00e1 repuesta mientras se esperan unos d\u00edas prudenciales por si llevara a aparecer.<\/p>\n","protected":false},"excerpt":{"rendered":"<p>Nos es la primera vez que sucede. La place que recuerda y mantiene los nombres de todos los desaparecidos de &#8230; <a title=\"Rompen placa de recordatorio de desaparecidos en Mercedes\" class=\"read-more\" href=\"https:\/\/www.hoymercedes.com.ar\/principal\/2012\/08\/09\/rompen-placa-de-recordatorio-de-desaparecidos-en-mercedes\/\" aria-label=\"Leer m\u00e1s sobre Rompen placa de recordatorio de desaparecidos en Mercedes\">Leer m\u00e1s<\/a><\/p>\n","protected":false},"author":1,"featured_media":0,"comment_status":"open","ping_status":"open","sticky":false,"template":"","format":"standard","meta":{"_monsterinsights_skip_tracking":false,"_monsterinsights_sitenote_active":false,"_monsterinsights_sitenote_note":"","_monsterinsights_sitenote_category":0,"jetpack_post_was_ever_published":false,"_jetpack_newsletter_access":"","_jetpack_dont_email_post_to_subs":false,"_jetpack_newsletter_tier_id":0,"_jetpack_memberships_contains_paywalled_content":false,"_jetpack_memberships_contains_paid_content":false,"footnotes":"","jetpack_publicize_message":"","jetpack_publicize_feature_enabled":true,"jetpack_social_post_already_shared":false,"jetpack_social_options":{"image_generator_settings":{"template":"highway","default_image_id":0,"font":"","enabled":false},"version":2},"_wpas_customize_per_network":false},"categories":[8],"tags":[1653,1978],"class_list":["post-15145","post","type-post","status-publish","format-standard","hentry","category-sociedad","tag-derechos-humanos-mercedes","tag-desaparecidos-mercedes","generate-columns","tablet-grid-50","mobile-grid-100","grid-parent","grid-50"],"jetpack_publicize_connections":[],"jetpack_featured_media_url":"","wps_subtitle":"","jetpack_sharing_enabled":true,"_links":{"self":[{"href":"https:\/\/www.hoymercedes.com.ar\/principal\/wp-json\/wp\/v2\/posts\/15145","targetHints":{"allow":["GET"]}}],"collection":[{"href":"https:\/\/www.hoymercedes.com.ar\/principal\/wp-json\/wp\/v2\/posts"}],"about":[{"href":"https:\/\/www.hoymercedes.com.ar\/principal\/wp-json\/wp\/v2\/types\/post"}],"author":[{"embeddable":true,"href":"https:\/\/www.hoymercedes.com.ar\/principal\/wp-json\/wp\/v2\/users\/1"}],"replies":[{"embeddable":true,"href":"https:\/\/www.hoymercedes.com.ar\/principal\/wp-json\/wp\/v2\/comments?post=15145"}],"version-history":[{"count":0,"href":"https:\/\/www.hoymercedes.com.ar\/principal\/wp-json\/wp\/v2\/posts\/15145\/revisions"}],"wp:attachment":[{"href":"https:\/\/www.hoymercedes.com.ar\/principal\/wp-json\/wp\/v2\/media?parent=15145"}],"wp:term":[{"taxonomy":"category","embeddable":true,"href":"https:\/\/www.hoymercedes.com.ar\/principal\/wp-json\/wp\/v2\/categories?post=15145"},{"taxonomy":"post_tag","embeddable":true,"href":"https:\/\/www.hoymercedes.com.ar\/principal\/wp-json\/wp\/v2\/tags?post=15145"}],"curies":[{"name":"wp","href":"https:\/\/api.w.org\/{rel}","templated":true}]}}