{"id":151502,"date":"2022-08-04T17:26:43","date_gmt":"2022-08-04T20:26:43","guid":{"rendered":"https:\/\/www.hoymercedes.com.ar\/principal\/?p=151502"},"modified":"2022-08-04T17:26:45","modified_gmt":"2022-08-04T20:26:45","slug":"amalia-guaragna-fue-homenajeada-y-reconocida-en-el-hcd","status":"publish","type":"post","link":"https:\/\/www.hoymercedes.com.ar\/principal\/2022\/08\/04\/amalia-guaragna-fue-homenajeada-y-reconocida-en-el-hcd\/","title":{"rendered":"Amalia Guaragna fue homenajeada y reconocida en el HCD"},"content":{"rendered":"\n<p>En la tarde del \u00faltimo mi\u00e9rcoles, el recinto del Concejo Deliberante fue sede de una nueva edici\u00f3n del ciclo HomenajeArte, un espacio cultural que lleva adelante el HCD y que buscar reconocer a los artistas y referentes de la cultua de Mercedes por parte de los concejales de la ciudad. <\/p>\n\n\n\n<div class=\"wp-block-jetpack-slideshow aligncenter\" data-effect=\"slide\"><div class=\"wp-block-jetpack-slideshow_container swiper-container\"><ul class=\"wp-block-jetpack-slideshow_swiper-wrapper swiper-wrapper\"><li class=\"wp-block-jetpack-slideshow_slide swiper-slide\"><figure><img loading=\"lazy\" decoding=\"async\" width=\"800\" height=\"533\" alt=\"\" class=\"wp-block-jetpack-slideshow_image wp-image-151544\" data-id=\"151544\" src=\"https:\/\/www.hoymercedes.com.ar\/principal\/wp-content\/uploads\/2022\/08\/HCD-AMalia-Guaragna-1-4.jpg\" srcset=\"https:\/\/www.hoymercedes.com.ar\/principal\/wp-content\/uploads\/2022\/08\/HCD-AMalia-Guaragna-1-4.jpg 800w, https:\/\/www.hoymercedes.com.ar\/principal\/wp-content\/uploads\/2022\/08\/HCD-AMalia-Guaragna-1-4-630x420.jpg 630w, https:\/\/www.hoymercedes.com.ar\/principal\/wp-content\/uploads\/2022\/08\/HCD-AMalia-Guaragna-1-4-150x100.jpg 150w, https:\/\/www.hoymercedes.com.ar\/principal\/wp-content\/uploads\/2022\/08\/HCD-AMalia-Guaragna-1-4-700x465.jpg 700w\" sizes=\"(max-width: 800px) 100vw, 800px\" \/><\/figure><\/li><li class=\"wp-block-jetpack-slideshow_slide swiper-slide\"><figure><img loading=\"lazy\" decoding=\"async\" width=\"800\" height=\"534\" alt=\"\" class=\"wp-block-jetpack-slideshow_image wp-image-151543\" data-id=\"151543\" src=\"https:\/\/www.hoymercedes.com.ar\/principal\/wp-content\/uploads\/2022\/08\/HCD-AMalia-Guaragna-1-3.jpg\" srcset=\"https:\/\/www.hoymercedes.com.ar\/principal\/wp-content\/uploads\/2022\/08\/HCD-AMalia-Guaragna-1-3.jpg 800w, https:\/\/www.hoymercedes.com.ar\/principal\/wp-content\/uploads\/2022\/08\/HCD-AMalia-Guaragna-1-3-630x421.jpg 630w, https:\/\/www.hoymercedes.com.ar\/principal\/wp-content\/uploads\/2022\/08\/HCD-AMalia-Guaragna-1-3-150x100.jpg 150w\" sizes=\"(max-width: 800px) 100vw, 800px\" \/><\/figure><\/li><li class=\"wp-block-jetpack-slideshow_slide swiper-slide\"><figure><img loading=\"lazy\" decoding=\"async\" width=\"800\" height=\"533\" alt=\"\" class=\"wp-block-jetpack-slideshow_image wp-image-151542\" data-id=\"151542\" src=\"https:\/\/www.hoymercedes.com.ar\/principal\/wp-content\/uploads\/2022\/08\/HCD-AMalia-Guaragna-1-2.jpg\" srcset=\"https:\/\/www.hoymercedes.com.ar\/principal\/wp-content\/uploads\/2022\/08\/HCD-AMalia-Guaragna-1-2.jpg 800w, https:\/\/www.hoymercedes.com.ar\/principal\/wp-content\/uploads\/2022\/08\/HCD-AMalia-Guaragna-1-2-630x420.jpg 630w, https:\/\/www.hoymercedes.com.ar\/principal\/wp-content\/uploads\/2022\/08\/HCD-AMalia-Guaragna-1-2-150x100.jpg 150w, https:\/\/www.hoymercedes.com.ar\/principal\/wp-content\/uploads\/2022\/08\/HCD-AMalia-Guaragna-1-2-700x465.jpg 700w\" sizes=\"(max-width: 800px) 100vw, 800px\" \/><\/figure><\/li><li class=\"wp-block-jetpack-slideshow_slide swiper-slide\"><figure><img loading=\"lazy\" decoding=\"async\" width=\"800\" height=\"534\" alt=\"\" class=\"wp-block-jetpack-slideshow_image wp-image-151545\" data-id=\"151545\" src=\"https:\/\/www.hoymercedes.com.ar\/principal\/wp-content\/uploads\/2022\/08\/HCD-AMalia-Guaragna-1-5.jpg\" srcset=\"https:\/\/www.hoymercedes.com.ar\/principal\/wp-content\/uploads\/2022\/08\/HCD-AMalia-Guaragna-1-5.jpg 800w, https:\/\/www.hoymercedes.com.ar\/principal\/wp-content\/uploads\/2022\/08\/HCD-AMalia-Guaragna-1-5-630x421.jpg 630w, https:\/\/www.hoymercedes.com.ar\/principal\/wp-content\/uploads\/2022\/08\/HCD-AMalia-Guaragna-1-5-150x100.jpg 150w\" sizes=\"(max-width: 800px) 100vw, 800px\" \/><\/figure><\/li><li class=\"wp-block-jetpack-slideshow_slide swiper-slide\"><figure><img loading=\"lazy\" decoding=\"async\" width=\"800\" height=\"533\" alt=\"\" class=\"wp-block-jetpack-slideshow_image wp-image-151547\" data-id=\"151547\" src=\"https:\/\/www.hoymercedes.com.ar\/principal\/wp-content\/uploads\/2022\/08\/HCD-AMalia-Guaragna-1-7.jpg\" srcset=\"https:\/\/www.hoymercedes.com.ar\/principal\/wp-content\/uploads\/2022\/08\/HCD-AMalia-Guaragna-1-7.jpg 800w, https:\/\/www.hoymercedes.com.ar\/principal\/wp-content\/uploads\/2022\/08\/HCD-AMalia-Guaragna-1-7-630x420.jpg 630w, https:\/\/www.hoymercedes.com.ar\/principal\/wp-content\/uploads\/2022\/08\/HCD-AMalia-Guaragna-1-7-150x100.jpg 150w, https:\/\/www.hoymercedes.com.ar\/principal\/wp-content\/uploads\/2022\/08\/HCD-AMalia-Guaragna-1-7-700x465.jpg 700w\" sizes=\"(max-width: 800px) 100vw, 800px\" \/><\/figure><\/li><li class=\"wp-block-jetpack-slideshow_slide swiper-slide\"><figure><img loading=\"lazy\" decoding=\"async\" width=\"800\" height=\"534\" alt=\"\" class=\"wp-block-jetpack-slideshow_image wp-image-151546\" data-id=\"151546\" src=\"https:\/\/www.hoymercedes.com.ar\/principal\/wp-content\/uploads\/2022\/08\/HCD-AMalia-Guaragna-2-1.jpg\" srcset=\"https:\/\/www.hoymercedes.com.ar\/principal\/wp-content\/uploads\/2022\/08\/HCD-AMalia-Guaragna-2-1.jpg 800w, https:\/\/www.hoymercedes.com.ar\/principal\/wp-content\/uploads\/2022\/08\/HCD-AMalia-Guaragna-2-1-630x421.jpg 630w, https:\/\/www.hoymercedes.com.ar\/principal\/wp-content\/uploads\/2022\/08\/HCD-AMalia-Guaragna-2-1-150x100.jpg 150w\" sizes=\"(max-width: 800px) 100vw, 800px\" \/><\/figure><\/li><li class=\"wp-block-jetpack-slideshow_slide swiper-slide\"><figure><img loading=\"lazy\" decoding=\"async\" width=\"800\" height=\"533\" alt=\"\" class=\"wp-block-jetpack-slideshow_image wp-image-151548\" data-id=\"151548\" src=\"https:\/\/www.hoymercedes.com.ar\/principal\/wp-content\/uploads\/2022\/08\/HCD-AMalia-Guaragna-1-8.jpg\" srcset=\"https:\/\/www.hoymercedes.com.ar\/principal\/wp-content\/uploads\/2022\/08\/HCD-AMalia-Guaragna-1-8.jpg 800w, https:\/\/www.hoymercedes.com.ar\/principal\/wp-content\/uploads\/2022\/08\/HCD-AMalia-Guaragna-1-8-630x420.jpg 630w, https:\/\/www.hoymercedes.com.ar\/principal\/wp-content\/uploads\/2022\/08\/HCD-AMalia-Guaragna-1-8-150x100.jpg 150w, https:\/\/www.hoymercedes.com.ar\/principal\/wp-content\/uploads\/2022\/08\/HCD-AMalia-Guaragna-1-8-700x465.jpg 700w\" sizes=\"(max-width: 800px) 100vw, 800px\" \/><\/figure><\/li><li class=\"wp-block-jetpack-slideshow_slide swiper-slide\"><figure><img loading=\"lazy\" decoding=\"async\" width=\"800\" height=\"533\" alt=\"\" class=\"wp-block-jetpack-slideshow_image wp-image-151549\" data-id=\"151549\" src=\"https:\/\/www.hoymercedes.com.ar\/principal\/wp-content\/uploads\/2022\/08\/HCD-AMalia-Guaragna-1-1.jpg\" srcset=\"https:\/\/www.hoymercedes.com.ar\/principal\/wp-content\/uploads\/2022\/08\/HCD-AMalia-Guaragna-1-1.jpg 800w, https:\/\/www.hoymercedes.com.ar\/principal\/wp-content\/uploads\/2022\/08\/HCD-AMalia-Guaragna-1-1-630x420.jpg 630w, https:\/\/www.hoymercedes.com.ar\/principal\/wp-content\/uploads\/2022\/08\/HCD-AMalia-Guaragna-1-1-150x100.jpg 150w, https:\/\/www.hoymercedes.com.ar\/principal\/wp-content\/uploads\/2022\/08\/HCD-AMalia-Guaragna-1-1-700x465.jpg 700w\" sizes=\"(max-width: 800px) 100vw, 800px\" \/><\/figure><\/li><li class=\"wp-block-jetpack-slideshow_slide swiper-slide\"><figure><img loading=\"lazy\" decoding=\"async\" width=\"800\" height=\"534\" alt=\"\" class=\"wp-block-jetpack-slideshow_image wp-image-151550\" data-id=\"151550\" src=\"https:\/\/www.hoymercedes.com.ar\/principal\/wp-content\/uploads\/2022\/08\/HCD-Amalia-Guaragna.jpeg\" srcset=\"https:\/\/www.hoymercedes.com.ar\/principal\/wp-content\/uploads\/2022\/08\/HCD-Amalia-Guaragna.jpeg 800w, https:\/\/www.hoymercedes.com.ar\/principal\/wp-content\/uploads\/2022\/08\/HCD-Amalia-Guaragna-630x421.jpeg 630w, https:\/\/www.hoymercedes.com.ar\/principal\/wp-content\/uploads\/2022\/08\/HCD-Amalia-Guaragna-150x100.jpeg 150w\" sizes=\"(max-width: 800px) 100vw, 800px\" \/><\/figure><\/li><\/ul><a class=\"wp-block-jetpack-slideshow_button-prev swiper-button-prev swiper-button-white\" role=\"button\"><\/a><a class=\"wp-block-jetpack-slideshow_button-next swiper-button-next swiper-button-white\" role=\"button\"><\/a><a aria-label=\"Pause Slideshow\" class=\"wp-block-jetpack-slideshow_button-pause\" role=\"button\"><\/a><div class=\"wp-block-jetpack-slideshow_pagination swiper-pagination swiper-pagination-white\"><\/div><\/div><\/div>\n\n\n\n<p>En esta oportunidad, el cuerpo deliberativo organiz\u00f3 un homenaje y reconocimiento para la cantante y ex directora de coros, Amalia Guaragna. Con un recinto colmado por familiares y amigos de la homenajeada, pero tambi\u00e9n por m\u00fasicos y coreutas de los distintos coros dirigidos por Guaragna, el evento fue emotivo y significativo para las canciones l\u00edricas y populares. <\/p>\n\n\n\n<p>La presidenta del HCD, Evangelina Cabral, inici\u00f3 el evento presentando a el ciclo y a la homenajeada. A su lado, Amalia Guaragna, \u00abAmalita\u00bb como se la conoce mayoritariamente en Mercedes, aprovech\u00f3 la oportunidad para resumir su extensa historia y trayectoria con la m\u00fasica y el canto. <\/p>\n\n\n\n<p>Momento en el que record\u00f3 a sus padres con quienes empez\u00f3 a transitar su aprendizaje, y a sus maestros de ni\u00f1a, adolescente y primera juventud. Incluso sus a\u00f1os en los que estudio fuera de Mercedes y sus inicio como coreuta ella y posteriormente como directora de coros infatizando en el Coro de Ni\u00f1os y los a\u00f1os dirigiendo el Coro Municipal. <\/p>\n\n\n\n<figure class=\"wp-block-embed is-type-video is-provider-youtube wp-block-embed-youtube wp-embed-aspect-16-9 wp-has-aspect-ratio\"><div class=\"wp-block-embed__wrapper\">\n<span class=\"embed-youtube\" style=\"text-align:center; display: block;\"><iframe loading=\"lazy\" class=\"youtube-player\" width=\"1200\" height=\"675\" src=\"https:\/\/www.youtube.com\/embed\/5c0_9THxkOA?version=3&#038;rel=1&#038;showsearch=0&#038;showinfo=1&#038;iv_load_policy=1&#038;fs=1&#038;hl=es-ES&#038;autohide=2&#038;wmode=transparent\" allowfullscreen=\"true\" style=\"border:0;\" sandbox=\"allow-scripts allow-same-origin allow-popups allow-presentation allow-popups-to-escape-sandbox\"><\/iframe><\/span>\n<\/div><figcaption>Amalia cant\u00f3 el Ave Mar\u00eda acompa\u00f1ada por el m\u00fasico Manuel Maturo. <\/figcaption><\/figure>\n\n\n\n<p>Luego, la m\u00fasica llen\u00f3 el recinto. La potente de voz de Amalia, acompa\u00f1ada por el organista Manuel Maturo, interpret\u00f3 el \u00abAve Mar\u00eda\u00bb. Aplaudida y ovacionada por los presentes, Guaragna agradeci\u00f3 e invit\u00f3 al guitarrista Santiago Bustos Berrondo para interpretanas las sevillanas de Federico Garc\u00eda Lorca. Seguidamente hizo lo mismo con el guitarrista Dami\u00e1n Tessore que la acompa\u00f1\u00f3 a la hora de interpretar boleros. <\/p>\n\n\n\n<p>La m\u00fasica coral se hizo presente primero de la mano de la actual conformaci\u00f3n del Coro Municipal que hoy dirige la hija de Amalia, Marianela Schenone. El grupo cont\u00f3 un tema de Peteco Carabajal. Finalmente, Amalia volvi\u00f3 a tomar la direcci\u00f3n del coro y convoc\u00f3 a sus coreutas presentes, integrantes de los coros de diferentes \u00e9pocas, para interpretar todos juntos el \u00abAleluya\u00bb de Haendel. <\/p>\n\n\n\n<figure class=\"wp-block-embed is-type-video is-provider-youtube wp-block-embed-youtube wp-embed-aspect-16-9 wp-has-aspect-ratio\"><div class=\"wp-block-embed__wrapper\">\n<span class=\"embed-youtube\" style=\"text-align:center; display: block;\"><iframe loading=\"lazy\" class=\"youtube-player\" width=\"1200\" height=\"675\" src=\"https:\/\/www.youtube.com\/embed\/u2PQG7gNHH0?version=3&#038;rel=1&#038;showsearch=0&#038;showinfo=1&#038;iv_load_policy=1&#038;fs=1&#038;hl=es-ES&#038;autohide=2&#038;wmode=transparent\" allowfullscreen=\"true\" style=\"border:0;\" sandbox=\"allow-scripts allow-same-origin allow-popups allow-presentation allow-popups-to-escape-sandbox\"><\/iframe><\/span>\n<\/div><figcaption>Coreutas de todas las \u00e9pocas de las direcciones corales de Amalia se unieron a cantar el \u00abAleluya\u00bb<\/figcaption><\/figure>\n\n\n\n<p>Por \u00fatlimo la pantalla reproduc\u00eda los saludos de amigos de Amalia, entre elas la cantora Virginia Altube. Las flores no se dejaron esperar y los concejales presentes. Es as\u00ed como Cabral junto a Aldana Ch\u00e1vez, Fernando Masson, Nora Ortubia y Gustavo Mangoni entregaron las flores y la placa con el reconocimiento en nombre de la toda la ciudad para Amalia Guaragna. <\/p>\n\n\n\n<p>Ver el homenaje completo. <\/p>\n\n\n\n<figure class=\"wp-block-embed is-type-video is-provider-youtube wp-block-embed-youtube wp-embed-aspect-16-9 wp-has-aspect-ratio\"><div class=\"wp-block-embed__wrapper\">\n<span class=\"embed-youtube\" style=\"text-align:center; display: block;\"><iframe loading=\"lazy\" class=\"youtube-player\" width=\"1200\" height=\"675\" src=\"https:\/\/www.youtube.com\/embed\/JBe_-nmeLjE?version=3&#038;rel=1&#038;showsearch=0&#038;showinfo=1&#038;iv_load_policy=1&#038;fs=1&#038;hl=es-ES&#038;autohide=2&#038;wmode=transparent\" allowfullscreen=\"true\" style=\"border:0;\" sandbox=\"allow-scripts allow-same-origin allow-popups allow-presentation allow-popups-to-escape-sandbox\"><\/iframe><\/span>\n<\/div><figcaption>Homenaje completo. Gentileza Milenio Media TV<\/figcaption><\/figure>\n","protected":false},"excerpt":{"rendered":"<p>Amalia Guaragna fue reconocida en el HCD. En el ciclo HomenajeArte hubo m\u00fasica en vivo (Videos)<\/p>\n","protected":false},"author":1,"featured_media":151542,"comment_status":"closed","ping_status":"open","sticky":false,"template":"","format":"standard","meta":{"_monsterinsights_skip_tracking":false,"_monsterinsights_sitenote_active":false,"_monsterinsights_sitenote_note":"","_monsterinsights_sitenote_category":0,"jetpack_post_was_ever_published":false,"_jetpack_newsletter_access":"","_jetpack_dont_email_post_to_subs":false,"_jetpack_newsletter_tier_id":0,"_jetpack_memberships_contains_paywalled_content":false,"_jetpack_memberships_contains_paid_content":false,"footnotes":"","jetpack_publicize_message":"","jetpack_publicize_feature_enabled":true,"jetpack_social_post_already_shared":true,"jetpack_social_options":{"image_generator_settings":{"template":"highway","default_image_id":0,"font":"","enabled":false},"version":2},"_wpas_customize_per_network":false},"categories":[104,18286],"tags":[7805],"class_list":["post-151502","post","type-post","status-publish","format-standard","has-post-thumbnail","hentry","category-cultura","category-hcd-mercedes","tag-cultura","generate-columns","tablet-grid-50","mobile-grid-100","grid-parent","grid-50"],"jetpack_publicize_connections":[],"jetpack_featured_media_url":"https:\/\/www.hoymercedes.com.ar\/principal\/wp-content\/uploads\/2022\/08\/HCD-AMalia-Guaragna-1-2.jpg","wps_subtitle":"","jetpack_sharing_enabled":true,"_links":{"self":[{"href":"https:\/\/www.hoymercedes.com.ar\/principal\/wp-json\/wp\/v2\/posts\/151502","targetHints":{"allow":["GET"]}}],"collection":[{"href":"https:\/\/www.hoymercedes.com.ar\/principal\/wp-json\/wp\/v2\/posts"}],"about":[{"href":"https:\/\/www.hoymercedes.com.ar\/principal\/wp-json\/wp\/v2\/types\/post"}],"author":[{"embeddable":true,"href":"https:\/\/www.hoymercedes.com.ar\/principal\/wp-json\/wp\/v2\/users\/1"}],"replies":[{"embeddable":true,"href":"https:\/\/www.hoymercedes.com.ar\/principal\/wp-json\/wp\/v2\/comments?post=151502"}],"version-history":[{"count":0,"href":"https:\/\/www.hoymercedes.com.ar\/principal\/wp-json\/wp\/v2\/posts\/151502\/revisions"}],"wp:featuredmedia":[{"embeddable":true,"href":"https:\/\/www.hoymercedes.com.ar\/principal\/wp-json\/wp\/v2\/media\/151542"}],"wp:attachment":[{"href":"https:\/\/www.hoymercedes.com.ar\/principal\/wp-json\/wp\/v2\/media?parent=151502"}],"wp:term":[{"taxonomy":"category","embeddable":true,"href":"https:\/\/www.hoymercedes.com.ar\/principal\/wp-json\/wp\/v2\/categories?post=151502"},{"taxonomy":"post_tag","embeddable":true,"href":"https:\/\/www.hoymercedes.com.ar\/principal\/wp-json\/wp\/v2\/tags?post=151502"}],"curies":[{"name":"wp","href":"https:\/\/api.w.org\/{rel}","templated":true}]}}