{"id":151524,"date":"2022-08-04T10:29:47","date_gmt":"2022-08-04T13:29:47","guid":{"rendered":"https:\/\/www.hoymercedes.com.ar\/principal\/?p=151524"},"modified":"2022-08-04T10:29:51","modified_gmt":"2022-08-04T13:29:51","slug":"aprehenden-a-sujeto-por-homicidio-agravado","status":"publish","type":"post","link":"https:\/\/www.hoymercedes.com.ar\/principal\/2022\/08\/04\/aprehenden-a-sujeto-por-homicidio-agravado\/","title":{"rendered":"Aprehenden a sujeto por homicidio agravado"},"content":{"rendered":"\n<p>En la jornada del pasado domingo 31 de julio se llev\u00f3\u00a0 a cabo la aprehensi\u00f3n de un sujeto que momentos antes hab\u00eda disparado contra otra persona, que result\u00f3 fallecida, en la localidad de Mercedes.\u00a0<\/p>\n\n\n\n<p>De acuerdo a lo que pudo conocerse, alrededor de las 22 horas, el imputado (Juan Alejandro Chavez de 33 a\u00f1os) se encontraba en la vereda pr\u00f3ximo a la entrada de un domicilio de calle 119 entre 22 bis y 18 de la ciudad de Mercedes, lugar donde sab\u00eda que estaba viviendo temporalmente la v\u00edctima, Alan Gonz\u00e1lez (33 a\u00f1os, perteneciente al Servicio Penitenciario Bonaerense), quien hab\u00eda comenzado a mantener una relaci\u00f3n sentimental con quien resultara ser ex pareja del imputado.&nbsp;<\/p>\n\n\n\n<p>Cuando Gonz\u00e1lez arrib\u00f3 al lugar, a bordo de su autom\u00f3vil Vokswagen Trend color blanco, y ya hab\u00eda estacionado, el imputado se dirigi\u00f3 a este y luego de mantener una breve conversaci\u00f3n extrajo su arma reglamentaria tipo calibre 9 mm provista por el Ministerio De Seguridad de la provincia de Buenos Aires (dado que era personal policial) y le efectu\u00f3 dos disparos. Uno de los proyectiles impact\u00f3 en el muslo derecho y el restante en la espalda de la v\u00edctima. Esta herida le provoc\u00f3 la muerte casi de manera inmediata. Tras ello, Ch\u00e1vez escap\u00f3 corriendo del lugar por calle 22, dobl\u00f3 en calle 117 para tomar por calle 18 en direcci\u00f3n hacia 115, siendo aprehendido por personal policial que en la urgencia se hab\u00eda hecho presente en el lugar tras el llamado de alerta al 911. La aprehensi\u00f3n se produjo en calles 18 y 109. Al momento de aprehenderlo, el acusado ya se hab\u00eda descartado del arma utilizada para cometer el il\u00edcito.&nbsp;<\/p>\n\n\n\n<p>Tras la correspondiente intervenci\u00f3n policial tom\u00f3 intervenci\u00f3n la Unidad Funcional de Instrucci\u00f3n N.\u00ba 3 del Departamento Judicial Mercedes, a cargo del dr. Pedro Illanes &#8211; quien cont\u00f3 con la colaboraci\u00f3n del auxiliar letrado dr. Mat\u00edas Parodi &#8211; y se debieron llevar adelante una serie de pericias y medidas probatorias.&nbsp;<\/p>\n\n\n\n<p>La autopsia se realiz\u00f3 el 1\u00b0 de agosto en Instituto de Ciencias Forenses de Lomas de Zamora, siendo que la misma arroj\u00f3 que el deceso se produjo por \u201cmecanismo violento y a consecuencia final de un paro cardiorrespiratorio traum\u00e1tico, siendo la causa originaria hemorragia interna por herida de proyectil de arma de fuego en t\u00f3rax\u201d. Seg\u00fan se destaca la v\u00edctima recibi\u00f3 dos disparos: uno en la zona del muslo y el restante en la regi\u00f3n del t\u00f3rax el cual lesiona la aorta provocando la hemorragia interna aguda. Posteriormente, los restos de la v\u00edctima fueron entregados a sus familiares para su inhumaci\u00f3n.&nbsp;<\/p>\n\n\n\n<p>El imputado compareci\u00f3 ante el agente fiscal en el marco de la audiencia de declaraci\u00f3n en los t\u00e9rminos del art. 308 del C\u00f3digo Procesal Penal en la jornada del martes 2 del corriente. Fue por el delito de \u201cHomicidio calificado por haber sido cometido por un integrante de la fuerza de seguridad abusando de su cargo y con el prop\u00f3sito de causar sufrimiento a una persona con la que se mantiene o ha mantenido una relaci\u00f3n de pareja\u201d e hizo uso de su derecho de negarse a declarar.\u00a0<\/p>\n\n\n\n<p>Fuente: Ministerio P\u00fablico Fiscal de la provincia de Buenos Aires<\/p>\n","protected":false},"excerpt":{"rendered":"<p>El Ministerio P\u00fablico Fiscal confirm\u00f3 la aprehensi\u00f3n del imputado por el homicidio del Agente Penitenciario. <\/p>\n","protected":false},"author":1,"featured_media":127982,"comment_status":"closed","ping_status":"open","sticky":false,"template":"","format":"standard","meta":{"_monsterinsights_skip_tracking":false,"_monsterinsights_sitenote_active":false,"_monsterinsights_sitenote_note":"","_monsterinsights_sitenote_category":0,"jetpack_post_was_ever_published":false,"_jetpack_newsletter_access":"","_jetpack_dont_email_post_to_subs":false,"_jetpack_newsletter_tier_id":0,"_jetpack_memberships_contains_paywalled_content":false,"_jetpack_memberships_contains_paid_content":false,"footnotes":"","jetpack_publicize_message":"","jetpack_publicize_feature_enabled":true,"jetpack_social_post_already_shared":true,"jetpack_social_options":{"image_generator_settings":{"template":"highway","default_image_id":0,"font":"","enabled":false},"version":2},"_wpas_customize_per_network":false},"categories":[85],"tags":[],"class_list":["post-151524","post","type-post","status-publish","format-standard","has-post-thumbnail","hentry","category-policial","generate-columns","tablet-grid-50","mobile-grid-100","grid-parent","grid-50"],"jetpack_publicize_connections":[],"jetpack_featured_media_url":"https:\/\/www.hoymercedes.com.ar\/principal\/wp-content\/uploads\/2021\/04\/PoliciaComual.jpg","wps_subtitle":"","jetpack_sharing_enabled":true,"_links":{"self":[{"href":"https:\/\/www.hoymercedes.com.ar\/principal\/wp-json\/wp\/v2\/posts\/151524","targetHints":{"allow":["GET"]}}],"collection":[{"href":"https:\/\/www.hoymercedes.com.ar\/principal\/wp-json\/wp\/v2\/posts"}],"about":[{"href":"https:\/\/www.hoymercedes.com.ar\/principal\/wp-json\/wp\/v2\/types\/post"}],"author":[{"embeddable":true,"href":"https:\/\/www.hoymercedes.com.ar\/principal\/wp-json\/wp\/v2\/users\/1"}],"replies":[{"embeddable":true,"href":"https:\/\/www.hoymercedes.com.ar\/principal\/wp-json\/wp\/v2\/comments?post=151524"}],"version-history":[{"count":0,"href":"https:\/\/www.hoymercedes.com.ar\/principal\/wp-json\/wp\/v2\/posts\/151524\/revisions"}],"wp:featuredmedia":[{"embeddable":true,"href":"https:\/\/www.hoymercedes.com.ar\/principal\/wp-json\/wp\/v2\/media\/127982"}],"wp:attachment":[{"href":"https:\/\/www.hoymercedes.com.ar\/principal\/wp-json\/wp\/v2\/media?parent=151524"}],"wp:term":[{"taxonomy":"category","embeddable":true,"href":"https:\/\/www.hoymercedes.com.ar\/principal\/wp-json\/wp\/v2\/categories?post=151524"},{"taxonomy":"post_tag","embeddable":true,"href":"https:\/\/www.hoymercedes.com.ar\/principal\/wp-json\/wp\/v2\/tags?post=151524"}],"curies":[{"name":"wp","href":"https:\/\/api.w.org\/{rel}","templated":true}]}}