{"id":151528,"date":"2022-08-04T16:11:00","date_gmt":"2022-08-04T19:11:00","guid":{"rendered":"https:\/\/www.hoymercedes.com.ar\/principal\/?p=151528"},"modified":"2022-08-04T12:02:39","modified_gmt":"2022-08-04T15:02:39","slug":"detuvieron-a-profugo-con-pedido-de-captura-por-abuso-sexual-agravado-y-corrupcion-de-menores-agravada","status":"publish","type":"post","link":"https:\/\/www.hoymercedes.com.ar\/principal\/2022\/08\/04\/detuvieron-a-profugo-con-pedido-de-captura-por-abuso-sexual-agravado-y-corrupcion-de-menores-agravada\/","title":{"rendered":"Detuvieron a pr\u00f3fugo con pedido de captura por abuso sexual agravado y corrupci\u00f3n de menores agravada\u00a0"},"content":{"rendered":"\n<p>En la jornada del pasado 27 de julio se llev\u00f3 a cabo la detenci\u00f3n de un sujeto sobre el que pesaba una orden de captura por abuso sexual agravado en la localidad de Salto.\u00a0<\/p>\n\n\n\n<p>De acuerdo a lo que pudo conocerse, en septiembre de 2015 una mujer denunci\u00f3 a su hermano por haber abusado de dos de sus hijas tras manifestaciones de las menores.&nbsp;<\/p>\n\n\n\n<p>A ra\u00edz de ello radic\u00f3 la correspondiente denuncia, tomando intervenci\u00f3n la Unidad Funcional de Instrucci\u00f3n N.\u00ba 6 del Departamento Judicial Mercedes a cargo del Dr. Luis E. Carcagno y se llevaron adelante una serie de pericias y medidas probatorias para poder sustentar la acusaci\u00f3n.&nbsp;<\/p>\n\n\n\n<p>Se conoce que para ese entonces el imputado ya se hab\u00eda retirado de la localidad de Salto y se desconoc\u00eda su paradero, por lo que luego de varias instancias judiciales habi\u00e9ndo incluso llegado al Tribunal de Casaci\u00f3n provincial, se logr\u00f3 realizar las declaraciones de las menores v\u00edctimas.&nbsp;<\/p>\n\n\n\n<p>As\u00ed se pudo establecer que en el a\u00f1o 2015, durante un periodo de tiempo &#8211; en distintos d\u00edas y horarios &#8211; el imputado abus\u00f3 sexualmente de forma grave y ultrajante de sus dos sobrinas menores de edad con quienes conviv\u00eda en la localidad de Salto, aprovechando las circunstancias que la progenitora de las menores se retiraba del lugar.&nbsp;<\/p>\n\n\n\n<p>Una vez reunidos los elementos probatorios, la Fiscal\u00eda solicit\u00f3 por ante el Juzgado de Garant\u00edas N\u00b0 1 la orden de detenci\u00f3n de este sujeto la cual fue otorgada en marzo de 2019. Sin embargo, y pese a diversas tareas del Ministerio Publico Fiscal y la Delegaci\u00f3n Departamental de Investigaciones, el acusado no pudo ser habido sino hasta el pasado 27 de julio gracias a las labores de la D.D.I. de Mercedes.&nbsp;<\/p>\n\n\n\n<p>El imputado (un hombre de 27 a\u00f1os) compareci\u00f3 ante el agente Fiscal en el marco de la audiencia de declaraci\u00f3n en los t\u00e9rminos del art. 308 del C\u00f3digo Procesal Penal en la jornada del 29 de julio. <\/p>\n\n\n\n<p>Fue por el delito de \u00abAbuso sexual con acceso carnal &#8211; reiterados &#8211; doblemente calificados, por ser cometido por encargado de la guarda y por ser perpetrado contra menores de 18 a\u00f1os de edad aprovechando la situaci\u00f3n de convivencia preexistente, en concurso real con corrupci\u00f3n de menores doblemente agravada, por las v\u00edctimas menores de 13 a\u00f1os, por ser conviviente y encargado de la guarda\u00bb<\/p>\n\n\n\n<p>Fuente: Ministerio P\u00fablico Fiscal Depto Judicial Mercedes<\/p>\n","protected":false},"excerpt":{"rendered":"<p>En la jornada del pasado 27 de julio se llev\u00f3 a cabo la detenci\u00f3n de un sujeto sobre el que pesaba una orden de captura por abuso sexual agravado en la localidad de Salto.\u00a0<\/p>\n","protected":false},"author":1,"featured_media":151531,"comment_status":"closed","ping_status":"open","sticky":false,"template":"","format":"standard","meta":{"_monsterinsights_skip_tracking":false,"_monsterinsights_sitenote_active":false,"_monsterinsights_sitenote_note":"","_monsterinsights_sitenote_category":0,"jetpack_post_was_ever_published":false,"_jetpack_newsletter_access":"","_jetpack_dont_email_post_to_subs":false,"_jetpack_newsletter_tier_id":0,"_jetpack_memberships_contains_paywalled_content":false,"_jetpack_memberships_contains_paid_content":false,"footnotes":"","jetpack_publicize_message":"","jetpack_publicize_feature_enabled":true,"jetpack_social_post_already_shared":true,"jetpack_social_options":{"image_generator_settings":{"template":"highway","default_image_id":0,"font":"","enabled":false},"version":2},"_wpas_customize_per_network":false},"categories":[85],"tags":[],"class_list":["post-151528","post","type-post","status-publish","format-standard","has-post-thumbnail","hentry","category-policial","generate-columns","tablet-grid-50","mobile-grid-100","grid-parent","grid-50"],"jetpack_publicize_connections":[],"jetpack_featured_media_url":"https:\/\/www.hoymercedes.com.ar\/principal\/wp-content\/uploads\/2022\/08\/Comisaria-Salto.jpg","wps_subtitle":"","jetpack_sharing_enabled":true,"_links":{"self":[{"href":"https:\/\/www.hoymercedes.com.ar\/principal\/wp-json\/wp\/v2\/posts\/151528","targetHints":{"allow":["GET"]}}],"collection":[{"href":"https:\/\/www.hoymercedes.com.ar\/principal\/wp-json\/wp\/v2\/posts"}],"about":[{"href":"https:\/\/www.hoymercedes.com.ar\/principal\/wp-json\/wp\/v2\/types\/post"}],"author":[{"embeddable":true,"href":"https:\/\/www.hoymercedes.com.ar\/principal\/wp-json\/wp\/v2\/users\/1"}],"replies":[{"embeddable":true,"href":"https:\/\/www.hoymercedes.com.ar\/principal\/wp-json\/wp\/v2\/comments?post=151528"}],"version-history":[{"count":0,"href":"https:\/\/www.hoymercedes.com.ar\/principal\/wp-json\/wp\/v2\/posts\/151528\/revisions"}],"wp:featuredmedia":[{"embeddable":true,"href":"https:\/\/www.hoymercedes.com.ar\/principal\/wp-json\/wp\/v2\/media\/151531"}],"wp:attachment":[{"href":"https:\/\/www.hoymercedes.com.ar\/principal\/wp-json\/wp\/v2\/media?parent=151528"}],"wp:term":[{"taxonomy":"category","embeddable":true,"href":"https:\/\/www.hoymercedes.com.ar\/principal\/wp-json\/wp\/v2\/categories?post=151528"},{"taxonomy":"post_tag","embeddable":true,"href":"https:\/\/www.hoymercedes.com.ar\/principal\/wp-json\/wp\/v2\/tags?post=151528"}],"curies":[{"name":"wp","href":"https:\/\/api.w.org\/{rel}","templated":true}]}}