{"id":151593,"date":"2022-08-05T22:00:00","date_gmt":"2022-08-06T01:00:00","guid":{"rendered":"https:\/\/www.hoymercedes.com.ar\/principal\/?p=151593"},"modified":"2022-08-05T21:25:29","modified_gmt":"2022-08-06T00:25:29","slug":"un-aprehendido-por-femicidio-en-obrien","status":"publish","type":"post","link":"https:\/\/www.hoymercedes.com.ar\/principal\/2022\/08\/05\/un-aprehendido-por-femicidio-en-obrien\/","title":{"rendered":"Un aprehendido por femicidio\u00a0en O&#8217;Brien"},"content":{"rendered":"\n<p>En la jornada del mi\u00e9rcoles \u00faltimo se aprehendi\u00f3 a un sujeto de 42 a\u00f1os luego de que le quitara la vida a su ex pareja, en la localidad de O\u2019 Brien, partido de Bragado.\u00a0<\/p>\n\n\n\n<p>De acuerdo a lo que pudo conocerse, el aprehendido (un hombre de 42 a\u00f1os, cuyo nombre es Marcelo Uralde) mantuvo una relaci\u00f3n de pareja con Alejandra Abigail Yannone (31 a\u00f1os) con la que estaba casado legalmente y ten\u00edan hijos en com\u00fan.\u00a0\u00a0<\/p>\n\n\n\n<p>Entre las 13 y las 15:57 horas del pasado 3 de agosto el imputado atac\u00f3 a su c\u00f3nyuge en la casa en la que conviv\u00edan en la localidad de O\u00b4Brien, mediante mecanismo de estrangulamiento hasta causarle la muerte por asfixia. Tras ello, dej\u00f3 el cuerpo de la v\u00edctima en el suelo de la habitaci\u00f3n y se retir\u00f3 del lugar.\u00a0<\/p>\n\n\n\n<p>Tras la intervenci\u00f3n policial, en la cual el sujeto qued\u00f3 aprehendido, fue comunicado a la Unidad Funcional de Instrucci\u00f3n N.\u00ba 4 del Departamento Judicial Mercedes que instruy\u00f3 la investigaci\u00f3n en conjunto con la Ayudant\u00eda Fiscal de Bragado.\u00a0<\/p>\n\n\n\n<p>El imputado compareci\u00f3 ante el agente fiscal en el marco de la audiencia de declaraci\u00f3n en los t\u00e9rminos del art. 308 del C\u00f3digo Procesal Penal en la jornada de este viernes. Fue por el delito de \u201cHomicidio agravado por el v\u00ednculo y por ser materializado por un hombre hacia una mujer mediando violencia de g\u00e9nero\u201d e hizo uso de su derecho a negarse a declarar.\u00a0<\/p>\n\n\n\n<p>Por otra parte, en la localidad de O&#8217;Brien los vecinos anunciaron que estar\u00e1n moviliz\u00e1ndose este s\u00e1bado a la hora 16. Piden que el caso no quede impune. <\/p>\n\n\n\n<p>Fuente: Ministerio P\u00fablico Fiscal Depto Judicial Mercedes<br>Bragadoinforma.com.ar<\/p>\n","protected":false},"excerpt":{"rendered":"<p>Fiscali\u00e1 confirm\u00f3 la aprehenci\u00f3n de sujeto de 42 a\u00f1os por el femicidio de Abigail Alejandra Yannone. Se neg\u00f3 a declarar. <\/p>\n","protected":false},"author":1,"featured_media":151594,"comment_status":"closed","ping_status":"open","sticky":false,"template":"","format":"standard","meta":{"_monsterinsights_skip_tracking":false,"_monsterinsights_sitenote_active":false,"_monsterinsights_sitenote_note":"","_monsterinsights_sitenote_category":0,"jetpack_post_was_ever_published":false,"_jetpack_newsletter_access":"","_jetpack_dont_email_post_to_subs":false,"_jetpack_newsletter_tier_id":0,"_jetpack_memberships_contains_paywalled_content":false,"_jetpack_memberships_contains_paid_content":false,"footnotes":"","jetpack_publicize_message":"","jetpack_publicize_feature_enabled":true,"jetpack_social_post_already_shared":true,"jetpack_social_options":{"image_generator_settings":{"template":"highway","default_image_id":0,"font":"","enabled":false},"version":2},"_wpas_customize_per_network":false},"categories":[85],"tags":[],"class_list":["post-151593","post","type-post","status-publish","format-standard","has-post-thumbnail","hentry","category-policial","generate-columns","tablet-grid-50","mobile-grid-100","grid-parent","grid-50"],"jetpack_publicize_connections":[],"jetpack_featured_media_url":"https:\/\/www.hoymercedes.com.ar\/principal\/wp-content\/uploads\/2022\/08\/2022-08-05-2.png","wps_subtitle":"","jetpack_sharing_enabled":true,"_links":{"self":[{"href":"https:\/\/www.hoymercedes.com.ar\/principal\/wp-json\/wp\/v2\/posts\/151593","targetHints":{"allow":["GET"]}}],"collection":[{"href":"https:\/\/www.hoymercedes.com.ar\/principal\/wp-json\/wp\/v2\/posts"}],"about":[{"href":"https:\/\/www.hoymercedes.com.ar\/principal\/wp-json\/wp\/v2\/types\/post"}],"author":[{"embeddable":true,"href":"https:\/\/www.hoymercedes.com.ar\/principal\/wp-json\/wp\/v2\/users\/1"}],"replies":[{"embeddable":true,"href":"https:\/\/www.hoymercedes.com.ar\/principal\/wp-json\/wp\/v2\/comments?post=151593"}],"version-history":[{"count":0,"href":"https:\/\/www.hoymercedes.com.ar\/principal\/wp-json\/wp\/v2\/posts\/151593\/revisions"}],"wp:featuredmedia":[{"embeddable":true,"href":"https:\/\/www.hoymercedes.com.ar\/principal\/wp-json\/wp\/v2\/media\/151594"}],"wp:attachment":[{"href":"https:\/\/www.hoymercedes.com.ar\/principal\/wp-json\/wp\/v2\/media?parent=151593"}],"wp:term":[{"taxonomy":"category","embeddable":true,"href":"https:\/\/www.hoymercedes.com.ar\/principal\/wp-json\/wp\/v2\/categories?post=151593"},{"taxonomy":"post_tag","embeddable":true,"href":"https:\/\/www.hoymercedes.com.ar\/principal\/wp-json\/wp\/v2\/tags?post=151593"}],"curies":[{"name":"wp","href":"https:\/\/api.w.org\/{rel}","templated":true}]}}