{"id":151636,"date":"2022-08-07T18:43:28","date_gmt":"2022-08-07T21:43:28","guid":{"rendered":"https:\/\/www.hoymercedes.com.ar\/principal\/?p=151636"},"modified":"2022-08-07T18:43:33","modified_gmt":"2022-08-07T21:43:33","slug":"chelonoidis-petrocellii-la-tortuga-prehistorica-en-homenaje-a-jorge-petrocelli","status":"publish","type":"post","link":"https:\/\/www.hoymercedes.com.ar\/principal\/2022\/08\/07\/chelonoidis-petrocellii-la-tortuga-prehistorica-en-homenaje-a-jorge-petrocelli\/","title":{"rendered":"Chelonoidis Petrocellii: La tortuga prehist\u00f3rica en homenaje a Jorge Petrocelli"},"content":{"rendered":"\n<p><strong><em>Se le impuso su nombre a una desconocida y singular variante de una tortuga prehist\u00f3rica hallada en el partido de Mercedes: chelonoidis petrocellii. El Instituto Belgraniano de Mercedes expresa sus m\u00e1s gratas felicitaciones al Sr. Jorge Luis Petrocelli, miembro cofundador de la entidad.<\/em><\/strong><\/p>\n\n\n<div class=\"wp-block-image\">\n<figure class=\"aligncenter size-full\"><img loading=\"lazy\" decoding=\"async\" width=\"1024\" height=\"769\" data-attachment-id=\"151637\" data-permalink=\"https:\/\/www.hoymercedes.com.ar\/principal\/2022\/08\/07\/chelonoidis-petrocellii-la-tortuga-prehistorica-en-homenaje-a-jorge-petrocelli\/petrocelli-pm\/#main\" data-orig-file=\"https:\/\/www.hoymercedes.com.ar\/principal\/wp-content\/uploads\/2022\/08\/petrocelli-PM.jpeg\" data-orig-size=\"1024,769\" data-comments-opened=\"0\" data-image-meta=\"{&quot;aperture&quot;:&quot;0&quot;,&quot;credit&quot;:&quot;&quot;,&quot;camera&quot;:&quot;&quot;,&quot;caption&quot;:&quot;&quot;,&quot;created_timestamp&quot;:&quot;0&quot;,&quot;copyright&quot;:&quot;&quot;,&quot;focal_length&quot;:&quot;0&quot;,&quot;iso&quot;:&quot;0&quot;,&quot;shutter_speed&quot;:&quot;0&quot;,&quot;title&quot;:&quot;&quot;,&quot;orientation&quot;:&quot;0&quot;}\" data-image-title=\"petrocelli PM\" data-image-description=\"\" data-image-caption=\"\" data-large-file=\"https:\/\/www.hoymercedes.com.ar\/principal\/wp-content\/uploads\/2022\/08\/petrocelli-PM.jpeg\" src=\"https:\/\/www.hoymercedes.com.ar\/principal\/wp-content\/uploads\/2022\/08\/petrocelli-PM.jpeg\" alt=\"\" class=\"wp-image-151637\" srcset=\"https:\/\/www.hoymercedes.com.ar\/principal\/wp-content\/uploads\/2022\/08\/petrocelli-PM.jpeg 1024w, https:\/\/www.hoymercedes.com.ar\/principal\/wp-content\/uploads\/2022\/08\/petrocelli-PM-630x473.jpeg 630w, https:\/\/www.hoymercedes.com.ar\/principal\/wp-content\/uploads\/2022\/08\/petrocelli-PM-150x113.jpeg 150w\" sizes=\"auto, (max-width: 1024px) 100vw, 1024px\" \/><\/figure>\n<\/div>\n\n\n<p>El Instituto Belgraniano de Mercedes expresa sus m\u00e1s gratas felicitaciones al Sr. Jorge Luis Petrocelli (miembro cofundador de nuestra entidad en 1980) por la distinci\u00f3n internacional recibida hace poco tiempo. Se le impuso su nombre a una desconocida y singular variante de una tortuga prehist\u00f3rica hallada en el partido de Mercedes: chelonoidis petrocellii.<\/p>\n\n\n\n<p>Si bien los restos f\u00f3siles no fueron descubiertos por tareas propias de Jorge, al carecer de nominativo espec\u00edfico le dieron el del infatigable \u201crebuscador de huesos f\u00f3siles\u201d como \u00e9l se ha autodefinido. El motivo de tan acertada nominaci\u00f3n es su ingente labor desarrollada durante muchos a\u00f1os al frente de la direcci\u00f3n del Museo Municipal de Ciencias Naturales \u201cCarlos Ameghino\u201d de nuestra ciudad.<\/p>\n\n\n\n<p>El art\u00edculo del estudioso Federico Agnolin (Museo Argentino de Ciencias Naturales Bernardino Rivadavia &#8211; Universidad Maim\u00f3nides), Una nueva tortuga del Pleistoceno de Argentina con comentarios sobre la extinci\u00f3n de tortugas y comunidades vegetales del Pleistoceno tard\u00edo, aparecido en la revista internacional Paleontological Journal Vol. 55, No. 8 (2021, pp. 913\u2013922), expresa que \u201cpetrocellii, es en homenaje a Jorge Luis Petrocelli, destacado cient\u00edfico local por sus grandes contribuciones al conocimiento de la paleontolog\u00eda y arqueolog\u00eda regional\u201d.<\/p>\n\n\n\n<p>Los restos f\u00f3siles fueron hallados en el arroyo Balta, uno de los afluentes del R\u00edo Luj\u00e1n en su paso por Mercedes, y corresponden al Pleistoceno tard\u00edo (115.000 \u2013 55.000 a\u00f1os atr\u00e1s). Habi\u00e9ndose encontrado otros chelonoides en el sur de las provincias de Santa Fe y C\u00f3rdoba, la nueva \u201cpetrocelii\u201d corresponde a una tortuga de peque\u00f1o tama\u00f1o que habit\u00f3 los lechos del Pleistoceno Superior del norte bonaerense. <\/p>\n\n\n\n<p>\u201cEsta nueva especie muestra una combinaci\u00f3n \u00fanica de caracteres que se aparta de formas existentes o extintas previamente conocidas\u201d sostiene Agnolin, tema que desarrolla ampliamente en su art\u00edculo (a modo de ejemplo: no tiene un caparaz\u00f3n abovedado, con protuberancias grandes y convexas como los chelonoides gigantes, su tercera placa neural es alargada, de contorno subrectangular, anteroposteriormente m\u00e1s largo que transversalmente ancho).<\/p>\n\n\n\n<p>\u00abVale decir, que el nombre de un convecino estar\u00e1 asociado para siempre a esta variante prehist\u00f3rica y en el futuro, todo nuevo hallazgo en el mundo portar\u00e1 el nombre de Jorge Petrocelli. Reiteramos las m\u00e1s caras felicitaciones extensivas a su extinta esposa, Beatriz, eficac\u00edsima colaboradora en sus tareas investigativas y de campo\u00bb, expresan desde el Instituto Belgraniano. <\/p>\n\n\n\n<p>Colaboraci\u00f3n; Mariano Oyarz\u00fa<\/p>\n\n\n\n<p><\/p>\n","protected":false},"excerpt":{"rendered":"<p>Restos f\u00f3siles de una tortuga prehist\u00f3rica llevar\u00e1n el nombre de Jorge Petrocelli. La desconocida y singular tortuga prehist\u00f3rica fue hallada en el partido de Mercedes. <\/p>\n","protected":false},"author":1,"featured_media":151637,"comment_status":"closed","ping_status":"open","sticky":false,"template":"","format":"standard","meta":{"_monsterinsights_skip_tracking":false,"_monsterinsights_sitenote_active":false,"_monsterinsights_sitenote_note":"","_monsterinsights_sitenote_category":0,"jetpack_post_was_ever_published":false,"_jetpack_newsletter_access":"","_jetpack_dont_email_post_to_subs":false,"_jetpack_newsletter_tier_id":0,"_jetpack_memberships_contains_paywalled_content":false,"_jetpack_memberships_contains_paid_content":false,"footnotes":"","jetpack_publicize_message":"","jetpack_publicize_feature_enabled":true,"jetpack_social_post_already_shared":true,"jetpack_social_options":{"image_generator_settings":{"template":"highway","default_image_id":0,"font":"","enabled":false},"version":2},"_wpas_customize_per_network":false},"categories":[104],"tags":[7805],"class_list":["post-151636","post","type-post","status-publish","format-standard","has-post-thumbnail","hentry","category-cultura","tag-cultura","generate-columns","tablet-grid-50","mobile-grid-100","grid-parent","grid-50"],"jetpack_publicize_connections":[],"jetpack_featured_media_url":"https:\/\/www.hoymercedes.com.ar\/principal\/wp-content\/uploads\/2022\/08\/petrocelli-PM.jpeg","wps_subtitle":"Distinci\u00f3n internacional","jetpack_sharing_enabled":true,"_links":{"self":[{"href":"https:\/\/www.hoymercedes.com.ar\/principal\/wp-json\/wp\/v2\/posts\/151636","targetHints":{"allow":["GET"]}}],"collection":[{"href":"https:\/\/www.hoymercedes.com.ar\/principal\/wp-json\/wp\/v2\/posts"}],"about":[{"href":"https:\/\/www.hoymercedes.com.ar\/principal\/wp-json\/wp\/v2\/types\/post"}],"author":[{"embeddable":true,"href":"https:\/\/www.hoymercedes.com.ar\/principal\/wp-json\/wp\/v2\/users\/1"}],"replies":[{"embeddable":true,"href":"https:\/\/www.hoymercedes.com.ar\/principal\/wp-json\/wp\/v2\/comments?post=151636"}],"version-history":[{"count":0,"href":"https:\/\/www.hoymercedes.com.ar\/principal\/wp-json\/wp\/v2\/posts\/151636\/revisions"}],"wp:featuredmedia":[{"embeddable":true,"href":"https:\/\/www.hoymercedes.com.ar\/principal\/wp-json\/wp\/v2\/media\/151637"}],"wp:attachment":[{"href":"https:\/\/www.hoymercedes.com.ar\/principal\/wp-json\/wp\/v2\/media?parent=151636"}],"wp:term":[{"taxonomy":"category","embeddable":true,"href":"https:\/\/www.hoymercedes.com.ar\/principal\/wp-json\/wp\/v2\/categories?post=151636"},{"taxonomy":"post_tag","embeddable":true,"href":"https:\/\/www.hoymercedes.com.ar\/principal\/wp-json\/wp\/v2\/tags?post=151636"}],"curies":[{"name":"wp","href":"https:\/\/api.w.org\/{rel}","templated":true}]}}