{"id":15172,"date":"2012-08-10T01:38:06","date_gmt":"2012-08-10T01:38:06","guid":{"rendered":"http:\/\/www.hoymercedes.com.ar\/principal\/?p=15172"},"modified":"2012-08-10T01:50:19","modified_gmt":"2012-08-10T01:50:19","slug":"advierten-sobre-camiones-con-materiales-en-la-ciudad","status":"publish","type":"post","link":"https:\/\/www.hoymercedes.com.ar\/principal\/2012\/08\/10\/advierten-sobre-camiones-con-materiales-en-la-ciudad\/","title":{"rendered":"Advierten sobre camiones con materiales en la ciudad"},"content":{"rendered":"<p><a href=\"https:\/\/www.hoymercedes.com.ar\/principal\/wp-content\/uploads\/2012\/08\/Camiones-Mercedes.jpg\"><img loading=\"lazy\" decoding=\"async\" data-attachment-id=\"15174\" data-permalink=\"https:\/\/www.hoymercedes.com.ar\/principal\/2012\/08\/10\/advierten-sobre-camiones-con-materiales-en-la-ciudad\/camiones-mercedes\/#main\" data-orig-file=\"https:\/\/www.hoymercedes.com.ar\/principal\/wp-content\/uploads\/2012\/08\/Camiones-Mercedes.jpg\" data-orig-size=\"614,461\" data-comments-opened=\"1\" data-image-meta=\"{&quot;aperture&quot;:&quot;0&quot;,&quot;credit&quot;:&quot;&quot;,&quot;camera&quot;:&quot;&quot;,&quot;caption&quot;:&quot;&quot;,&quot;created_timestamp&quot;:&quot;0&quot;,&quot;copyright&quot;:&quot;&quot;,&quot;focal_length&quot;:&quot;0&quot;,&quot;iso&quot;:&quot;0&quot;,&quot;shutter_speed&quot;:&quot;0&quot;,&quot;title&quot;:&quot;&quot;}\" data-image-title=\"Camiones-Mercedes\" data-image-description=\"\" data-image-caption=\"\" data-large-file=\"https:\/\/www.hoymercedes.com.ar\/principal\/wp-content\/uploads\/2012\/08\/Camiones-Mercedes.jpg\" class=\"aligncenter size-full wp-image-15174\" title=\"Camiones-Mercedes\" src=\"https:\/\/www.hoymercedes.com.ar\/principal\/wp-content\/uploads\/2012\/08\/Camiones-Mercedes.jpg\" alt=\"\" width=\"614\" height=\"461\" \/><\/a><\/p>\n<p>Una vez m\u00e1s este jueves por la tarde siete camiones sin\u00a0identificaci\u00f3n\u00a0recorrieron varios barrios de la ciudad entregando mercader\u00eda y electrodom\u00e9sticos.<\/p>\n<p>Las versiones de varios vecinos de diferentes barriadas de la ciudad son coincidentes y aseguran que fueron varios los camiones que estuvieron repartiendo mercader\u00eda y otros materiales. A mediados de la tarde se los pudo apreciar estacionados en las cercan\u00edas de la Plaza de la Estaci\u00f3n. Pero luego partieron en caravana a recorrer barrios humildes de la ciudad.<\/p>\n<p>Vale recordar que \u00e9ste es el segundo episodio que se da en quince d\u00edas, ya que hace un par de semanas se vivieron similares situaciones en la ciudad.<\/p>\n<p>Todo este movimiento y las entregas en los barrios son coordinadas desde Mercedes por referentes del Frente Mercedino, seg\u00fan reconocieron en p\u00fablicas declaraciones, como la mencionada Bustos, Marianela Arenillas y Jorgelina Silva, sin que medie la intervenci\u00f3n del municipio local.<\/p>\n<p><span style=\"color: #888888;\">Fuente: PJ<\/span><\/p>\n","protected":false},"excerpt":{"rendered":"<p>Una vez m\u00e1s este jueves por la tarde siete camiones sin\u00a0identificaci\u00f3n\u00a0recorrieron varios barrios de la ciudad entregando mercader\u00eda y electrodom\u00e9sticos. &#8230; <a title=\"Advierten sobre camiones con materiales en la ciudad\" class=\"read-more\" href=\"https:\/\/www.hoymercedes.com.ar\/principal\/2012\/08\/10\/advierten-sobre-camiones-con-materiales-en-la-ciudad\/\" aria-label=\"Leer m\u00e1s sobre Advierten sobre camiones con materiales en la ciudad\">Leer m\u00e1s<\/a><\/p>\n","protected":false},"author":1,"featured_media":0,"comment_status":"open","ping_status":"open","sticky":false,"template":"","format":"standard","meta":{"_monsterinsights_skip_tracking":false,"_monsterinsights_sitenote_active":false,"_monsterinsights_sitenote_note":"","_monsterinsights_sitenote_category":0,"jetpack_post_was_ever_published":false,"_jetpack_newsletter_access":"","_jetpack_dont_email_post_to_subs":false,"_jetpack_newsletter_tier_id":0,"_jetpack_memberships_contains_paywalled_content":false,"_jetpack_memberships_contains_paid_content":false,"footnotes":"","jetpack_publicize_message":"","jetpack_publicize_feature_enabled":true,"jetpack_social_post_already_shared":false,"jetpack_social_options":{"image_generator_settings":{"template":"highway","default_image_id":0,"font":"","enabled":false},"version":2},"_wpas_customize_per_network":false},"categories":[5],"tags":[2610],"class_list":["post-15172","post","type-post","status-publish","format-standard","hentry","category-politica","tag-camiones","generate-columns","tablet-grid-50","mobile-grid-100","grid-parent","grid-50"],"jetpack_publicize_connections":[],"jetpack_featured_media_url":"","wps_subtitle":"","jetpack_sharing_enabled":true,"_links":{"self":[{"href":"https:\/\/www.hoymercedes.com.ar\/principal\/wp-json\/wp\/v2\/posts\/15172","targetHints":{"allow":["GET"]}}],"collection":[{"href":"https:\/\/www.hoymercedes.com.ar\/principal\/wp-json\/wp\/v2\/posts"}],"about":[{"href":"https:\/\/www.hoymercedes.com.ar\/principal\/wp-json\/wp\/v2\/types\/post"}],"author":[{"embeddable":true,"href":"https:\/\/www.hoymercedes.com.ar\/principal\/wp-json\/wp\/v2\/users\/1"}],"replies":[{"embeddable":true,"href":"https:\/\/www.hoymercedes.com.ar\/principal\/wp-json\/wp\/v2\/comments?post=15172"}],"version-history":[{"count":0,"href":"https:\/\/www.hoymercedes.com.ar\/principal\/wp-json\/wp\/v2\/posts\/15172\/revisions"}],"wp:attachment":[{"href":"https:\/\/www.hoymercedes.com.ar\/principal\/wp-json\/wp\/v2\/media?parent=15172"}],"wp:term":[{"taxonomy":"category","embeddable":true,"href":"https:\/\/www.hoymercedes.com.ar\/principal\/wp-json\/wp\/v2\/categories?post=15172"},{"taxonomy":"post_tag","embeddable":true,"href":"https:\/\/www.hoymercedes.com.ar\/principal\/wp-json\/wp\/v2\/tags?post=15172"}],"curies":[{"name":"wp","href":"https:\/\/api.w.org\/{rel}","templated":true}]}}