{"id":151767,"date":"2022-08-11T18:02:32","date_gmt":"2022-08-11T21:02:32","guid":{"rendered":"https:\/\/www.hoymercedes.com.ar\/principal\/?p=151767"},"modified":"2022-08-11T18:02:34","modified_gmt":"2022-08-11T21:02:34","slug":"convocan-para-participar-del-13-salon-anual-de-fotografia","status":"publish","type":"post","link":"https:\/\/www.hoymercedes.com.ar\/principal\/2022\/08\/11\/convocan-para-participar-del-13-salon-anual-de-fotografia\/","title":{"rendered":"Convocan para participar del 13\u00b0 Sal\u00f3n Anual de Fotograf\u00eda"},"content":{"rendered":"\n<p>A trav\u00e9s de un encuentro con los medios, desde el Museo de Arte (MAMM), el Intendente Juan Ignacio Ustarroz, la Directora de Cultura Luc\u00eda Capaccio, y la Coordinadora del MAMM Jimena Rivas, anunciaron la convocatoria a fot\u00f3grafos que quieran participar del 13\u00b0 Sal\u00f3n de Fotograf\u00eda \u00abCiudad de Mercedes\u00bb. <\/p>\n\n\n<div class=\"wp-block-image\">\n<figure class=\"aligncenter size-full\"><img loading=\"lazy\" decoding=\"async\" width=\"800\" height=\"533\" data-attachment-id=\"151764\" data-permalink=\"https:\/\/www.hoymercedes.com.ar\/principal\/2022\/08\/11\/municipio-y-enacom-entregaron-las-primeras-1500-tables-para-procesos-de-ensenanza-y-aprendizaje\/salon-fotografia\/#main\" data-orig-file=\"https:\/\/www.hoymercedes.com.ar\/principal\/wp-content\/uploads\/2022\/08\/Salon-fotografia.jpg\" data-orig-size=\"800,533\" data-comments-opened=\"0\" data-image-meta=\"{&quot;aperture&quot;:&quot;0&quot;,&quot;credit&quot;:&quot;&quot;,&quot;camera&quot;:&quot;&quot;,&quot;caption&quot;:&quot;&quot;,&quot;created_timestamp&quot;:&quot;1660238812&quot;,&quot;copyright&quot;:&quot;&quot;,&quot;focal_length&quot;:&quot;0&quot;,&quot;iso&quot;:&quot;0&quot;,&quot;shutter_speed&quot;:&quot;0&quot;,&quot;title&quot;:&quot;&quot;,&quot;orientation&quot;:&quot;1&quot;}\" data-image-title=\"Salon fotograf\u00eda\" data-image-description=\"\" data-image-caption=\"\" data-large-file=\"https:\/\/www.hoymercedes.com.ar\/principal\/wp-content\/uploads\/2022\/08\/Salon-fotografia.jpg\" src=\"https:\/\/www.hoymercedes.com.ar\/principal\/wp-content\/uploads\/2022\/08\/Salon-fotografia.jpg\" alt=\"\" class=\"wp-image-151764\" srcset=\"https:\/\/www.hoymercedes.com.ar\/principal\/wp-content\/uploads\/2022\/08\/Salon-fotografia.jpg 800w, https:\/\/www.hoymercedes.com.ar\/principal\/wp-content\/uploads\/2022\/08\/Salon-fotografia-630x420.jpg 630w, https:\/\/www.hoymercedes.com.ar\/principal\/wp-content\/uploads\/2022\/08\/Salon-fotografia-150x100.jpg 150w, https:\/\/www.hoymercedes.com.ar\/principal\/wp-content\/uploads\/2022\/08\/Salon-fotografia-700x465.jpg 700w\" sizes=\"auto, (max-width: 800px) 100vw, 800px\" \/><\/figure>\n<\/div>\n\n\n<p>Para aficionados y profesionales, los fot\u00f3grafos que quieran participar, podr\u00e1n presentar v\u00eda correo electr\u00f3nico la imagen digitalizada hasta el 26 de agosto para que el jurado (a\u00fan sin confirmar los nombres) hagan una preselecci\u00f3n y luego as\u00ed, entregar las im\u00e1genes impresas listas para colgar. Esas im\u00e1genes preseleccionadas formar\u00e1n parte del Sal\u00f3n y volver\u00e1 actuar el jurado para decidir qui\u00e9nes ser\u00e1n los premiados. <\/p>\n\n\n\n<p>\u00abEn esta nueva edici\u00f3n, el certamen estar\u00e1 dividido en cuatro categor\u00edas\u00bb, explic\u00f3 Rivas junto a Capaccio, Ustarroz y Maggie Levermann y Luc\u00eda Lascano del Programa Mil D\u00edas. \u00abPara el primero, segundo y tercer premio del Sal\u00f3n, participar\u00e1n todos. La segunda categor\u00eda ser\u00e1 la Local para residentes de la ciudad de Mercedes. Se suma el Premio Est\u00edmulo Joven para fot\u00f3grafos de entre 18 y 35 a\u00f1os, y el Premio Pimeros Mil D\u00edas, una iniciativa que surge en la articulaci\u00f3n con la Secretar\u00eda de Salud y la Secretar\u00eda de Desarrollo con la Comunidad\u00bb, explic\u00f3. <\/p>\n\n\n\n<p>Es as\u00ed que los participantes, a la hora de completar los datos de la inscripci\u00f3n poniendo sus datos, especialmente su residencia y edad, deber\u00e1n marcar si la obra podr\u00eda encuadrarse en la categor\u00eda Primeros Mil D\u00edas. <\/p>\n\n\n\n<p>Para participar, las bases y condiciones se pueden solicitar al correo electr\u00f3nico: museodeartemamm@gmail.com, o dirigirse al Museo De Arte Mercedes en calle 23 entre16 y 18. En las bases y condiciones est\u00e1 expl\u00edcito los montos de los premios adquisici\u00f3n. <\/p>\n\n\n\n<p>Hasta el 26 de agosto se recepcionan las obras en formato digital. Luego, ser\u00e1n los jurados los que hagan la preselecci\u00f3n y antes del 23 de septiembre, d\u00eda de la inauguraci\u00f3n del Sal\u00f3n de Fotograf\u00edas, se conocer\u00e1n qui\u00e9nes son los ganadores. <\/p>\n\n\n\n<figure class=\"wp-block-gallery has-nested-images columns-default is-cropped wp-block-gallery-1 is-layout-flex wp-block-gallery-is-layout-flex\">\n<figure class=\"wp-block-image size-large\"><img loading=\"lazy\" decoding=\"async\" width=\"800\" height=\"800\" data-attachment-id=\"151769\" data-permalink=\"https:\/\/www.hoymercedes.com.ar\/principal\/2022\/08\/11\/convocan-para-participar-del-13-salon-anual-de-fotografia\/fotografia-mamm-2\/#main\" data-orig-file=\"https:\/\/www.hoymercedes.com.ar\/principal\/wp-content\/uploads\/2022\/08\/Fotografia-MAMM-2.jpg\" data-orig-size=\"800,800\" data-comments-opened=\"0\" data-image-meta=\"{&quot;aperture&quot;:&quot;0&quot;,&quot;credit&quot;:&quot;&quot;,&quot;camera&quot;:&quot;&quot;,&quot;caption&quot;:&quot;&quot;,&quot;created_timestamp&quot;:&quot;0&quot;,&quot;copyright&quot;:&quot;&quot;,&quot;focal_length&quot;:&quot;0&quot;,&quot;iso&quot;:&quot;0&quot;,&quot;shutter_speed&quot;:&quot;0&quot;,&quot;title&quot;:&quot;&quot;,&quot;orientation&quot;:&quot;0&quot;}\" data-image-title=\"Fotograf\u00eda MAMM 2\" data-image-description=\"\" data-image-caption=\"\" data-large-file=\"https:\/\/www.hoymercedes.com.ar\/principal\/wp-content\/uploads\/2022\/08\/Fotografia-MAMM-2.jpg\" data-id=\"151769\" src=\"https:\/\/www.hoymercedes.com.ar\/principal\/wp-content\/uploads\/2022\/08\/Fotografia-MAMM-2.jpg\" alt=\"\" class=\"wp-image-151769\" srcset=\"https:\/\/www.hoymercedes.com.ar\/principal\/wp-content\/uploads\/2022\/08\/Fotografia-MAMM-2.jpg 800w, https:\/\/www.hoymercedes.com.ar\/principal\/wp-content\/uploads\/2022\/08\/Fotografia-MAMM-2-620x620.jpg 620w, https:\/\/www.hoymercedes.com.ar\/principal\/wp-content\/uploads\/2022\/08\/Fotografia-MAMM-2-150x150.jpg 150w\" sizes=\"auto, (max-width: 800px) 100vw, 800px\" \/><\/figure>\n\n\n\n<figure class=\"wp-block-image size-large\"><img loading=\"lazy\" decoding=\"async\" width=\"800\" height=\"800\" data-attachment-id=\"151770\" data-permalink=\"https:\/\/www.hoymercedes.com.ar\/principal\/2022\/08\/11\/convocan-para-participar-del-13-salon-anual-de-fotografia\/fotografia-mamm-3\/#main\" data-orig-file=\"https:\/\/www.hoymercedes.com.ar\/principal\/wp-content\/uploads\/2022\/08\/Fotografia-MAMM-3.jpg\" data-orig-size=\"800,800\" data-comments-opened=\"0\" data-image-meta=\"{&quot;aperture&quot;:&quot;0&quot;,&quot;credit&quot;:&quot;&quot;,&quot;camera&quot;:&quot;&quot;,&quot;caption&quot;:&quot;&quot;,&quot;created_timestamp&quot;:&quot;0&quot;,&quot;copyright&quot;:&quot;&quot;,&quot;focal_length&quot;:&quot;0&quot;,&quot;iso&quot;:&quot;0&quot;,&quot;shutter_speed&quot;:&quot;0&quot;,&quot;title&quot;:&quot;&quot;,&quot;orientation&quot;:&quot;0&quot;}\" data-image-title=\"Fotograf\u00eda MAMM 3\" data-image-description=\"\" data-image-caption=\"\" data-large-file=\"https:\/\/www.hoymercedes.com.ar\/principal\/wp-content\/uploads\/2022\/08\/Fotografia-MAMM-3.jpg\" data-id=\"151770\" src=\"https:\/\/www.hoymercedes.com.ar\/principal\/wp-content\/uploads\/2022\/08\/Fotografia-MAMM-3.jpg\" alt=\"\" class=\"wp-image-151770\" srcset=\"https:\/\/www.hoymercedes.com.ar\/principal\/wp-content\/uploads\/2022\/08\/Fotografia-MAMM-3.jpg 800w, https:\/\/www.hoymercedes.com.ar\/principal\/wp-content\/uploads\/2022\/08\/Fotografia-MAMM-3-620x620.jpg 620w, https:\/\/www.hoymercedes.com.ar\/principal\/wp-content\/uploads\/2022\/08\/Fotografia-MAMM-3-150x150.jpg 150w\" sizes=\"auto, (max-width: 800px) 100vw, 800px\" \/><\/figure>\n<\/figure>\n","protected":false},"excerpt":{"rendered":"<p>CULTURA. Hasta el 26 de agosto se reciben en digital las obras fotogr\u00e1ficas para el 13\u00b0 Sal\u00f3n de Fotograf\u00eda. M\u00e1s info aqu\u00ed. <\/p>\n","protected":false},"author":1,"featured_media":151768,"comment_status":"closed","ping_status":"open","sticky":false,"template":"","format":"standard","meta":{"_monsterinsights_skip_tracking":false,"_monsterinsights_sitenote_active":false,"_monsterinsights_sitenote_note":"","_monsterinsights_sitenote_category":0,"jetpack_post_was_ever_published":false,"_jetpack_newsletter_access":"","_jetpack_dont_email_post_to_subs":false,"_jetpack_newsletter_tier_id":0,"_jetpack_memberships_contains_paywalled_content":false,"_jetpack_memberships_contains_paid_content":false,"footnotes":"","jetpack_publicize_message":"","jetpack_publicize_feature_enabled":true,"jetpack_social_post_already_shared":true,"jetpack_social_options":{"image_generator_settings":{"template":"highway","default_image_id":0,"font":"","enabled":false},"version":2},"_wpas_customize_per_network":false},"categories":[104],"tags":[7805,244,5470],"class_list":["post-151767","post","type-post","status-publish","format-standard","has-post-thumbnail","hentry","category-cultura","tag-cultura","tag-municipio-2","tag-salon-de-fotografia-mercedes","generate-columns","tablet-grid-50","mobile-grid-100","grid-parent","grid-50"],"jetpack_publicize_connections":[],"jetpack_featured_media_url":"https:\/\/www.hoymercedes.com.ar\/principal\/wp-content\/uploads\/2022\/08\/Fotografia-MAMM-1.jpg","wps_subtitle":"","jetpack_sharing_enabled":true,"_links":{"self":[{"href":"https:\/\/www.hoymercedes.com.ar\/principal\/wp-json\/wp\/v2\/posts\/151767","targetHints":{"allow":["GET"]}}],"collection":[{"href":"https:\/\/www.hoymercedes.com.ar\/principal\/wp-json\/wp\/v2\/posts"}],"about":[{"href":"https:\/\/www.hoymercedes.com.ar\/principal\/wp-json\/wp\/v2\/types\/post"}],"author":[{"embeddable":true,"href":"https:\/\/www.hoymercedes.com.ar\/principal\/wp-json\/wp\/v2\/users\/1"}],"replies":[{"embeddable":true,"href":"https:\/\/www.hoymercedes.com.ar\/principal\/wp-json\/wp\/v2\/comments?post=151767"}],"version-history":[{"count":0,"href":"https:\/\/www.hoymercedes.com.ar\/principal\/wp-json\/wp\/v2\/posts\/151767\/revisions"}],"wp:featuredmedia":[{"embeddable":true,"href":"https:\/\/www.hoymercedes.com.ar\/principal\/wp-json\/wp\/v2\/media\/151768"}],"wp:attachment":[{"href":"https:\/\/www.hoymercedes.com.ar\/principal\/wp-json\/wp\/v2\/media?parent=151767"}],"wp:term":[{"taxonomy":"category","embeddable":true,"href":"https:\/\/www.hoymercedes.com.ar\/principal\/wp-json\/wp\/v2\/categories?post=151767"},{"taxonomy":"post_tag","embeddable":true,"href":"https:\/\/www.hoymercedes.com.ar\/principal\/wp-json\/wp\/v2\/tags?post=151767"}],"curies":[{"name":"wp","href":"https:\/\/api.w.org\/{rel}","templated":true}]}}