{"id":151784,"date":"2022-08-12T10:05:00","date_gmt":"2022-08-12T13:05:00","guid":{"rendered":"https:\/\/www.hoymercedes.com.ar\/principal\/?p=151784"},"modified":"2022-08-11T22:11:09","modified_gmt":"2022-08-12T01:11:09","slug":"estreno-nacional-en-el-cine-mercedes","status":"publish","type":"post","link":"https:\/\/www.hoymercedes.com.ar\/principal\/2022\/08\/12\/estreno-nacional-en-el-cine-mercedes\/","title":{"rendered":"Estreno nacional en el Cine Mercedes"},"content":{"rendered":"\n<p>Del 12 al 16 de agosto, el Cine Mercedes presenta el estreno nacional \u00ab30 Noches con mi Ex\u00bb con Adri\u00e1n Suar y Pilar Gamboa. Se podr\u00e1 ver en las funciones de las 19:30 y 21:45 horas. Asimismo, contin\u00faa \u00abSupermascotas\u00bb en las funciones de la hora 17. <\/p>\n\n\n\n<p>Sinopsis \u00abSupermascotas\u00bb: Krypto el Superperro y Superman son amigos inseparables que comparten los mismos superpoderes y luchan juntos contra el crimen en Metr\u00f3polis. Cuando Superman y el resto de la Liga de la Justicia son secuestrados, Krypto debe convencer a un variopinto grupo de un albergue \u2013Ace el sabueso, PB la cerdita barrigona, Merton la tortuga y Chip la ardilla\u2013 de dominar sus nuevos poderes y ayudarlo a rescatar a los superh\u00e9roes.<\/p>\n\n\n\n<p>Sinopsis \u00ab30 Noches con mi Ex\u00bb: Luego de estar a\u00f1os separado de su esposa, \u00abEl Turbo\u00bb (Adri\u00e1n Suar) acepta el pedido de su hija en que convivan nuevamente por 30 d\u00edas con su ex esposa que se est\u00e1 recuperando de una larga internaci\u00f3n. La nueva vida en familia podr\u00eda reavivar los sentimientos de amor y la ilusi\u00f3n de estar juntos.<\/p>\n\n\n<div class=\"wp-block-image\">\n<figure class=\"aligncenter size-full\"><img loading=\"lazy\" decoding=\"async\" width=\"732\" height=\"800\" data-attachment-id=\"151785\" data-permalink=\"https:\/\/www.hoymercedes.com.ar\/principal\/2022\/08\/12\/estreno-nacional-en-el-cine-mercedes\/gacetilla-cine-mercedes-1-3\/#main\" data-orig-file=\"https:\/\/www.hoymercedes.com.ar\/principal\/wp-content\/uploads\/2022\/08\/Gacetilla-Cine-Mercedes-1.jpg\" data-orig-size=\"732,800\" data-comments-opened=\"0\" data-image-meta=\"{&quot;aperture&quot;:&quot;0&quot;,&quot;credit&quot;:&quot;&quot;,&quot;camera&quot;:&quot;&quot;,&quot;caption&quot;:&quot;&quot;,&quot;created_timestamp&quot;:&quot;0&quot;,&quot;copyright&quot;:&quot;&quot;,&quot;focal_length&quot;:&quot;0&quot;,&quot;iso&quot;:&quot;0&quot;,&quot;shutter_speed&quot;:&quot;0&quot;,&quot;title&quot;:&quot;&quot;,&quot;orientation&quot;:&quot;1&quot;}\" data-image-title=\"Gacetilla Cine Mercedes (1)\" data-image-description=\"\" data-image-caption=\"\" data-large-file=\"https:\/\/www.hoymercedes.com.ar\/principal\/wp-content\/uploads\/2022\/08\/Gacetilla-Cine-Mercedes-1.jpg\" src=\"https:\/\/www.hoymercedes.com.ar\/principal\/wp-content\/uploads\/2022\/08\/Gacetilla-Cine-Mercedes-1.jpg\" alt=\"\" class=\"wp-image-151785\" srcset=\"https:\/\/www.hoymercedes.com.ar\/principal\/wp-content\/uploads\/2022\/08\/Gacetilla-Cine-Mercedes-1.jpg 732w, https:\/\/www.hoymercedes.com.ar\/principal\/wp-content\/uploads\/2022\/08\/Gacetilla-Cine-Mercedes-1-567x620.jpg 567w, https:\/\/www.hoymercedes.com.ar\/principal\/wp-content\/uploads\/2022\/08\/Gacetilla-Cine-Mercedes-1-137x150.jpg 137w\" sizes=\"auto, (max-width: 732px) 100vw, 732px\" \/><\/figure>\n<\/div>","protected":false},"excerpt":{"rendered":"<p>CINE MERCEDES. Del viernes 12 al martes 16 de agosto, presenta \u00abSupermascotas\u00bb y \u00ab30 Noches con mi Ex\u00bb. Mir\u00e1 los horarios. <\/p>\n","protected":false},"author":1,"featured_media":151786,"comment_status":"closed","ping_status":"open","sticky":false,"template":"","format":"standard","meta":{"_monsterinsights_skip_tracking":false,"_monsterinsights_sitenote_active":false,"_monsterinsights_sitenote_note":"","_monsterinsights_sitenote_category":0,"jetpack_post_was_ever_published":false,"_jetpack_newsletter_access":"","_jetpack_dont_email_post_to_subs":false,"_jetpack_newsletter_tier_id":0,"_jetpack_memberships_contains_paywalled_content":false,"_jetpack_memberships_contains_paid_content":false,"footnotes":"","jetpack_publicize_message":"","jetpack_publicize_feature_enabled":true,"jetpack_social_post_already_shared":true,"jetpack_social_options":{"image_generator_settings":{"template":"highway","default_image_id":0,"font":"","enabled":false},"version":2},"_wpas_customize_per_network":false},"categories":[104],"tags":[984,7805],"class_list":["post-151784","post","type-post","status-publish","format-standard","has-post-thumbnail","hentry","category-cultura","tag-cine-mercedes","tag-cultura","generate-columns","tablet-grid-50","mobile-grid-100","grid-parent","grid-50"],"jetpack_publicize_connections":[],"jetpack_featured_media_url":"https:\/\/www.hoymercedes.com.ar\/principal\/wp-content\/uploads\/2022\/08\/30-NOCHES-EX.jpg","wps_subtitle":"","jetpack_sharing_enabled":true,"_links":{"self":[{"href":"https:\/\/www.hoymercedes.com.ar\/principal\/wp-json\/wp\/v2\/posts\/151784","targetHints":{"allow":["GET"]}}],"collection":[{"href":"https:\/\/www.hoymercedes.com.ar\/principal\/wp-json\/wp\/v2\/posts"}],"about":[{"href":"https:\/\/www.hoymercedes.com.ar\/principal\/wp-json\/wp\/v2\/types\/post"}],"author":[{"embeddable":true,"href":"https:\/\/www.hoymercedes.com.ar\/principal\/wp-json\/wp\/v2\/users\/1"}],"replies":[{"embeddable":true,"href":"https:\/\/www.hoymercedes.com.ar\/principal\/wp-json\/wp\/v2\/comments?post=151784"}],"version-history":[{"count":0,"href":"https:\/\/www.hoymercedes.com.ar\/principal\/wp-json\/wp\/v2\/posts\/151784\/revisions"}],"wp:featuredmedia":[{"embeddable":true,"href":"https:\/\/www.hoymercedes.com.ar\/principal\/wp-json\/wp\/v2\/media\/151786"}],"wp:attachment":[{"href":"https:\/\/www.hoymercedes.com.ar\/principal\/wp-json\/wp\/v2\/media?parent=151784"}],"wp:term":[{"taxonomy":"category","embeddable":true,"href":"https:\/\/www.hoymercedes.com.ar\/principal\/wp-json\/wp\/v2\/categories?post=151784"},{"taxonomy":"post_tag","embeddable":true,"href":"https:\/\/www.hoymercedes.com.ar\/principal\/wp-json\/wp\/v2\/tags?post=151784"}],"curies":[{"name":"wp","href":"https:\/\/api.w.org\/{rel}","templated":true}]}}