{"id":151810,"date":"2022-08-12T16:20:00","date_gmt":"2022-08-12T19:20:00","guid":{"rendered":"https:\/\/www.hoymercedes.com.ar\/principal\/?p=151810"},"modified":"2022-08-12T23:24:18","modified_gmt":"2022-08-13T02:24:18","slug":"nuevas-funciones-de-la-mano-de-un-angel","status":"publish","type":"post","link":"https:\/\/www.hoymercedes.com.ar\/principal\/2022\/08\/12\/nuevas-funciones-de-la-mano-de-un-angel\/","title":{"rendered":"Nuevas funciones de La Mano de Un \u00c1ngel"},"content":{"rendered":"\n<p>\u201cLa Mano de un \u00c1ngel\u201d, la pieza teatral que escribi\u00f3 y dirige Miguel Agostini, vuelve a presentarse en el escenario del Teatro Argentino Julio C. Gioscio. El s\u00e1bado 20, 21:00 horas, y el domingo 21 de agosto, 19:30 horas, la puesta en escena con elenco de actores mercedinos regresa a las tabla. Las entradas pueden conseguirse en la boleter\u00eda del teatro a 700 pesos. \u00a0<\/p>\n\n\n\n<p>La propuesta teatral de Agostini comenz\u00f3 a armarse hace un par de a\u00f1os. El dramaturgo y director cont\u00f3 a este medio <a href=\"https:\/\/www.hoymercedes.com.ar\/principal\/2022\/07\/06\/elenco-local-estrena-la-mano-de-un-angel\/\" data-type=\"post\" data-id=\"150112\">c\u00f3mo la fue armando<\/a>. Durante la pandemia, arm\u00f3 el texto y el a\u00f1o pasado fue convocando al elenco para empezar los ensayos en febrero \u00faltimo. <\/p>\n\n\n\n<p>La obra cuenta con la actuaci\u00f3n de Lucas Riselli, Silvia Viani, Juan Santilli, Kiki Cardozo, Sergio Blanco, Romina Sirch y Ramiro C\u00e1rdenas. El conflicto es entre dos hermanos que no se ponen de acuerdo y el f\u00fatbol es la excusa del conflicto. <\/p>\n\n\n\n<p>\u00abLa Mano de un \u00c1ngel\u00bb se estren\u00f3 en julio. Fueron dos funciones que convocaron a un p\u00fablico que llen\u00f3 la sala y por lo tanto, suman dos fechas nuevas. El 20 y 21 de agosto, el elenco subir\u00e1 al escenario. Las entradas est\u00e1n a la venta en la boleter\u00eda del teatro municipal. <\/p>\n\n\n<div class=\"wp-block-image\">\n<figure class=\"aligncenter size-full\"><img loading=\"lazy\" decoding=\"async\" width=\"800\" height=\"531\" data-attachment-id=\"151805\" data-permalink=\"https:\/\/www.hoymercedes.com.ar\/principal\/2022\/08\/12\/encuentro-regional-de-dispositivos-de-masculinidades\/mhm_6211\/#main\" data-orig-file=\"https:\/\/www.hoymercedes.com.ar\/principal\/wp-content\/uploads\/2022\/08\/MHM_6211-e1660353505834.jpg\" data-orig-size=\"800,531\" data-comments-opened=\"0\" data-image-meta=\"{&quot;aperture&quot;:&quot;0&quot;,&quot;credit&quot;:&quot;&quot;,&quot;camera&quot;:&quot;&quot;,&quot;caption&quot;:&quot;&quot;,&quot;created_timestamp&quot;:&quot;0&quot;,&quot;copyright&quot;:&quot;Moreira Mario Hugo&quot;,&quot;focal_length&quot;:&quot;0&quot;,&quot;iso&quot;:&quot;0&quot;,&quot;shutter_speed&quot;:&quot;0&quot;,&quot;title&quot;:&quot;&quot;,&quot;orientation&quot;:&quot;0&quot;}\" data-image-title=\"MHM_6211\" data-image-description=\"\" data-image-caption=\"\" data-large-file=\"https:\/\/www.hoymercedes.com.ar\/principal\/wp-content\/uploads\/2022\/08\/MHM_6211-e1660353505834.jpg\" src=\"https:\/\/www.hoymercedes.com.ar\/principal\/wp-content\/uploads\/2022\/08\/MHM_6211-e1660353505834.jpg\" alt=\"\" class=\"wp-image-151805\" srcset=\"https:\/\/www.hoymercedes.com.ar\/principal\/wp-content\/uploads\/2022\/08\/MHM_6211-e1660353505834.jpg 800w, https:\/\/www.hoymercedes.com.ar\/principal\/wp-content\/uploads\/2022\/08\/MHM_6211-e1660353505834-630x418.jpg 630w, https:\/\/www.hoymercedes.com.ar\/principal\/wp-content\/uploads\/2022\/08\/MHM_6211-e1660353505834-150x100.jpg 150w, https:\/\/www.hoymercedes.com.ar\/principal\/wp-content\/uploads\/2022\/08\/MHM_6211-e1660353505834-700x465.jpg 700w\" sizes=\"auto, (max-width: 800px) 100vw, 800px\" \/><\/figure>\n<\/div>","protected":false},"excerpt":{"rendered":"<p>\u201cLa Mano de un \u00c1ngel\u201d, la pieza teatral que escribi\u00f3 y dirige Miguel Agostini, vuelve a presentarse en el escenario del Teatro Argentino Julio C. Gioscio. <\/p>\n","protected":false},"author":1,"featured_media":151806,"comment_status":"closed","ping_status":"open","sticky":false,"template":"","format":"standard","meta":{"_monsterinsights_skip_tracking":false,"_monsterinsights_sitenote_active":false,"_monsterinsights_sitenote_note":"","_monsterinsights_sitenote_category":0,"jetpack_post_was_ever_published":false,"_jetpack_newsletter_access":"","_jetpack_dont_email_post_to_subs":false,"_jetpack_newsletter_tier_id":0,"_jetpack_memberships_contains_paywalled_content":false,"_jetpack_memberships_contains_paid_content":false,"footnotes":"","jetpack_publicize_message":"","jetpack_publicize_feature_enabled":true,"jetpack_social_post_already_shared":true,"jetpack_social_options":{"image_generator_settings":{"template":"highway","default_image_id":0,"font":"","enabled":false},"version":2},"_wpas_customize_per_network":false},"categories":[104],"tags":[7805,244],"class_list":["post-151810","post","type-post","status-publish","format-standard","has-post-thumbnail","hentry","category-cultura","tag-cultura","tag-municipio-2","generate-columns","tablet-grid-50","mobile-grid-100","grid-parent","grid-50"],"jetpack_publicize_connections":[],"jetpack_featured_media_url":"https:\/\/www.hoymercedes.com.ar\/principal\/wp-content\/uploads\/2022\/08\/MHM_6189-e1660353517433.jpg","wps_subtitle":"","jetpack_sharing_enabled":true,"_links":{"self":[{"href":"https:\/\/www.hoymercedes.com.ar\/principal\/wp-json\/wp\/v2\/posts\/151810","targetHints":{"allow":["GET"]}}],"collection":[{"href":"https:\/\/www.hoymercedes.com.ar\/principal\/wp-json\/wp\/v2\/posts"}],"about":[{"href":"https:\/\/www.hoymercedes.com.ar\/principal\/wp-json\/wp\/v2\/types\/post"}],"author":[{"embeddable":true,"href":"https:\/\/www.hoymercedes.com.ar\/principal\/wp-json\/wp\/v2\/users\/1"}],"replies":[{"embeddable":true,"href":"https:\/\/www.hoymercedes.com.ar\/principal\/wp-json\/wp\/v2\/comments?post=151810"}],"version-history":[{"count":0,"href":"https:\/\/www.hoymercedes.com.ar\/principal\/wp-json\/wp\/v2\/posts\/151810\/revisions"}],"wp:featuredmedia":[{"embeddable":true,"href":"https:\/\/www.hoymercedes.com.ar\/principal\/wp-json\/wp\/v2\/media\/151806"}],"wp:attachment":[{"href":"https:\/\/www.hoymercedes.com.ar\/principal\/wp-json\/wp\/v2\/media?parent=151810"}],"wp:term":[{"taxonomy":"category","embeddable":true,"href":"https:\/\/www.hoymercedes.com.ar\/principal\/wp-json\/wp\/v2\/categories?post=151810"},{"taxonomy":"post_tag","embeddable":true,"href":"https:\/\/www.hoymercedes.com.ar\/principal\/wp-json\/wp\/v2\/tags?post=151810"}],"curies":[{"name":"wp","href":"https:\/\/api.w.org\/{rel}","templated":true}]}}