{"id":151828,"date":"2022-08-13T10:52:53","date_gmt":"2022-08-13T13:52:53","guid":{"rendered":"https:\/\/www.hoymercedes.com.ar\/principal\/?p=151828"},"modified":"2022-08-13T13:33:16","modified_gmt":"2022-08-13T16:33:16","slug":"altamira-un-lugar-en-el-estudio-de-arte-cueto","status":"publish","type":"post","link":"https:\/\/www.hoymercedes.com.ar\/principal\/2022\/08\/13\/altamira-un-lugar-en-el-estudio-de-arte-cueto\/","title":{"rendered":"\u00abAltamira, un lugar\u00bb en el estudio de arte Cueto"},"content":{"rendered":"\n<p>Por TeCleArte &#8211; Desde la noche del viernes y hasta el lunes 15 de agosto, Sandra Mahon y Marcela Cueto realizan una muestra conjunta titulada \u00abAltamira, un Lugar\u00bb. Puede visitarse el s\u00e1bado 13, domingo 14 y lunes 15 de 18 a 21 horas, en el Estudio de Arte Cueto, sito en calle 19 N\u00b0 427 (Mercedes). <\/p>\n\n\n\n<figure class=\"wp-block-gallery has-nested-images columns-default is-cropped wp-block-gallery-1 is-layout-flex wp-block-gallery-is-layout-flex\">\n<figure class=\"wp-block-image size-large\"><img loading=\"lazy\" decoding=\"async\" width=\"800\" height=\"533\" data-attachment-id=\"151830\" data-permalink=\"https:\/\/www.hoymercedes.com.ar\/principal\/2022\/08\/13\/altamira-un-lugar-en-el-estudio-de-arte-cueto\/img_20220812_191650221\/#main\" data-orig-file=\"https:\/\/www.hoymercedes.com.ar\/principal\/wp-content\/uploads\/2022\/08\/IMG_20220812_191650221.jpg\" data-orig-size=\"800,533\" data-comments-opened=\"0\" data-image-meta=\"{&quot;aperture&quot;:&quot;0&quot;,&quot;credit&quot;:&quot;&quot;,&quot;camera&quot;:&quot;&quot;,&quot;caption&quot;:&quot;&quot;,&quot;created_timestamp&quot;:&quot;1660331810&quot;,&quot;copyright&quot;:&quot;&quot;,&quot;focal_length&quot;:&quot;0&quot;,&quot;iso&quot;:&quot;0&quot;,&quot;shutter_speed&quot;:&quot;0&quot;,&quot;title&quot;:&quot;&quot;,&quot;orientation&quot;:&quot;1&quot;}\" data-image-title=\"IMG_20220812_191650221\" data-image-description=\"\" data-image-caption=\"\" data-large-file=\"https:\/\/www.hoymercedes.com.ar\/principal\/wp-content\/uploads\/2022\/08\/IMG_20220812_191650221.jpg\" data-id=\"151830\" src=\"https:\/\/www.hoymercedes.com.ar\/principal\/wp-content\/uploads\/2022\/08\/IMG_20220812_191650221.jpg\" alt=\"\" class=\"wp-image-151830\" srcset=\"https:\/\/www.hoymercedes.com.ar\/principal\/wp-content\/uploads\/2022\/08\/IMG_20220812_191650221.jpg 800w, https:\/\/www.hoymercedes.com.ar\/principal\/wp-content\/uploads\/2022\/08\/IMG_20220812_191650221-630x420.jpg 630w, https:\/\/www.hoymercedes.com.ar\/principal\/wp-content\/uploads\/2022\/08\/IMG_20220812_191650221-150x100.jpg 150w, https:\/\/www.hoymercedes.com.ar\/principal\/wp-content\/uploads\/2022\/08\/IMG_20220812_191650221-700x465.jpg 700w\" sizes=\"auto, (max-width: 800px) 100vw, 800px\" \/><\/figure>\n\n\n\n<figure class=\"wp-block-image size-large\"><img loading=\"lazy\" decoding=\"async\" width=\"800\" height=\"533\" data-attachment-id=\"151829\" data-permalink=\"https:\/\/www.hoymercedes.com.ar\/principal\/2022\/08\/13\/altamira-un-lugar-en-el-estudio-de-arte-cueto\/img_20220812_191639772\/#main\" data-orig-file=\"https:\/\/www.hoymercedes.com.ar\/principal\/wp-content\/uploads\/2022\/08\/IMG_20220812_191639772.jpg\" data-orig-size=\"800,533\" data-comments-opened=\"0\" data-image-meta=\"{&quot;aperture&quot;:&quot;0&quot;,&quot;credit&quot;:&quot;&quot;,&quot;camera&quot;:&quot;&quot;,&quot;caption&quot;:&quot;&quot;,&quot;created_timestamp&quot;:&quot;1660331800&quot;,&quot;copyright&quot;:&quot;&quot;,&quot;focal_length&quot;:&quot;0&quot;,&quot;iso&quot;:&quot;0&quot;,&quot;shutter_speed&quot;:&quot;0&quot;,&quot;title&quot;:&quot;&quot;,&quot;orientation&quot;:&quot;1&quot;}\" data-image-title=\"IMG_20220812_191639772\" data-image-description=\"\" data-image-caption=\"\" data-large-file=\"https:\/\/www.hoymercedes.com.ar\/principal\/wp-content\/uploads\/2022\/08\/IMG_20220812_191639772.jpg\" data-id=\"151829\" src=\"https:\/\/www.hoymercedes.com.ar\/principal\/wp-content\/uploads\/2022\/08\/IMG_20220812_191639772.jpg\" alt=\"\" class=\"wp-image-151829\" srcset=\"https:\/\/www.hoymercedes.com.ar\/principal\/wp-content\/uploads\/2022\/08\/IMG_20220812_191639772.jpg 800w, https:\/\/www.hoymercedes.com.ar\/principal\/wp-content\/uploads\/2022\/08\/IMG_20220812_191639772-630x420.jpg 630w, https:\/\/www.hoymercedes.com.ar\/principal\/wp-content\/uploads\/2022\/08\/IMG_20220812_191639772-150x100.jpg 150w, https:\/\/www.hoymercedes.com.ar\/principal\/wp-content\/uploads\/2022\/08\/IMG_20220812_191639772-700x465.jpg 700w\" sizes=\"auto, (max-width: 800px) 100vw, 800px\" \/><\/figure>\n<\/figure>\n\n\n\n<p>La historia y trayectoria de Marcela Cueto como artista pl\u00e1stica es reconocida en Mercedes desde hace a\u00f1os, teniendo en cuenta, adem\u00e1s, su historia paterna. En esta oportunidad, Marcela abre su espacio y comparte una serie en la que est\u00e1 trabajando en una muestra conjunta con Sandra Mahon. <\/p>\n\n\n\n<p>Por su parte, Marcela Cueto explic\u00f3 que en meses de pandemia aprovech\u00f3 a recorrer y a mirar a Altamira con otros ojos. \u00abInvert\u00ed el camino y mi recorrido fue hacia Altamira, hacia el pueblo, sus alrededores, su gente. Me fui interiorizando m\u00e1s de la vida all\u00ed, fui conociendo personas y de esa forma empec\u00e9 a indagar sobre las pr\u00e1cticas art\u00edsticas en el lugar y me encontr\u00e9 son Sandra Mah\u00f3n, quien tiene una chacra all\u00ed y pasa la mitad de su tiempo en Altamira, creando su obra en contacto con la naturaleza\u201d, resume la artista pl\u00e1stica local.<\/p>\n\n\n\n<p>Sandra pasa sus fines de semana en Altamira desde hace 20 a\u00f1os. En su historia como artista pl\u00e1stica conoci\u00f3 a Marcela y ese contacto la trajo al Estudio de Arte Cueto para exponer por primera vez en Mercedes con obras realizadas en y desde el pueblo rural. \u00abEmpec\u00e9 a trabajar m\u00e1s la tierra, las ra\u00edces. Me conect\u00e9 m\u00e1s tactilmente con el arte. Comenc\u00e9 a hacer objetos, intervenciones, a utilizar t\u00e9cnicas mixtas, a usar cortezas de \u00e1rboles, ra\u00edces, ramas, fotograf\u00edas sobre ellas. Me abr\u00ed a un mundo que no conoc\u00eda y que me deslumbr\u00f3\u00bb, cuenta Mahon. <\/p>\n\n\n\n<p>La serie tiene como hilo conductor textos que se resumen en un t\u00edtulo: \u00abSe Busca\u00bb. \u00abLa conexi\u00f3n que tenemos nosotros con la naturaleza es de una eterna b\u00fasqueda. Desde que nacemos, hasta que morimos, creo que buscamos la forma de relacionarse, el amor, la pasi\u00f3n, los logros, los \u00e9xitos, la amistad, la familia. Buscamos. Cada tr\u00edptico que conforma la serie, tiene una mirada definida en algo, se define con una b\u00fasqueda espec\u00edfica. Unos en la religi\u00f3n, otros en lo c\u00edclico de la vida y otro en las ra\u00edces, en nuestros or\u00edgenes. Est\u00e1n acompa\u00f1ados con textos m\u00edos porque tambi\u00e9n me gusta escribir\u00bb, agrega Sandra que es la primera vez que expone en Mercedes, pero asegura que no ser\u00e1 la \u00faltima. <\/p>\n\n\n\n<figure class=\"wp-block-gallery has-nested-images columns-default is-cropped wp-block-gallery-2 is-layout-flex wp-block-gallery-is-layout-flex\">\n<figure class=\"wp-block-image size-large\"><img loading=\"lazy\" decoding=\"async\" width=\"800\" height=\"533\" data-attachment-id=\"151837\" data-permalink=\"https:\/\/www.hoymercedes.com.ar\/principal\/2022\/08\/13\/altamira-un-lugar-en-el-estudio-de-arte-cueto\/muestra-cueto-1\/#main\" data-orig-file=\"https:\/\/www.hoymercedes.com.ar\/principal\/wp-content\/uploads\/2022\/08\/muestra-cueto-1.jpg\" data-orig-size=\"800,533\" data-comments-opened=\"0\" data-image-meta=\"{&quot;aperture&quot;:&quot;0&quot;,&quot;credit&quot;:&quot;&quot;,&quot;camera&quot;:&quot;&quot;,&quot;caption&quot;:&quot;&quot;,&quot;created_timestamp&quot;:&quot;1660334149&quot;,&quot;copyright&quot;:&quot;&quot;,&quot;focal_length&quot;:&quot;0&quot;,&quot;iso&quot;:&quot;0&quot;,&quot;shutter_speed&quot;:&quot;0&quot;,&quot;title&quot;:&quot;&quot;,&quot;orientation&quot;:&quot;1&quot;}\" data-image-title=\"muestra cueto (1)\" data-image-description=\"\" data-image-caption=\"\" data-large-file=\"https:\/\/www.hoymercedes.com.ar\/principal\/wp-content\/uploads\/2022\/08\/muestra-cueto-1.jpg\" data-id=\"151837\" src=\"https:\/\/www.hoymercedes.com.ar\/principal\/wp-content\/uploads\/2022\/08\/muestra-cueto-1.jpg\" alt=\"\" class=\"wp-image-151837\" srcset=\"https:\/\/www.hoymercedes.com.ar\/principal\/wp-content\/uploads\/2022\/08\/muestra-cueto-1.jpg 800w, https:\/\/www.hoymercedes.com.ar\/principal\/wp-content\/uploads\/2022\/08\/muestra-cueto-1-630x420.jpg 630w, https:\/\/www.hoymercedes.com.ar\/principal\/wp-content\/uploads\/2022\/08\/muestra-cueto-1-150x100.jpg 150w, https:\/\/www.hoymercedes.com.ar\/principal\/wp-content\/uploads\/2022\/08\/muestra-cueto-1-700x465.jpg 700w\" sizes=\"auto, (max-width: 800px) 100vw, 800px\" \/><\/figure>\n\n\n\n<figure class=\"wp-block-image size-large\"><img loading=\"lazy\" decoding=\"async\" width=\"800\" height=\"533\" data-attachment-id=\"151839\" data-permalink=\"https:\/\/www.hoymercedes.com.ar\/principal\/2022\/08\/13\/altamira-un-lugar-en-el-estudio-de-arte-cueto\/muestra-cueto-2\/#main\" data-orig-file=\"https:\/\/www.hoymercedes.com.ar\/principal\/wp-content\/uploads\/2022\/08\/muestra-cueto-2.jpg\" data-orig-size=\"800,533\" data-comments-opened=\"0\" data-image-meta=\"{&quot;aperture&quot;:&quot;0&quot;,&quot;credit&quot;:&quot;&quot;,&quot;camera&quot;:&quot;&quot;,&quot;caption&quot;:&quot;&quot;,&quot;created_timestamp&quot;:&quot;1660334111&quot;,&quot;copyright&quot;:&quot;&quot;,&quot;focal_length&quot;:&quot;0&quot;,&quot;iso&quot;:&quot;0&quot;,&quot;shutter_speed&quot;:&quot;0&quot;,&quot;title&quot;:&quot;&quot;,&quot;orientation&quot;:&quot;1&quot;}\" data-image-title=\"muestra cueto (2)\" data-image-description=\"\" data-image-caption=\"\" data-large-file=\"https:\/\/www.hoymercedes.com.ar\/principal\/wp-content\/uploads\/2022\/08\/muestra-cueto-2.jpg\" data-id=\"151839\" src=\"https:\/\/www.hoymercedes.com.ar\/principal\/wp-content\/uploads\/2022\/08\/muestra-cueto-2.jpg\" alt=\"\" class=\"wp-image-151839\" srcset=\"https:\/\/www.hoymercedes.com.ar\/principal\/wp-content\/uploads\/2022\/08\/muestra-cueto-2.jpg 800w, https:\/\/www.hoymercedes.com.ar\/principal\/wp-content\/uploads\/2022\/08\/muestra-cueto-2-630x420.jpg 630w, https:\/\/www.hoymercedes.com.ar\/principal\/wp-content\/uploads\/2022\/08\/muestra-cueto-2-150x100.jpg 150w, https:\/\/www.hoymercedes.com.ar\/principal\/wp-content\/uploads\/2022\/08\/muestra-cueto-2-700x465.jpg 700w\" sizes=\"auto, (max-width: 800px) 100vw, 800px\" \/><\/figure>\n\n\n\n<figure class=\"wp-block-image size-large\"><img loading=\"lazy\" decoding=\"async\" width=\"800\" height=\"533\" data-attachment-id=\"151838\" data-permalink=\"https:\/\/www.hoymercedes.com.ar\/principal\/2022\/08\/13\/altamira-un-lugar-en-el-estudio-de-arte-cueto\/muestra-cueto-3\/#main\" data-orig-file=\"https:\/\/www.hoymercedes.com.ar\/principal\/wp-content\/uploads\/2022\/08\/muestra-cueto-3.jpg\" data-orig-size=\"800,533\" data-comments-opened=\"0\" data-image-meta=\"{&quot;aperture&quot;:&quot;0&quot;,&quot;credit&quot;:&quot;&quot;,&quot;camera&quot;:&quot;&quot;,&quot;caption&quot;:&quot;&quot;,&quot;created_timestamp&quot;:&quot;1660334552&quot;,&quot;copyright&quot;:&quot;&quot;,&quot;focal_length&quot;:&quot;0&quot;,&quot;iso&quot;:&quot;0&quot;,&quot;shutter_speed&quot;:&quot;0&quot;,&quot;title&quot;:&quot;&quot;,&quot;orientation&quot;:&quot;1&quot;}\" data-image-title=\"muestra cueto (3)\" data-image-description=\"\" data-image-caption=\"\" data-large-file=\"https:\/\/www.hoymercedes.com.ar\/principal\/wp-content\/uploads\/2022\/08\/muestra-cueto-3.jpg\" data-id=\"151838\" src=\"https:\/\/www.hoymercedes.com.ar\/principal\/wp-content\/uploads\/2022\/08\/muestra-cueto-3.jpg\" alt=\"\" class=\"wp-image-151838\" srcset=\"https:\/\/www.hoymercedes.com.ar\/principal\/wp-content\/uploads\/2022\/08\/muestra-cueto-3.jpg 800w, https:\/\/www.hoymercedes.com.ar\/principal\/wp-content\/uploads\/2022\/08\/muestra-cueto-3-630x420.jpg 630w, https:\/\/www.hoymercedes.com.ar\/principal\/wp-content\/uploads\/2022\/08\/muestra-cueto-3-150x100.jpg 150w, https:\/\/www.hoymercedes.com.ar\/principal\/wp-content\/uploads\/2022\/08\/muestra-cueto-3-700x465.jpg 700w\" sizes=\"auto, (max-width: 800px) 100vw, 800px\" \/><\/figure>\n<\/figure>\n","protected":false},"excerpt":{"rendered":"<p>Desde la noche del viernes y hasta el lunes 15 de agosto, Sandra Mahon y Marcela Cueto realizan una muestra conjunta titulada \u00abAltamira, un Lugar\u00bb.<\/p>\n","protected":false},"author":1,"featured_media":151838,"comment_status":"closed","ping_status":"open","sticky":false,"template":"","format":"standard","meta":{"_monsterinsights_skip_tracking":false,"_monsterinsights_sitenote_active":false,"_monsterinsights_sitenote_note":"","_monsterinsights_sitenote_category":0,"jetpack_post_was_ever_published":false,"_jetpack_newsletter_access":"","_jetpack_dont_email_post_to_subs":false,"_jetpack_newsletter_tier_id":0,"_jetpack_memberships_contains_paywalled_content":false,"_jetpack_memberships_contains_paid_content":false,"footnotes":"","jetpack_publicize_message":"","jetpack_publicize_feature_enabled":true,"jetpack_social_post_already_shared":true,"jetpack_social_options":{"image_generator_settings":{"template":"highway","default_image_id":0,"font":"","enabled":false},"version":2},"_wpas_customize_per_network":false},"categories":[104],"tags":[7805],"class_list":["post-151828","post","type-post","status-publish","format-standard","has-post-thumbnail","hentry","category-cultura","tag-cultura","generate-columns","tablet-grid-50","mobile-grid-100","grid-parent","grid-50"],"jetpack_publicize_connections":[],"jetpack_featured_media_url":"https:\/\/www.hoymercedes.com.ar\/principal\/wp-content\/uploads\/2022\/08\/muestra-cueto-3.jpg","wps_subtitle":"","jetpack_sharing_enabled":true,"_links":{"self":[{"href":"https:\/\/www.hoymercedes.com.ar\/principal\/wp-json\/wp\/v2\/posts\/151828","targetHints":{"allow":["GET"]}}],"collection":[{"href":"https:\/\/www.hoymercedes.com.ar\/principal\/wp-json\/wp\/v2\/posts"}],"about":[{"href":"https:\/\/www.hoymercedes.com.ar\/principal\/wp-json\/wp\/v2\/types\/post"}],"author":[{"embeddable":true,"href":"https:\/\/www.hoymercedes.com.ar\/principal\/wp-json\/wp\/v2\/users\/1"}],"replies":[{"embeddable":true,"href":"https:\/\/www.hoymercedes.com.ar\/principal\/wp-json\/wp\/v2\/comments?post=151828"}],"version-history":[{"count":0,"href":"https:\/\/www.hoymercedes.com.ar\/principal\/wp-json\/wp\/v2\/posts\/151828\/revisions"}],"wp:featuredmedia":[{"embeddable":true,"href":"https:\/\/www.hoymercedes.com.ar\/principal\/wp-json\/wp\/v2\/media\/151838"}],"wp:attachment":[{"href":"https:\/\/www.hoymercedes.com.ar\/principal\/wp-json\/wp\/v2\/media?parent=151828"}],"wp:term":[{"taxonomy":"category","embeddable":true,"href":"https:\/\/www.hoymercedes.com.ar\/principal\/wp-json\/wp\/v2\/categories?post=151828"},{"taxonomy":"post_tag","embeddable":true,"href":"https:\/\/www.hoymercedes.com.ar\/principal\/wp-json\/wp\/v2\/tags?post=151828"}],"curies":[{"name":"wp","href":"https:\/\/api.w.org\/{rel}","templated":true}]}}