{"id":15185,"date":"2012-08-10T01:53:58","date_gmt":"2012-08-10T01:53:58","guid":{"rendered":"http:\/\/www.hoymercedes.com.ar\/principal\/?p=15185"},"modified":"2012-08-10T01:58:43","modified_gmt":"2012-08-10T01:58:43","slug":"wado-entre-los-legisladores-que-unificaran-los-codigos","status":"publish","type":"post","link":"https:\/\/www.hoymercedes.com.ar\/principal\/2012\/08\/10\/wado-entre-los-legisladores-que-unificaran-los-codigos\/","title":{"rendered":"Wado entre los legisladores que unificar\u00e1n los C\u00f3digos"},"content":{"rendered":"<p><a href=\"https:\/\/www.hoymercedes.com.ar\/principal\/wp-content\/uploads\/2012\/08\/Wado-DePedro.jpg\"><img loading=\"lazy\" decoding=\"async\" data-attachment-id=\"15187\" data-permalink=\"https:\/\/www.hoymercedes.com.ar\/principal\/2012\/08\/10\/wado-entre-los-legisladores-que-unificaran-los-codigos\/wado-depedro\/#main\" data-orig-file=\"https:\/\/www.hoymercedes.com.ar\/principal\/wp-content\/uploads\/2012\/08\/Wado-DePedro.jpg\" data-orig-size=\"614,409\" data-comments-opened=\"1\" data-image-meta=\"{&quot;aperture&quot;:&quot;5.6&quot;,&quot;credit&quot;:&quot;&quot;,&quot;camera&quot;:&quot;Canon EOS 5D Mark II&quot;,&quot;caption&quot;:&quot;&quot;,&quot;created_timestamp&quot;:&quot;1344426106&quot;,&quot;copyright&quot;:&quot;&quot;,&quot;focal_length&quot;:&quot;135&quot;,&quot;iso&quot;:&quot;3200&quot;,&quot;shutter_speed&quot;:&quot;0.016666666666667&quot;,&quot;title&quot;:&quot;&quot;}\" data-image-title=\"Wado-DePedro\" data-image-description=\"\" data-image-caption=\"\" data-large-file=\"https:\/\/www.hoymercedes.com.ar\/principal\/wp-content\/uploads\/2012\/08\/Wado-DePedro.jpg\" class=\"aligncenter size-full wp-image-15187\" title=\"Wado-DePedro\" src=\"https:\/\/www.hoymercedes.com.ar\/principal\/wp-content\/uploads\/2012\/08\/Wado-DePedro.jpg\" alt=\"\" width=\"614\" height=\"409\" \/><\/a><\/p>\n<p>El mercedino es uno de los 15 diputados nacionales que integran la comisi\u00f3n bicameral que estudia el anteproyecto elevado por el Ejecutivo \u2022 Para de Pedro las cuestiones civiles impactan \u201cen lo cotidiano\u201d.<\/p>\n<p>Seguramente que al estudiar Derecho, en m\u00e1s de una oportunidad debi\u00f3 estudiar los intentos de unificaci\u00f3n de los C\u00f3digos Civil y Comercial. Y es igual de seguro que nunca imagin\u00f3 que alguna vez \u00e9l formar\u00eda parte de los Legisladores que integran la Comisi\u00f3n Bicameral para la Reforma, Unificaci\u00f3n y Actualizaci\u00f3n del C\u00f3digo Civil y Comercial de la Naci\u00f3n. Eduardo Wado dePedro, es uno de los quince diputados nacionales que conforman esa comisi\u00f3n cuya primera reuni\u00f3n se realiz\u00f3 ayer mi\u00e9rcoles 8 de agosto en el Sal\u00f3n Azul del Honorable Senado de la Naci\u00f3n.<\/p>\n<p>La Comisi\u00f3n Bicameral que analizar\u00e1 cuestiones como el sistema de adopci\u00f3n, la inseminaci\u00f3n artificial, los embriones fertilizados, la gestaci\u00f3n sustituta, los contratos prenupciales, la no exigencia del mutuo consentimiento para efectuar un divorcio, la propiedad de los pueblos originarios, y muchos otros temas m\u00e1s, se conforma con 15 diputados nacionales y 15 senadores nacionales.<\/p>\n<p>Durante esta primera jornada se puso a consideraci\u00f3n la constituci\u00f3n de las autoridades de la Comisi\u00f3n, determin\u00e1ndose que la misma ser\u00e1 presidida durante los primeros 45 d\u00edas por el Senador Marcelo Fuentes en tanto que los 45 d\u00edas subsiguientes le corresponder\u00e1 a la Diputada Diana Conti. Cumplido ese plazo de 90 d\u00edas la Comisi\u00f3n debe emitir el dictamen respecto del anteproyecto elevado por el Poder Ejecutivo. Los vicepresidentes ser\u00e1n el Senador Ernesto Sanz y el DiputadoRicardo Gil Laavedra, ambos de la UCR. Luego se definieron cuestiones formales como el Reglamento Interno de la Comisi\u00f3n y el Reglamento sobre Audiencias P\u00fablicas.<\/p>\n<p>Como se dijo en la presentaci\u00f3n del Anteproyecto, la iniciativa busca \u201cun C\u00f3digo tendiente a que los ciudadanos puedan elegir la forma de vida que quieren en el marco de las leyes que rigen en el pa\u00eds\u201d.<\/p>\n<p>Finalizada la primera jornada el diputado mercedino Wado de Pedro, manifest\u00f3 el honor que significa\u201cformar parte de esta reforma que mejorar\u00e1 radicalmente la forma de vida de todos los argentinos, ya que las cuestiones civiles impactan en toda la ciudadan\u00eda, en lo cotidiano y en todo aquello que les permite a hombres y mujeres desarrollarse y crecer, acompa\u00f1ando y alimentando el crecimiento de nuestra naci\u00f3n\u201d, indic\u00f3<\/p>\n","protected":false},"excerpt":{"rendered":"<p>El mercedino es uno de los 15 diputados nacionales que integran la comisi\u00f3n bicameral que estudia el anteproyecto elevado por &#8230; <a title=\"Wado entre los legisladores que unificar\u00e1n los C\u00f3digos\" class=\"read-more\" href=\"https:\/\/www.hoymercedes.com.ar\/principal\/2012\/08\/10\/wado-entre-los-legisladores-que-unificaran-los-codigos\/\" aria-label=\"Leer m\u00e1s sobre Wado entre los legisladores que unificar\u00e1n los C\u00f3digos\">Leer m\u00e1s<\/a><\/p>\n","protected":false},"author":1,"featured_media":0,"comment_status":"open","ping_status":"open","sticky":false,"template":"","format":"standard","meta":{"_monsterinsights_skip_tracking":false,"_monsterinsights_sitenote_active":false,"_monsterinsights_sitenote_note":"","_monsterinsights_sitenote_category":0,"jetpack_post_was_ever_published":false,"_jetpack_newsletter_access":"","_jetpack_dont_email_post_to_subs":false,"_jetpack_newsletter_tier_id":0,"_jetpack_memberships_contains_paywalled_content":false,"_jetpack_memberships_contains_paid_content":false,"footnotes":"","jetpack_publicize_message":"","jetpack_publicize_feature_enabled":true,"jetpack_social_post_already_shared":false,"jetpack_social_options":{"image_generator_settings":{"template":"highway","default_image_id":0,"font":"","enabled":false},"version":2},"_wpas_customize_per_network":false},"categories":[5],"tags":[281],"class_list":["post-15185","post","type-post","status-publish","format-standard","hentry","category-politica","tag-wado-de-pedro","generate-columns","tablet-grid-50","mobile-grid-100","grid-parent","grid-50"],"jetpack_publicize_connections":[],"jetpack_featured_media_url":"","wps_subtitle":"","jetpack_sharing_enabled":true,"_links":{"self":[{"href":"https:\/\/www.hoymercedes.com.ar\/principal\/wp-json\/wp\/v2\/posts\/15185","targetHints":{"allow":["GET"]}}],"collection":[{"href":"https:\/\/www.hoymercedes.com.ar\/principal\/wp-json\/wp\/v2\/posts"}],"about":[{"href":"https:\/\/www.hoymercedes.com.ar\/principal\/wp-json\/wp\/v2\/types\/post"}],"author":[{"embeddable":true,"href":"https:\/\/www.hoymercedes.com.ar\/principal\/wp-json\/wp\/v2\/users\/1"}],"replies":[{"embeddable":true,"href":"https:\/\/www.hoymercedes.com.ar\/principal\/wp-json\/wp\/v2\/comments?post=15185"}],"version-history":[{"count":0,"href":"https:\/\/www.hoymercedes.com.ar\/principal\/wp-json\/wp\/v2\/posts\/15185\/revisions"}],"wp:attachment":[{"href":"https:\/\/www.hoymercedes.com.ar\/principal\/wp-json\/wp\/v2\/media?parent=15185"}],"wp:term":[{"taxonomy":"category","embeddable":true,"href":"https:\/\/www.hoymercedes.com.ar\/principal\/wp-json\/wp\/v2\/categories?post=15185"},{"taxonomy":"post_tag","embeddable":true,"href":"https:\/\/www.hoymercedes.com.ar\/principal\/wp-json\/wp\/v2\/tags?post=15185"}],"curies":[{"name":"wp","href":"https:\/\/api.w.org\/{rel}","templated":true}]}}