{"id":151859,"date":"2022-08-13T20:29:57","date_gmt":"2022-08-13T23:29:57","guid":{"rendered":"https:\/\/www.hoymercedes.com.ar\/principal\/?p=151859"},"modified":"2022-08-13T20:30:00","modified_gmt":"2022-08-13T23:30:00","slug":"un-detenido-por-el-robo-a-una-distribuidora","status":"publish","type":"post","link":"https:\/\/www.hoymercedes.com.ar\/principal\/2022\/08\/13\/un-detenido-por-el-robo-a-una-distribuidora\/","title":{"rendered":"Un detenido por el robo a una distribuidora\u00a0"},"content":{"rendered":"\n<p>En la jornada del pasado jueves 11 de agosto se llev\u00f3\u00a0 a cabo un allanamiento y detenci\u00f3n de un sujeto vinculado al robo a una distribuidora en la localidad de Mercedes.\u00a0\u00a0<\/p>\n\n\n\n<p>De acuerdo a lo que pudo conocerse, el 24 de mayo del corriente, en horas de la tarde, tres sujetos &#8211; dos que a\u00fan no fueron identificados &#8211; vestidos con ropa blanca, arribaron a bordo de una camioneta marca Renault Oroch a la localidad de Mercedes. <\/p>\n\n\n\n<p>Alrededor de las 16 horas se dirigieron a una distribuidora local y aguardaron la llegada de un cami\u00f3n proveniente de un Frigor\u00edfico y Distribuidora que descargar\u00eda mercader\u00eda en el lugar. En ese momento, los empleados que se estaban por realizar la tarea de descarga, fueron sorprendidos por los malvivientes portando armas de fuego con las cuales los redujeron. <\/p>\n\n\n\n<p>Tras ello, ingresaron a la distribuidora local donde redujeron al resto de las v\u00edctimas (cuatro personas) y sustrajeron una importante suma de dinero tanto del cami\u00f3n como de la distribuidora, entre otros elementos. Finalmente, los dejaron encerrados y atados para darse a la fuga.\u00a0<\/p>\n\n\n\n<p>Tras la correspondiente denuncia tom\u00f3 intervenci\u00f3n la Unidad Funcional de Instrucci\u00f3n N.\u00ba 2 del Departamento Judicial Mercedes que en colaboraci\u00f3n con la Ayudant\u00eda Fiscal de Autores Ignorados y labor de analista del Ministerio P\u00fablico. Se reunieron diversos elementos de inter\u00e9s para la investigaci\u00f3n y se logr\u00f3 identificar a uno de los autores del hecho. <\/p>\n\n\n\n<p>Con ello se solicit\u00f3 por ante el Juzgado de Garant\u00edas N\u00b0 1 una orden de allanamiento y detenci\u00f3n que fue realizada en la ciudad de Castelar el pasado jueves 11 con participaci\u00f3n de personal de la Polic\u00eda Comunal Mercedes, Destacamento Gowland y fuerzas especiales de GAD Mor\u00f3n. En el lugar se secuestraron una serie de elementos vinculados a la investigaci\u00f3n y se logr\u00f3 la detenci\u00f3n de uno de los presuntos autores del hecho.\u00a0<\/p>\n\n\n\n<p>El imputado (un sujeto de 18 a\u00f1os, oriundo de la ciudad de Castelar)\u00a0 compareci\u00f3 ante el agente fiscal en el marco de la audiencia de declaraci\u00f3n en los t\u00e9rminos del art. 308 del C\u00f3digo Procesal Penal en la jornada del viernes 12 del corriente. Fue por el delito de \u201cRobo agravado por su comisi\u00f3n en lugar poblado y en banda y por el uso de arma de fuego cuya aptitud para el disparo no ha podido acreditarse\u201d e hizo uso de su derecho de negarse a declarar.\u00a0<\/p>\n\n\n\n<p>Fuente: Ministerio P\u00fablico Fiscal . Depto Judicial Mercedes<\/p>\n","protected":false},"excerpt":{"rendered":"<p>POLICIAL. Fiscal\u00eda confirma la detenci\u00f3n de un sujeto vinculado al robo de una distribuidora de Mercedes en mayo pasado. <\/p>\n","protected":false},"author":1,"featured_media":125642,"comment_status":"closed","ping_status":"open","sticky":false,"template":"","format":"standard","meta":{"_monsterinsights_skip_tracking":false,"_monsterinsights_sitenote_active":false,"_monsterinsights_sitenote_note":"","_monsterinsights_sitenote_category":0,"jetpack_post_was_ever_published":false,"_jetpack_newsletter_access":"","_jetpack_dont_email_post_to_subs":false,"_jetpack_newsletter_tier_id":0,"_jetpack_memberships_contains_paywalled_content":false,"_jetpack_memberships_contains_paid_content":false,"footnotes":"","jetpack_publicize_message":"","jetpack_publicize_feature_enabled":true,"jetpack_social_post_already_shared":true,"jetpack_social_options":{"image_generator_settings":{"template":"highway","default_image_id":0,"font":"","enabled":false},"version":2},"_wpas_customize_per_network":false},"categories":[85],"tags":[],"class_list":["post-151859","post","type-post","status-publish","format-standard","has-post-thumbnail","hentry","category-policial","generate-columns","tablet-grid-50","mobile-grid-100","grid-parent","grid-50"],"jetpack_publicize_connections":[],"jetpack_featured_media_url":"https:\/\/www.hoymercedes.com.ar\/principal\/wp-content\/uploads\/2021\/03\/02-movil-policia.jpg","wps_subtitle":"","jetpack_sharing_enabled":true,"_links":{"self":[{"href":"https:\/\/www.hoymercedes.com.ar\/principal\/wp-json\/wp\/v2\/posts\/151859","targetHints":{"allow":["GET"]}}],"collection":[{"href":"https:\/\/www.hoymercedes.com.ar\/principal\/wp-json\/wp\/v2\/posts"}],"about":[{"href":"https:\/\/www.hoymercedes.com.ar\/principal\/wp-json\/wp\/v2\/types\/post"}],"author":[{"embeddable":true,"href":"https:\/\/www.hoymercedes.com.ar\/principal\/wp-json\/wp\/v2\/users\/1"}],"replies":[{"embeddable":true,"href":"https:\/\/www.hoymercedes.com.ar\/principal\/wp-json\/wp\/v2\/comments?post=151859"}],"version-history":[{"count":0,"href":"https:\/\/www.hoymercedes.com.ar\/principal\/wp-json\/wp\/v2\/posts\/151859\/revisions"}],"wp:featuredmedia":[{"embeddable":true,"href":"https:\/\/www.hoymercedes.com.ar\/principal\/wp-json\/wp\/v2\/media\/125642"}],"wp:attachment":[{"href":"https:\/\/www.hoymercedes.com.ar\/principal\/wp-json\/wp\/v2\/media?parent=151859"}],"wp:term":[{"taxonomy":"category","embeddable":true,"href":"https:\/\/www.hoymercedes.com.ar\/principal\/wp-json\/wp\/v2\/categories?post=151859"},{"taxonomy":"post_tag","embeddable":true,"href":"https:\/\/www.hoymercedes.com.ar\/principal\/wp-json\/wp\/v2\/tags?post=151859"}],"curies":[{"name":"wp","href":"https:\/\/api.w.org\/{rel}","templated":true}]}}