{"id":151923,"date":"2022-08-15T23:19:22","date_gmt":"2022-08-16T02:19:22","guid":{"rendered":"https:\/\/www.hoymercedes.com.ar\/principal\/?p=151923"},"modified":"2022-08-15T23:19:24","modified_gmt":"2022-08-16T02:19:24","slug":"siniestro-vial-moto-impacta-contra-puerta-de-un-automovil","status":"publish","type":"post","link":"https:\/\/www.hoymercedes.com.ar\/principal\/2022\/08\/15\/siniestro-vial-moto-impacta-contra-puerta-de-un-automovil\/","title":{"rendered":"Siniestro vial: moto impacta contra puerta de un autom\u00f3vil"},"content":{"rendered":"\n<figure class=\"wp-block-image size-large\"><img loading=\"lazy\" decoding=\"async\" width=\"1024\" height=\"682\" data-attachment-id=\"151924\" data-permalink=\"https:\/\/www.hoymercedes.com.ar\/principal\/2022\/08\/15\/siniestro-vial-moto-impacta-contra-puerta-de-un-automovil\/siniestrovial-15-08-2022\/#main\" data-orig-file=\"https:\/\/www.hoymercedes.com.ar\/principal\/wp-content\/uploads\/2022\/08\/SiniestroVial-15.08.2022.jpeg\" data-orig-size=\"1280,853\" data-comments-opened=\"0\" data-image-meta=\"{&quot;aperture&quot;:&quot;0&quot;,&quot;credit&quot;:&quot;&quot;,&quot;camera&quot;:&quot;&quot;,&quot;caption&quot;:&quot;&quot;,&quot;created_timestamp&quot;:&quot;0&quot;,&quot;copyright&quot;:&quot;&quot;,&quot;focal_length&quot;:&quot;0&quot;,&quot;iso&quot;:&quot;0&quot;,&quot;shutter_speed&quot;:&quot;0&quot;,&quot;title&quot;:&quot;&quot;,&quot;orientation&quot;:&quot;0&quot;}\" data-image-title=\"SiniestroVial-15.08.2022\" data-image-description=\"\" data-image-caption=\"\" data-large-file=\"https:\/\/www.hoymercedes.com.ar\/principal\/wp-content\/uploads\/2022\/08\/SiniestroVial-15.08.2022-1024x682.jpeg\" src=\"https:\/\/www.hoymercedes.com.ar\/principal\/wp-content\/uploads\/2022\/08\/SiniestroVial-15.08.2022-1024x682.jpeg\" alt=\"\" class=\"wp-image-151924\" srcset=\"https:\/\/www.hoymercedes.com.ar\/principal\/wp-content\/uploads\/2022\/08\/SiniestroVial-15.08.2022-1024x682.jpeg 1024w, https:\/\/www.hoymercedes.com.ar\/principal\/wp-content\/uploads\/2022\/08\/SiniestroVial-15.08.2022-630x420.jpeg 630w, https:\/\/www.hoymercedes.com.ar\/principal\/wp-content\/uploads\/2022\/08\/SiniestroVial-15.08.2022-150x100.jpeg 150w, https:\/\/www.hoymercedes.com.ar\/principal\/wp-content\/uploads\/2022\/08\/SiniestroVial-15.08.2022-700x465.jpeg 700w, https:\/\/www.hoymercedes.com.ar\/principal\/wp-content\/uploads\/2022\/08\/SiniestroVial-15.08.2022.jpeg 1280w\" sizes=\"auto, (max-width: 1024px) 100vw, 1024px\" \/><\/figure>\n\n\n\n<p style=\"font-size:24px\">En horas de la noche de este lunes se produjo un grave siniestro vial en avenida 29 entre 16 y 18 cuando dos ocupantes de una motocicleta 110 impactan contra la puerta de un autom\u00f3vil que estaba siendo abierta. El hecho gener\u00f3 el grave impacto de quienes se movilizaban en moto.<\/p>\n\n\n\n<p style=\"font-size:24px\">Las heridas de uno de los ocupantes del motovehiculo oblig\u00f3 a que sea trasladado de urgencia al Hospital Blas L. Dubarry donde qued\u00f3 bajo atenciones m\u00e9dicas. <\/p>\n\n\n\n<p style=\"font-size:24px\">En la moto iban un hombre y una mujer. En el auto dos hombres.<\/p>\n\n\n\n<p style=\"font-size:24px\">Actu\u00f3 Polic\u00eda Comunal y SAME.<\/p>\n","protected":false},"excerpt":{"rendered":"<p>Un grave siniestro vial se produjo en Avenida 29 entre 16 y 18.<\/p>\n","protected":false},"author":1,"featured_media":151924,"comment_status":"closed","ping_status":"open","sticky":false,"template":"","format":"standard","meta":{"_monsterinsights_skip_tracking":false,"_monsterinsights_sitenote_active":false,"_monsterinsights_sitenote_note":"","_monsterinsights_sitenote_category":0,"jetpack_post_was_ever_published":false,"_jetpack_newsletter_access":"","_jetpack_dont_email_post_to_subs":false,"_jetpack_newsletter_tier_id":0,"_jetpack_memberships_contains_paywalled_content":false,"_jetpack_memberships_contains_paid_content":false,"footnotes":"","jetpack_publicize_message":"","jetpack_publicize_feature_enabled":true,"jetpack_social_post_already_shared":true,"jetpack_social_options":{"image_generator_settings":{"template":"highway","default_image_id":0,"font":"","enabled":false},"version":2},"_wpas_customize_per_network":false},"categories":[85],"tags":[18439,18438],"class_list":["post-151923","post","type-post","status-publish","format-standard","has-post-thumbnail","hentry","category-policial","tag-choque-29-y-16","tag-sinietro-vial","generate-columns","tablet-grid-50","mobile-grid-100","grid-parent","grid-50"],"jetpack_publicize_connections":[],"jetpack_featured_media_url":"https:\/\/www.hoymercedes.com.ar\/principal\/wp-content\/uploads\/2022\/08\/SiniestroVial-15.08.2022.jpeg","wps_subtitle":"V\u00eda P\u00fabl\u00edca ","jetpack_sharing_enabled":true,"_links":{"self":[{"href":"https:\/\/www.hoymercedes.com.ar\/principal\/wp-json\/wp\/v2\/posts\/151923","targetHints":{"allow":["GET"]}}],"collection":[{"href":"https:\/\/www.hoymercedes.com.ar\/principal\/wp-json\/wp\/v2\/posts"}],"about":[{"href":"https:\/\/www.hoymercedes.com.ar\/principal\/wp-json\/wp\/v2\/types\/post"}],"author":[{"embeddable":true,"href":"https:\/\/www.hoymercedes.com.ar\/principal\/wp-json\/wp\/v2\/users\/1"}],"replies":[{"embeddable":true,"href":"https:\/\/www.hoymercedes.com.ar\/principal\/wp-json\/wp\/v2\/comments?post=151923"}],"version-history":[{"count":0,"href":"https:\/\/www.hoymercedes.com.ar\/principal\/wp-json\/wp\/v2\/posts\/151923\/revisions"}],"wp:featuredmedia":[{"embeddable":true,"href":"https:\/\/www.hoymercedes.com.ar\/principal\/wp-json\/wp\/v2\/media\/151924"}],"wp:attachment":[{"href":"https:\/\/www.hoymercedes.com.ar\/principal\/wp-json\/wp\/v2\/media?parent=151923"}],"wp:term":[{"taxonomy":"category","embeddable":true,"href":"https:\/\/www.hoymercedes.com.ar\/principal\/wp-json\/wp\/v2\/categories?post=151923"},{"taxonomy":"post_tag","embeddable":true,"href":"https:\/\/www.hoymercedes.com.ar\/principal\/wp-json\/wp\/v2\/tags?post=151923"}],"curies":[{"name":"wp","href":"https:\/\/api.w.org\/{rel}","templated":true}]}}