{"id":151938,"date":"2022-08-18T16:43:19","date_gmt":"2022-08-18T19:43:19","guid":{"rendered":"https:\/\/www.hoymercedes.com.ar\/principal\/?p=151938"},"modified":"2022-08-19T11:12:06","modified_gmt":"2022-08-19T14:12:06","slug":"la-negracha-en-el-colegio-nacional-en-el-ciclo-proarte-mercedes","status":"publish","type":"post","link":"https:\/\/www.hoymercedes.com.ar\/principal\/2022\/08\/18\/la-negracha-en-el-colegio-nacional-en-el-ciclo-proarte-mercedes\/","title":{"rendered":"La Negracha en el Colegio Nacional en el Ciclo ProArte Mercedes"},"content":{"rendered":"\n<p>&nbsp;Por <strong>Susana Spano<\/strong>&nbsp;&#8211; El s\u00e1bado 20 de agosto a las 20:00 en el <strong>Ciclo Pro Arte Mercedes<\/strong> \u2013 <strong>Centro de Egresados del<\/strong> <strong>Colegio Nacional Florentino Ameghino<\/strong> \u2013 se presenta el conjunto <strong>\u201cLa Negracha\u201d<\/strong>que integran el maestro <strong>Lito C\u00f3rdoba<\/strong>&nbsp; &#8211; piano &#8211;&nbsp; ; <strong>Pedro Martini<\/strong>&nbsp; &#8211; bandone\u00f3n &#8211; ;&nbsp; <strong>Walter Perruolo<\/strong>&nbsp; &#8211; guitarra -; <strong>Marcelo Giorgione<\/strong>&nbsp; -bater\u00eda -; y <strong>Nahuel Fusco<\/strong>&nbsp; -cantante \u2013.&nbsp;<\/p>\n\n\n\n<figure class=\"wp-block-embed is-type-video is-provider-youtube wp-block-embed-youtube wp-embed-aspect-4-3 wp-has-aspect-ratio\"><div class=\"wp-block-embed__wrapper\">\n<span class=\"embed-youtube\" style=\"text-align:center; display: block;\"><iframe loading=\"lazy\" class=\"youtube-player\" width=\"1200\" height=\"675\" src=\"https:\/\/www.youtube.com\/embed\/GSFu2t0WYyQ?version=3&#038;rel=1&#038;showsearch=0&#038;showinfo=1&#038;iv_load_policy=1&#038;fs=1&#038;hl=es-ES&#038;autohide=2&#038;wmode=transparent\" allowfullscreen=\"true\" style=\"border:0;\" sandbox=\"allow-scripts allow-same-origin allow-popups allow-presentation allow-popups-to-escape-sandbox\"><\/iframe><\/span>\n<\/div><\/figure>\n\n\n\n<p>A fines de 2003, el d\u00fao conformado por <strong>Nahuel Fusco,<\/strong> cantante, y <strong>Walter Perruolo<\/strong>, guitarra, invit\u00f3 en&nbsp; una de sus presentaciones en el <strong>\u201cCaf\u00e9 La Perla de Mercedes\u201d,<\/strong> a <strong>Marcelo Giorgione,<\/strong> bater\u00eda,&nbsp; <strong>Lucas Guinot<\/strong>, piano, y a <strong>Pedro Martini,<\/strong> bandone\u00f3n, a sumarse al espect\u00e1culo.&nbsp;<\/p>\n\n\n\n<p>A partir de esa noche, los m\u00fasicos decidieron formar<strong>: \u201cLa Negracha\u201d,<\/strong> un conjunto que desarroll\u00f3 una gran cantidad de presentaciones durante los a\u00f1os 2004\/5; actuando dos veces en el <strong>Teatro<\/strong> <strong>Argentino de Mercedes<\/strong>, a sala llena, generando un gran \u00e9xito local ante la fusi\u00f3n de estos m\u00fasicos de rock, amantes del tango.&nbsp;<\/p>\n\n\n\n<p>En 2005 Nahuel Fusco se alej\u00f3 del conjunto, y \u00e9ste continu\u00f3 sus presentaciones con diversos cantantes. Posteriormente, el maestro&nbsp; Lito C\u00f3rdoba reemplaz\u00f3 a Lucas Guinot en el piano, y al cabo de algunas presentaciones, decidieron dejar de actuar.&nbsp;<\/p>\n\n\n\n<p>Quince a\u00f1os despu\u00e9s, volvieron a reunirse adoptando la actual formaci\u00f3n.&nbsp;<\/p>\n\n\n\n<p>Desde sus primeras presentaciones obtuvieron el benepl\u00e1cito y el aplauso, no solo del p\u00fablico mercedino sino de otros, en distintas presentaciones que realizaron fuera de nuestra ciudad; atravesando en la actualidad un gran momento, entre grabaciones, shows en vivo y participaci\u00f3n en festivales.&nbsp;<\/p>\n\n\n\n<p>Este excelente grupo de m\u00fasicos, se presenta el pr\u00f3ximo s\u00e1bado, a las 20:00 en el auditorium del <strong>Colegio<\/strong> <strong>Nacional,<\/strong> interpretando un programa muy atractivo:\u00a0\u00a0<br>-Danzar\u00edn (Juli\u00e1n Plaza)<br>-Barrio Pobre (Belvedere-Garc\u00eda)<br>-Bajo un Cielo de Estrellas (Contursi-Franchini-Stamponi)<br>-Cuesti\u00f3n de Ganas (Juarez-Tavera)<br>-Tango Caliente (Lito C\u00f3rdoba)<br>-Loca (Manuel Jov\u00e9s)<br>-Nocturna (Juli\u00e1n Plaza)<br>-Mariposita (Aieta-Jimenez)<br>-Tres Esquinas (D&#8217;Agostino-Attadia)<br>-Ventarr\u00f3n (Maffia-Staffolani)<br>-Canaro en Par\u00eds (Scarpino-Caldarela)<br>-Milonga de Mis Amores (Maffia-Laurenz)<br>-Libertango (Piazzolla-Ferrer)<br>-Desencuentro (Troilo-Castillo)<br>-Quejas de Bandone\u00f3n (Filiberto)<br>-Adios Nonino (Piazzolla)<br>-Palomita Blanca (Aieta-Jimenez)<br>-Tinta Roja (Castillo-Piana)<br>-Baldosa Floja (Bocazzi-Sassone-Gilardoni)<br>-Los Mosqueteros (Chori Perruolo)<br>-Siga el Baile (Donato)<\/p>\n","protected":false},"excerpt":{"rendered":"<p>Por Susana Spano &#8211; El s\u00e1bado 20 de agosto a las 20:00 en el Ciclo Pro Arte Mercedes \u2013 Centro de Egresados del Colegio Nacional Florentino Ameghino \u2013 se presenta el conjunto \u201cLa Negracha\u201d <\/p>\n","protected":false},"author":1,"featured_media":152018,"comment_status":"closed","ping_status":"open","sticky":false,"template":"","format":"standard","meta":{"_monsterinsights_skip_tracking":false,"_monsterinsights_sitenote_active":false,"_monsterinsights_sitenote_note":"","_monsterinsights_sitenote_category":0,"jetpack_post_was_ever_published":false,"_jetpack_newsletter_access":"","_jetpack_dont_email_post_to_subs":false,"_jetpack_newsletter_tier_id":0,"_jetpack_memberships_contains_paywalled_content":false,"_jetpack_memberships_contains_paid_content":false,"footnotes":"","jetpack_publicize_message":"","jetpack_publicize_feature_enabled":true,"jetpack_social_post_already_shared":true,"jetpack_social_options":{"image_generator_settings":{"template":"highway","default_image_id":0,"font":"","enabled":false},"version":2},"_wpas_customize_per_network":false},"categories":[104],"tags":[7805],"class_list":["post-151938","post","type-post","status-publish","format-standard","has-post-thumbnail","hentry","category-cultura","tag-cultura","generate-columns","tablet-grid-50","mobile-grid-100","grid-parent","grid-50"],"jetpack_publicize_connections":[],"jetpack_featured_media_url":"https:\/\/www.hoymercedes.com.ar\/principal\/wp-content\/uploads\/2022\/08\/negracha.jpg","wps_subtitle":"","jetpack_sharing_enabled":true,"_links":{"self":[{"href":"https:\/\/www.hoymercedes.com.ar\/principal\/wp-json\/wp\/v2\/posts\/151938","targetHints":{"allow":["GET"]}}],"collection":[{"href":"https:\/\/www.hoymercedes.com.ar\/principal\/wp-json\/wp\/v2\/posts"}],"about":[{"href":"https:\/\/www.hoymercedes.com.ar\/principal\/wp-json\/wp\/v2\/types\/post"}],"author":[{"embeddable":true,"href":"https:\/\/www.hoymercedes.com.ar\/principal\/wp-json\/wp\/v2\/users\/1"}],"replies":[{"embeddable":true,"href":"https:\/\/www.hoymercedes.com.ar\/principal\/wp-json\/wp\/v2\/comments?post=151938"}],"version-history":[{"count":0,"href":"https:\/\/www.hoymercedes.com.ar\/principal\/wp-json\/wp\/v2\/posts\/151938\/revisions"}],"wp:featuredmedia":[{"embeddable":true,"href":"https:\/\/www.hoymercedes.com.ar\/principal\/wp-json\/wp\/v2\/media\/152018"}],"wp:attachment":[{"href":"https:\/\/www.hoymercedes.com.ar\/principal\/wp-json\/wp\/v2\/media?parent=151938"}],"wp:term":[{"taxonomy":"category","embeddable":true,"href":"https:\/\/www.hoymercedes.com.ar\/principal\/wp-json\/wp\/v2\/categories?post=151938"},{"taxonomy":"post_tag","embeddable":true,"href":"https:\/\/www.hoymercedes.com.ar\/principal\/wp-json\/wp\/v2\/tags?post=151938"}],"curies":[{"name":"wp","href":"https:\/\/api.w.org\/{rel}","templated":true}]}}