{"id":151949,"date":"2022-08-20T12:30:00","date_gmt":"2022-08-20T15:30:00","guid":{"rendered":"https:\/\/www.hoymercedes.com.ar\/principal\/?p=151949"},"modified":"2022-08-20T11:50:07","modified_gmt":"2022-08-20T14:50:07","slug":"virginia-altube-estreno-su-nuevo-album-todos-los-suenos","status":"publish","type":"post","link":"https:\/\/www.hoymercedes.com.ar\/principal\/2022\/08\/20\/virginia-altube-estreno-su-nuevo-album-todos-los-suenos\/","title":{"rendered":"Virginia Altube estren\u00f3 su nuevo \u00e1lbum \u00abTodos los Sue\u00f1os\u00bb"},"content":{"rendered":"\n<p>En las primeras horas de la noche, cuando el sol hab\u00eda dejado el horizonte, Virginia Altube entrenaba en el plataformas musciales su nuevo \u00e1lbum. Bajo el t\u00edtulo \u00abTodos Los Sue\u00f1os\u00bb, el disco que suena en la virtualidad de internet a la espera de que la cantora las haga en vivo en sus pr\u00f3ximo espect\u00e1culos, presenta cuatro temas: \u00abTodos los sue\u00f1os de Am\u00e9rica\u00bb, \u00abPlumas\u00bb, \u00abEstepa\u00bb y \u00abCanci\u00f3n de Cuna para Dormir a un Viejo\u00bb. <\/p>\n\n\n\n<p>La dulce voz de Virginia engalana las letras de compositores mercedinos como Lucas Guinot, Rulo Godar, Juan Pablo S\u00e1nchez, y el propio hijo de Virginia, Leopoldo Caracoche, entre otros. Y son ellos mismos, los que acompa\u00f1an a la cantora mercedina adem\u00e1s de Ezequiel Iglesias, Lucas Guinot, Sebasti\u00e1n Caracoche (Sebas-Sienvolando). <\/p>\n\n\n\n<p>\u00abSon cuatro temas, es un EP, bell\u00edsimos\u00bb dice sint\u00e9ticamente Virginia. <\/p>\n\n\n\n<figure class=\"wp-block-embed is-type-video is-provider-youtube wp-block-embed-youtube wp-embed-aspect-16-9 wp-has-aspect-ratio\"><div class=\"wp-block-embed__wrapper\">\n<span class=\"embed-youtube\" style=\"text-align:center; display: block;\"><iframe loading=\"lazy\" class=\"youtube-player\" width=\"1200\" height=\"675\" src=\"https:\/\/www.youtube.com\/embed\/Bof2zdyUfJo?version=3&#038;rel=1&#038;showsearch=0&#038;showinfo=1&#038;iv_load_policy=1&#038;fs=1&#038;hl=es-ES&#038;autohide=2&#038;wmode=transparent\" allowfullscreen=\"true\" style=\"border:0;\" sandbox=\"allow-scripts allow-same-origin allow-popups allow-presentation allow-popups-to-escape-sandbox\"><\/iframe><\/span>\n<\/div><\/figure>\n\n\n\n<p>Album: Todos los sue\u00f1os <br>Autora: Virginia Altube <br>Productor: Rulo Godar (Juan Pablo Sanchez) <br>T\u00e9cnico en estudio: Marcos Porcar <br>Estudio Equilibrio \u2013 Mercedes <br><br>Tema 1: \u201cTodos los sue\u00f1os de Am\u00e9rica\u201d<br>Autor: Rulo Godar y Naci\u00f3n Wiphala (Juan Pablo Sanchez) <br>Ft: Rulo Godar y Naci\u00f3n Wiphala (Voces)  <br>Ft: Ezequiel Iglesias (Guitarras) <br><br>Tema 2: \u201cPlumas\u201d <br>Autor: Lucas Guinot<br>Ft. Lucas Guinot (Piano, Bajo, Guitarras) <br><br>Tema 3: \u201cEstepa\u201d <br>Autor: Leopoldo Caracoche<br>Ft. Sebasti\u00e1n Caracoche (Voces)<br>Guitarras: Leopoldo Caracoche<br>Samplers: Rulo Godar<br><br>Tema 4: \u201cCanci\u00f3n de cuna para dormir a un viejo\u201d<br>Autores: N\u00e9stor Poli Soria y Carlos Marrodan<br>Piano: Lucas Guinot<br>Samplers: Rulo Godart<\/p>\n\n\n\n<figure class=\"wp-block-embed is-type-rich is-provider-gestor-del-servicio wp-block-embed-gestor-del-servicio wp-embed-aspect-16-9 wp-has-aspect-ratio\"><div class=\"wp-block-embed__wrapper\">\n<span class=\"embed-youtube\" style=\"text-align:center; display: block;\"><iframe loading=\"lazy\" class=\"youtube-player\" width=\"1200\" height=\"675\" src=\"https:\/\/www.youtube.com\/embed?version=3&#038;rel=1&#038;showsearch=0&#038;showinfo=1&#038;iv_load_policy=1&#038;fs=1&#038;hl=es-ES&#038;autohide=2&#038;wmode=transparent&#038;listType=playlist&#038;list=PLVWCmg7vdLMrMjr0HsLjuMOUo-qlxs31H\" allowfullscreen=\"true\" style=\"border:0;\" sandbox=\"allow-scripts allow-same-origin allow-popups allow-presentation allow-popups-to-escape-sandbox\"><\/iframe><\/span> \n<\/div><\/figure>\n\n\n\n<p><br><\/p>\n","protected":false},"excerpt":{"rendered":"<p>M\u00daSICA Y LETRAS MERCEDINAS: En las primeras horas de la noche, cuando el sol hab\u00eda dejado el horizonte, Virginia Altube entrenaba en el plataformas musciales su nuevo \u00e1lbum. <\/p>\n","protected":false},"author":1,"featured_media":124426,"comment_status":"closed","ping_status":"open","sticky":false,"template":"","format":"standard","meta":{"_monsterinsights_skip_tracking":false,"_monsterinsights_sitenote_active":false,"_monsterinsights_sitenote_note":"","_monsterinsights_sitenote_category":0,"jetpack_post_was_ever_published":false,"_jetpack_newsletter_access":"","_jetpack_dont_email_post_to_subs":false,"_jetpack_newsletter_tier_id":0,"_jetpack_memberships_contains_paywalled_content":false,"_jetpack_memberships_contains_paid_content":false,"footnotes":"","jetpack_publicize_message":"","jetpack_publicize_feature_enabled":true,"jetpack_social_post_already_shared":true,"jetpack_social_options":{"image_generator_settings":{"template":"highway","default_image_id":0,"font":"","enabled":false},"version":2},"_wpas_customize_per_network":false},"categories":[104,8],"tags":[7805],"class_list":["post-151949","post","type-post","status-publish","format-standard","has-post-thumbnail","hentry","category-cultura","category-sociedad","tag-cultura","generate-columns","tablet-grid-50","mobile-grid-100","grid-parent","grid-50"],"jetpack_publicize_connections":[],"jetpack_featured_media_url":"https:\/\/www.hoymercedes.com.ar\/principal\/wp-content\/uploads\/2021\/02\/06-virginia-2.png","wps_subtitle":"","jetpack_sharing_enabled":true,"_links":{"self":[{"href":"https:\/\/www.hoymercedes.com.ar\/principal\/wp-json\/wp\/v2\/posts\/151949","targetHints":{"allow":["GET"]}}],"collection":[{"href":"https:\/\/www.hoymercedes.com.ar\/principal\/wp-json\/wp\/v2\/posts"}],"about":[{"href":"https:\/\/www.hoymercedes.com.ar\/principal\/wp-json\/wp\/v2\/types\/post"}],"author":[{"embeddable":true,"href":"https:\/\/www.hoymercedes.com.ar\/principal\/wp-json\/wp\/v2\/users\/1"}],"replies":[{"embeddable":true,"href":"https:\/\/www.hoymercedes.com.ar\/principal\/wp-json\/wp\/v2\/comments?post=151949"}],"version-history":[{"count":0,"href":"https:\/\/www.hoymercedes.com.ar\/principal\/wp-json\/wp\/v2\/posts\/151949\/revisions"}],"wp:featuredmedia":[{"embeddable":true,"href":"https:\/\/www.hoymercedes.com.ar\/principal\/wp-json\/wp\/v2\/media\/124426"}],"wp:attachment":[{"href":"https:\/\/www.hoymercedes.com.ar\/principal\/wp-json\/wp\/v2\/media?parent=151949"}],"wp:term":[{"taxonomy":"category","embeddable":true,"href":"https:\/\/www.hoymercedes.com.ar\/principal\/wp-json\/wp\/v2\/categories?post=151949"},{"taxonomy":"post_tag","embeddable":true,"href":"https:\/\/www.hoymercedes.com.ar\/principal\/wp-json\/wp\/v2\/tags?post=151949"}],"curies":[{"name":"wp","href":"https:\/\/api.w.org\/{rel}","templated":true}]}}