{"id":151957,"date":"2022-08-17T08:25:00","date_gmt":"2022-08-17T11:25:00","guid":{"rendered":"https:\/\/www.hoymercedes.com.ar\/principal\/?p=151957"},"modified":"2022-08-16T18:00:39","modified_gmt":"2022-08-16T21:00:39","slug":"farmacias-de-turno-del-miercoles-17-de-agosto","status":"publish","type":"post","link":"https:\/\/www.hoymercedes.com.ar\/principal\/2022\/08\/17\/farmacias-de-turno-del-miercoles-17-de-agosto\/","title":{"rendered":"Farmacias de turno del mi\u00e9rcoles 17 de agosto"},"content":{"rendered":"\n<p>Desde las 8:30 del d\u00eda de hoy hasta la misma hora de ma\u00f1ana, las farmacias de turno en Mercedes son: San Jos\u00e9, D&#8217;Agosto y Delfino. <\/p>\n\n\n<div class=\"wp-block-image\">\n<figure class=\"aligncenter size-full\"><img loading=\"lazy\" decoding=\"async\" width=\"879\" height=\"490\" data-attachment-id=\"151958\" data-permalink=\"https:\/\/www.hoymercedes.com.ar\/principal\/2022\/08\/17\/farmacias-de-turno-del-miercoles-17-de-agosto\/17-agosto-3\/#main\" data-orig-file=\"https:\/\/www.hoymercedes.com.ar\/principal\/wp-content\/uploads\/2022\/08\/17-agosto.png\" data-orig-size=\"879,490\" data-comments-opened=\"0\" data-image-meta=\"{&quot;aperture&quot;:&quot;0&quot;,&quot;credit&quot;:&quot;&quot;,&quot;camera&quot;:&quot;&quot;,&quot;caption&quot;:&quot;&quot;,&quot;created_timestamp&quot;:&quot;0&quot;,&quot;copyright&quot;:&quot;&quot;,&quot;focal_length&quot;:&quot;0&quot;,&quot;iso&quot;:&quot;0&quot;,&quot;shutter_speed&quot;:&quot;0&quot;,&quot;title&quot;:&quot;&quot;,&quot;orientation&quot;:&quot;0&quot;}\" data-image-title=\"17 agosto\" data-image-description=\"\" data-image-caption=\"\" data-large-file=\"https:\/\/www.hoymercedes.com.ar\/principal\/wp-content\/uploads\/2022\/08\/17-agosto.png\" src=\"https:\/\/www.hoymercedes.com.ar\/principal\/wp-content\/uploads\/2022\/08\/17-agosto.png\" alt=\"\" class=\"wp-image-151958\" srcset=\"https:\/\/www.hoymercedes.com.ar\/principal\/wp-content\/uploads\/2022\/08\/17-agosto.png 879w, https:\/\/www.hoymercedes.com.ar\/principal\/wp-content\/uploads\/2022\/08\/17-agosto-630x351.png 630w, https:\/\/www.hoymercedes.com.ar\/principal\/wp-content\/uploads\/2022\/08\/17-agosto-150x84.png 150w\" sizes=\"auto, (max-width: 879px) 100vw, 879px\" \/><\/figure>\n<\/div>","protected":false},"excerpt":{"rendered":"<p>Desde las 8:30 del d\u00eda de hoy hasta la misma hora de ma\u00f1ana, las farmacias de turno en Mercedes son: &#8230; <a title=\"Farmacias de turno del mi\u00e9rcoles 17 de agosto\" class=\"read-more\" href=\"https:\/\/www.hoymercedes.com.ar\/principal\/2022\/08\/17\/farmacias-de-turno-del-miercoles-17-de-agosto\/\" aria-label=\"Leer m\u00e1s sobre Farmacias de turno del mi\u00e9rcoles 17 de agosto\">Leer m\u00e1s<\/a><\/p>\n","protected":false},"author":1,"featured_media":151958,"comment_status":"closed","ping_status":"open","sticky":false,"template":"","format":"standard","meta":{"_monsterinsights_skip_tracking":false,"_monsterinsights_sitenote_active":false,"_monsterinsights_sitenote_note":"","_monsterinsights_sitenote_category":0,"jetpack_post_was_ever_published":false,"_jetpack_newsletter_access":"","_jetpack_dont_email_post_to_subs":false,"_jetpack_newsletter_tier_id":0,"_jetpack_memberships_contains_paywalled_content":false,"_jetpack_memberships_contains_paid_content":false,"footnotes":"","jetpack_publicize_message":"","jetpack_publicize_feature_enabled":true,"jetpack_social_post_already_shared":true,"jetpack_social_options":{"image_generator_settings":{"template":"highway","default_image_id":0,"font":"","enabled":false},"version":2},"_wpas_customize_per_network":false},"categories":[5485],"tags":[14001],"class_list":["post-151957","post","type-post","status-publish","format-standard","has-post-thumbnail","hentry","category-comunidad","tag-farmacias-de-turno","generate-columns","tablet-grid-50","mobile-grid-100","grid-parent","grid-50"],"jetpack_publicize_connections":[],"jetpack_featured_media_url":"https:\/\/www.hoymercedes.com.ar\/principal\/wp-content\/uploads\/2022\/08\/17-agosto.png","wps_subtitle":"Servicio a la comunidad","jetpack_sharing_enabled":true,"_links":{"self":[{"href":"https:\/\/www.hoymercedes.com.ar\/principal\/wp-json\/wp\/v2\/posts\/151957","targetHints":{"allow":["GET"]}}],"collection":[{"href":"https:\/\/www.hoymercedes.com.ar\/principal\/wp-json\/wp\/v2\/posts"}],"about":[{"href":"https:\/\/www.hoymercedes.com.ar\/principal\/wp-json\/wp\/v2\/types\/post"}],"author":[{"embeddable":true,"href":"https:\/\/www.hoymercedes.com.ar\/principal\/wp-json\/wp\/v2\/users\/1"}],"replies":[{"embeddable":true,"href":"https:\/\/www.hoymercedes.com.ar\/principal\/wp-json\/wp\/v2\/comments?post=151957"}],"version-history":[{"count":0,"href":"https:\/\/www.hoymercedes.com.ar\/principal\/wp-json\/wp\/v2\/posts\/151957\/revisions"}],"wp:featuredmedia":[{"embeddable":true,"href":"https:\/\/www.hoymercedes.com.ar\/principal\/wp-json\/wp\/v2\/media\/151958"}],"wp:attachment":[{"href":"https:\/\/www.hoymercedes.com.ar\/principal\/wp-json\/wp\/v2\/media?parent=151957"}],"wp:term":[{"taxonomy":"category","embeddable":true,"href":"https:\/\/www.hoymercedes.com.ar\/principal\/wp-json\/wp\/v2\/categories?post=151957"},{"taxonomy":"post_tag","embeddable":true,"href":"https:\/\/www.hoymercedes.com.ar\/principal\/wp-json\/wp\/v2\/tags?post=151957"}],"curies":[{"name":"wp","href":"https:\/\/api.w.org\/{rel}","templated":true}]}}