{"id":151992,"date":"2022-08-17T12:51:25","date_gmt":"2022-08-17T15:51:25","guid":{"rendered":"https:\/\/www.hoymercedes.com.ar\/principal\/?p=151992"},"modified":"2022-08-17T12:51:27","modified_gmt":"2022-08-17T15:51:27","slug":"el-penitenciario-detenido-por-ingresar-armado-a-un-bar-se-nego-a-declarar","status":"publish","type":"post","link":"https:\/\/www.hoymercedes.com.ar\/principal\/2022\/08\/17\/el-penitenciario-detenido-por-ingresar-armado-a-un-bar-se-nego-a-declarar\/","title":{"rendered":"El Penitenciario detenido por ingresar armado a un bar se neg\u00f3 a declarar"},"content":{"rendered":"\n<p>En la jornada del pasado domingo 14 de agosto se llev\u00f3\u00a0 a cabo la aprehensi\u00f3n de un sujeto mayor de edad, que instantes antes caus\u00f3 momentos de gran preocupaci\u00f3n en un local de esparcimiento nocturno en la localidad de Mercedes.\u00a0\u00a0<\/p>\n\n\n\n<p>De acuerdo a lo que pudo conocerse, el imputado se encontraba en el bar denominado \u201cUh meda?\u201d, sito en colectora Sur y calle 178 de Mercedes. Alrededor de las 6:30 hs.&nbsp; comenz\u00f3 a generar disturbios con las personas que se encontraban en el lugar, por lo cual personal de seguridad del local junto a otros&nbsp; particulares le solicitaron de buena manera que se retirara del comercio. Pero al retirarse le propin\u00f3 un golpe de pu\u00f1o a una de las personas que oficiaban de seguridad privada en el lugar y mientras se retiraba hacia su veh\u00edculo lo amenazaba.&nbsp;<\/p>\n\n\n\n<p>Una vez en su autom\u00f3vil (un Volkswagen Borade color gris oscuro), se acercaron al sujeto varias personas pidiendo que se retirara pac\u00edficamente del lugar, pero&nbsp; el imputado extrajo de entre sus prendas un cuchillo del tipo tramontina&nbsp; con el que comenz\u00f3 a amenazar y agredir a todos arrojando pu\u00f1aladas, principalmente a una mujer. Cuando finalmente lograron sacarle el cuchillo, esta persona se retir\u00f3 del lugar.&nbsp;<\/p>\n\n\n\n<p>Sin embargo, pasados unos minutos, y cuando varias de las personas que estaban en el bar se encontraban en la tranquera de ingreso al local a la espera de autos para retirarse a sus domicilios, es que el sujeto vuelve al lugar. Descendi\u00f3 de su rodado portando un arma de fuego del tipo escopeta calibre 16\u00a0 con la cual apuntaba hacia las personas, que r\u00e1pidamente corrieron hacia distintos lugares a fin de resguardarse. <\/p>\n\n\n\n<p>En esta secuencia, el sujeto mantuvo el forcejeo con un hombre que intentaba detener lo que estaba ocurriendo, no logrando su objetivo y recibiendo un golpe en las piernas con el arma. En un momento de descuido del agresor logr\u00f3 ocultarse y evitar mayores lesiones. All\u00ed, el imputado comenz\u00f3 a efectuar disparos hacia la propiedad y hacia donde se hallaban las personas resguardadas, totalmente aterrorizados con el accionar del imputado.\u00a0<\/p>\n\n\n\n<p>El sujeto recorri\u00f3 luego el interior del bar efectuando disparos, a la vez que llamaba a quienes estaban escondidos de sus amenazas tal juego de terror para amedrentarlos.&nbsp;<\/p>\n\n\n\n<p>Posteriormente sali\u00f3 nuevamente al exterior del local y se encontr\u00f3 nuevamente con la mujer a la que hab\u00eda querido agredir con el cuchillo -quien se hallaba escondida y al escuchar pasos pens\u00f3 que ven\u00edan a ayudarla- y al ver que a la misma le comienza a sonar el celular comenz\u00f3 a gritarle refiriendo que hab\u00eda dado aviso a la polic\u00eda y le sustrajo el tel\u00e9fono previo intimidarla con el arma de fuego.&nbsp;&nbsp;<\/p>\n\n\n\n<p>Afortunadamente, arrib\u00f3 al lugar personal policial que hab\u00eda sido anoticiado por varias de las personas que se encontraban en el bar logrando interceptar al imputado -quien en ese momento comenzaba a ser agredido por algunos de los damnificados- y lo aprehendieron. Y es que al percatarse de la presencia policial, el sujeto se hab\u00eda descartado hacia un costado el arma de fuego y del celular sustra\u00eddo, y en ese momento los all\u00ed presentes buscaron reducirlo tras el mal momento vivido.&nbsp;<\/p>\n\n\n\n<p>Tras la intervenci\u00f3n policial tom\u00f3 intervenci\u00f3n la Unidad Funcional de Instrucci\u00f3n N.\u00ba 6 del Departamento Judicial Mercedes. Se reunieron diversos elementos de inter\u00e9s para la investigaci\u00f3n&nbsp;&nbsp;<\/p>\n\n\n\n<p>En el lugar de los hechos fueron incautados por el personal policial interviniente como as\u00ed tambi\u00e9n un cartucho de escopeta que pose\u00eda en el interior de uno de sus bolsillos, procediendo en consecuencia al traslado del agresor como de los testigos hacia la dependencia policial a los fines legales pertinentes.&nbsp;<\/p>\n\n\n\n<p>El imputado (un sujeto de 30 a\u00f1os, de profesi\u00f3n empleado del Servicio Penitenciario cumpliendo servicio en la Unidad 41 de Campana (B), oriundo de la ciudad de Mercedes)\u00a0 compareci\u00f3 ante el agente fiscal en el marco de la audiencia de declaraci\u00f3n en los t\u00e9rminos del art. 308 del C\u00f3digo Procesal Penal en la jornada del martes 16 del corriente. <\/p>\n\n\n\n<p>Fue por el delito de \u201cRobo agravado por el uso de arma apta para el disparo agravado por haber sido cometido por miembro del Servicio Penitenciario en grado de tentativa, en concurso ideal con Coacci\u00f3n agravada por el uso de arma;\u00a0 portaci\u00f3n ilegal de arma de fuego de uso civil,\u00a0 Abuso de arma de fuego agravado por ser personal del Servicio Penitenciario; Amenazas simples y Amenazas agravadas por el uso de arma todo en concurso real entre s\u00ed\u201d e hizo uso de su derecho de negarse a declarar.\u00a0<\/p>\n\n\n\n<p>Tras ello, se solicit\u00f3 por ante el Juzgado de Garant\u00edas N\u00b0 3 se convierta la aprehensi\u00f3n en detenci\u00f3n.\u00a0<\/p>\n\n\n\n<p>Fuente: Ministerio P\u00fablico Fiscal &#8211; Depto Judicial Mercedes<br>Fotograf\u00edas que circularon a trav\u00e9s de las redes sociales. <\/p>\n\n\n\n<figure class=\"wp-block-gallery has-nested-images columns-default is-cropped wp-block-gallery-1 is-layout-flex wp-block-gallery-is-layout-flex\">\n<figure class=\"wp-block-image size-large\"><img loading=\"lazy\" decoding=\"async\" width=\"800\" height=\"533\" data-attachment-id=\"151995\" data-permalink=\"https:\/\/www.hoymercedes.com.ar\/principal\/2022\/08\/17\/el-penitenciario-detenido-por-ingresar-armado-a-un-bar-se-nego-a-declarar\/whatsapp-image-2022-08-14-at-10-09-27-pm\/#main\" data-orig-file=\"https:\/\/www.hoymercedes.com.ar\/principal\/wp-content\/uploads\/2022\/08\/WhatsApp-Image-2022-08-14-at-10.09.27-PM.jpeg\" data-orig-size=\"800,533\" data-comments-opened=\"0\" data-image-meta=\"{&quot;aperture&quot;:&quot;0&quot;,&quot;credit&quot;:&quot;&quot;,&quot;camera&quot;:&quot;&quot;,&quot;caption&quot;:&quot;&quot;,&quot;created_timestamp&quot;:&quot;1660740016&quot;,&quot;copyright&quot;:&quot;&quot;,&quot;focal_length&quot;:&quot;0&quot;,&quot;iso&quot;:&quot;0&quot;,&quot;shutter_speed&quot;:&quot;0&quot;,&quot;title&quot;:&quot;&quot;,&quot;orientation&quot;:&quot;1&quot;}\" data-image-title=\"WhatsApp Image 2022-08-14 at 10.09.27 PM\" data-image-description=\"\" data-image-caption=\"\" data-large-file=\"https:\/\/www.hoymercedes.com.ar\/principal\/wp-content\/uploads\/2022\/08\/WhatsApp-Image-2022-08-14-at-10.09.27-PM.jpeg\" data-id=\"151995\" src=\"https:\/\/www.hoymercedes.com.ar\/principal\/wp-content\/uploads\/2022\/08\/WhatsApp-Image-2022-08-14-at-10.09.27-PM.jpeg\" alt=\"\" class=\"wp-image-151995\" srcset=\"https:\/\/www.hoymercedes.com.ar\/principal\/wp-content\/uploads\/2022\/08\/WhatsApp-Image-2022-08-14-at-10.09.27-PM.jpeg 800w, https:\/\/www.hoymercedes.com.ar\/principal\/wp-content\/uploads\/2022\/08\/WhatsApp-Image-2022-08-14-at-10.09.27-PM-630x420.jpeg 630w, https:\/\/www.hoymercedes.com.ar\/principal\/wp-content\/uploads\/2022\/08\/WhatsApp-Image-2022-08-14-at-10.09.27-PM-150x100.jpeg 150w, https:\/\/www.hoymercedes.com.ar\/principal\/wp-content\/uploads\/2022\/08\/WhatsApp-Image-2022-08-14-at-10.09.27-PM-700x465.jpeg 700w\" sizes=\"auto, (max-width: 800px) 100vw, 800px\" \/><\/figure>\n\n\n\n<figure class=\"wp-block-image size-large\"><img loading=\"lazy\" decoding=\"async\" width=\"800\" height=\"533\" data-attachment-id=\"151993\" data-permalink=\"https:\/\/www.hoymercedes.com.ar\/principal\/2022\/08\/17\/el-penitenciario-detenido-por-ingresar-armado-a-un-bar-se-nego-a-declarar\/whatsapp-image-2022-08-14-at-10-10-37-pm\/#main\" data-orig-file=\"https:\/\/www.hoymercedes.com.ar\/principal\/wp-content\/uploads\/2022\/08\/WhatsApp-Image-2022-08-14-at-10.10.37-PM.jpeg\" data-orig-size=\"800,533\" data-comments-opened=\"0\" data-image-meta=\"{&quot;aperture&quot;:&quot;0&quot;,&quot;credit&quot;:&quot;&quot;,&quot;camera&quot;:&quot;&quot;,&quot;caption&quot;:&quot;&quot;,&quot;created_timestamp&quot;:&quot;1660740000&quot;,&quot;copyright&quot;:&quot;&quot;,&quot;focal_length&quot;:&quot;0&quot;,&quot;iso&quot;:&quot;0&quot;,&quot;shutter_speed&quot;:&quot;0&quot;,&quot;title&quot;:&quot;&quot;,&quot;orientation&quot;:&quot;1&quot;}\" data-image-title=\"WhatsApp Image 2022-08-14 at 10.10.37 PM\" data-image-description=\"\" data-image-caption=\"\" data-large-file=\"https:\/\/www.hoymercedes.com.ar\/principal\/wp-content\/uploads\/2022\/08\/WhatsApp-Image-2022-08-14-at-10.10.37-PM.jpeg\" data-id=\"151993\" src=\"https:\/\/www.hoymercedes.com.ar\/principal\/wp-content\/uploads\/2022\/08\/WhatsApp-Image-2022-08-14-at-10.10.37-PM.jpeg\" alt=\"\" class=\"wp-image-151993\" srcset=\"https:\/\/www.hoymercedes.com.ar\/principal\/wp-content\/uploads\/2022\/08\/WhatsApp-Image-2022-08-14-at-10.10.37-PM.jpeg 800w, https:\/\/www.hoymercedes.com.ar\/principal\/wp-content\/uploads\/2022\/08\/WhatsApp-Image-2022-08-14-at-10.10.37-PM-630x420.jpeg 630w, https:\/\/www.hoymercedes.com.ar\/principal\/wp-content\/uploads\/2022\/08\/WhatsApp-Image-2022-08-14-at-10.10.37-PM-150x100.jpeg 150w, https:\/\/www.hoymercedes.com.ar\/principal\/wp-content\/uploads\/2022\/08\/WhatsApp-Image-2022-08-14-at-10.10.37-PM-700x465.jpeg 700w\" sizes=\"auto, (max-width: 800px) 100vw, 800px\" \/><\/figure>\n\n\n\n<figure class=\"wp-block-image size-large\"><img loading=\"lazy\" decoding=\"async\" width=\"800\" height=\"534\" data-attachment-id=\"151996\" data-permalink=\"https:\/\/www.hoymercedes.com.ar\/principal\/2022\/08\/17\/el-penitenciario-detenido-por-ingresar-armado-a-un-bar-se-nego-a-declarar\/whatsapp-image-2022-08-14-at-10-10-37-pm-1\/#main\" data-orig-file=\"https:\/\/www.hoymercedes.com.ar\/principal\/wp-content\/uploads\/2022\/08\/WhatsApp-Image-2022-08-14-at-10.10.37-PM-1.jpeg\" data-orig-size=\"800,534\" data-comments-opened=\"0\" data-image-meta=\"{&quot;aperture&quot;:&quot;0&quot;,&quot;credit&quot;:&quot;&quot;,&quot;camera&quot;:&quot;&quot;,&quot;caption&quot;:&quot;&quot;,&quot;created_timestamp&quot;:&quot;1660740023&quot;,&quot;copyright&quot;:&quot;&quot;,&quot;focal_length&quot;:&quot;0&quot;,&quot;iso&quot;:&quot;0&quot;,&quot;shutter_speed&quot;:&quot;0&quot;,&quot;title&quot;:&quot;&quot;,&quot;orientation&quot;:&quot;1&quot;}\" data-image-title=\"WhatsApp Image 2022-08-14 at 10.10.37 PM (1)\" data-image-description=\"\" data-image-caption=\"\" data-large-file=\"https:\/\/www.hoymercedes.com.ar\/principal\/wp-content\/uploads\/2022\/08\/WhatsApp-Image-2022-08-14-at-10.10.37-PM-1.jpeg\" data-id=\"151996\" src=\"https:\/\/www.hoymercedes.com.ar\/principal\/wp-content\/uploads\/2022\/08\/WhatsApp-Image-2022-08-14-at-10.10.37-PM-1.jpeg\" alt=\"\" class=\"wp-image-151996\" srcset=\"https:\/\/www.hoymercedes.com.ar\/principal\/wp-content\/uploads\/2022\/08\/WhatsApp-Image-2022-08-14-at-10.10.37-PM-1.jpeg 800w, https:\/\/www.hoymercedes.com.ar\/principal\/wp-content\/uploads\/2022\/08\/WhatsApp-Image-2022-08-14-at-10.10.37-PM-1-630x421.jpeg 630w, https:\/\/www.hoymercedes.com.ar\/principal\/wp-content\/uploads\/2022\/08\/WhatsApp-Image-2022-08-14-at-10.10.37-PM-1-150x100.jpeg 150w\" sizes=\"auto, (max-width: 800px) 100vw, 800px\" \/><\/figure>\n\n\n\n<figure class=\"wp-block-image size-large\"><img loading=\"lazy\" decoding=\"async\" width=\"800\" height=\"450\" data-attachment-id=\"151994\" data-permalink=\"https:\/\/www.hoymercedes.com.ar\/principal\/2022\/08\/17\/el-penitenciario-detenido-por-ingresar-armado-a-un-bar-se-nego-a-declarar\/whatsapp-image-2022-08-14-at-10-07-20-pm\/#main\" data-orig-file=\"https:\/\/www.hoymercedes.com.ar\/principal\/wp-content\/uploads\/2022\/08\/WhatsApp-Image-2022-08-14-at-10.07.20-PM.jpeg\" data-orig-size=\"800,450\" data-comments-opened=\"0\" data-image-meta=\"{&quot;aperture&quot;:&quot;0&quot;,&quot;credit&quot;:&quot;&quot;,&quot;camera&quot;:&quot;&quot;,&quot;caption&quot;:&quot;&quot;,&quot;created_timestamp&quot;:&quot;0&quot;,&quot;copyright&quot;:&quot;&quot;,&quot;focal_length&quot;:&quot;0&quot;,&quot;iso&quot;:&quot;0&quot;,&quot;shutter_speed&quot;:&quot;0&quot;,&quot;title&quot;:&quot;&quot;,&quot;orientation&quot;:&quot;0&quot;}\" data-image-title=\"WhatsApp Image 2022-08-14 at 10.07.20 PM\" data-image-description=\"\" data-image-caption=\"\" data-large-file=\"https:\/\/www.hoymercedes.com.ar\/principal\/wp-content\/uploads\/2022\/08\/WhatsApp-Image-2022-08-14-at-10.07.20-PM.jpeg\" data-id=\"151994\" src=\"https:\/\/www.hoymercedes.com.ar\/principal\/wp-content\/uploads\/2022\/08\/WhatsApp-Image-2022-08-14-at-10.07.20-PM.jpeg\" alt=\"\" class=\"wp-image-151994\" srcset=\"https:\/\/www.hoymercedes.com.ar\/principal\/wp-content\/uploads\/2022\/08\/WhatsApp-Image-2022-08-14-at-10.07.20-PM.jpeg 800w, https:\/\/www.hoymercedes.com.ar\/principal\/wp-content\/uploads\/2022\/08\/WhatsApp-Image-2022-08-14-at-10.07.20-PM-630x354.jpeg 630w, https:\/\/www.hoymercedes.com.ar\/principal\/wp-content\/uploads\/2022\/08\/WhatsApp-Image-2022-08-14-at-10.07.20-PM-150x84.jpeg 150w\" sizes=\"auto, (max-width: 800px) 100vw, 800px\" \/><\/figure>\n<\/figure>\n","protected":false},"excerpt":{"rendered":"<p>POLICIAL. Informe de la Justicia ante la aprehensi\u00f3n del empleado del Servicio Penitenciario que entr\u00f3 en UhMeda. Est\u00e1 detenido por abuso de arma, coacci\u00f3n y amenazas en un local de esparcimiento nocturno  <\/p>\n","protected":false},"author":1,"featured_media":151994,"comment_status":"closed","ping_status":"open","sticky":false,"template":"","format":"standard","meta":{"_monsterinsights_skip_tracking":false,"_monsterinsights_sitenote_active":false,"_monsterinsights_sitenote_note":"","_monsterinsights_sitenote_category":0,"jetpack_post_was_ever_published":false,"_jetpack_newsletter_access":"","_jetpack_dont_email_post_to_subs":false,"_jetpack_newsletter_tier_id":0,"_jetpack_memberships_contains_paywalled_content":false,"_jetpack_memberships_contains_paid_content":false,"footnotes":"","jetpack_publicize_message":"","jetpack_publicize_feature_enabled":true,"jetpack_social_post_already_shared":true,"jetpack_social_options":{"image_generator_settings":{"template":"highway","default_image_id":0,"font":"","enabled":false},"version":2},"_wpas_customize_per_network":false},"categories":[85],"tags":[],"class_list":["post-151992","post","type-post","status-publish","format-standard","has-post-thumbnail","hentry","category-policial","generate-columns","tablet-grid-50","mobile-grid-100","grid-parent","grid-50"],"jetpack_publicize_connections":[],"jetpack_featured_media_url":"https:\/\/www.hoymercedes.com.ar\/principal\/wp-content\/uploads\/2022\/08\/WhatsApp-Image-2022-08-14-at-10.07.20-PM.jpeg","wps_subtitle":"","jetpack_sharing_enabled":true,"_links":{"self":[{"href":"https:\/\/www.hoymercedes.com.ar\/principal\/wp-json\/wp\/v2\/posts\/151992","targetHints":{"allow":["GET"]}}],"collection":[{"href":"https:\/\/www.hoymercedes.com.ar\/principal\/wp-json\/wp\/v2\/posts"}],"about":[{"href":"https:\/\/www.hoymercedes.com.ar\/principal\/wp-json\/wp\/v2\/types\/post"}],"author":[{"embeddable":true,"href":"https:\/\/www.hoymercedes.com.ar\/principal\/wp-json\/wp\/v2\/users\/1"}],"replies":[{"embeddable":true,"href":"https:\/\/www.hoymercedes.com.ar\/principal\/wp-json\/wp\/v2\/comments?post=151992"}],"version-history":[{"count":0,"href":"https:\/\/www.hoymercedes.com.ar\/principal\/wp-json\/wp\/v2\/posts\/151992\/revisions"}],"wp:featuredmedia":[{"embeddable":true,"href":"https:\/\/www.hoymercedes.com.ar\/principal\/wp-json\/wp\/v2\/media\/151994"}],"wp:attachment":[{"href":"https:\/\/www.hoymercedes.com.ar\/principal\/wp-json\/wp\/v2\/media?parent=151992"}],"wp:term":[{"taxonomy":"category","embeddable":true,"href":"https:\/\/www.hoymercedes.com.ar\/principal\/wp-json\/wp\/v2\/categories?post=151992"},{"taxonomy":"post_tag","embeddable":true,"href":"https:\/\/www.hoymercedes.com.ar\/principal\/wp-json\/wp\/v2\/tags?post=151992"}],"curies":[{"name":"wp","href":"https:\/\/api.w.org\/{rel}","templated":true}]}}