{"id":152172,"date":"2022-08-22T22:56:37","date_gmt":"2022-08-23T01:56:37","guid":{"rendered":"https:\/\/www.hoymercedes.com.ar\/principal\/?p=152172"},"modified":"2022-08-22T22:56:40","modified_gmt":"2022-08-23T01:56:40","slug":"que-pasara-con-el-mural-de-octimio-landi","status":"publish","type":"post","link":"https:\/\/www.hoymercedes.com.ar\/principal\/2022\/08\/22\/que-pasara-con-el-mural-de-octimio-landi\/","title":{"rendered":"\u00bfQu\u00e9 pasar\u00e1 con el mural de Octimio Landi?"},"content":{"rendered":"\n<p>Por TeCleArte &#8211; Desde hace unos meses, el Museo de Ciencias Naturales Carlos Ameghino est\u00e1 en obras. Primeros los techos, algunas modificaciones en su interior y por estos d\u00edas est\u00e1n haciendo arreglos en la fachada de su entrada por calle 26 y preocupa que est\u00e9n tapando el mural dise\u00f1ado por Octimio Landi. <\/p>\n\n\n\n<figure class=\"wp-block-gallery has-nested-images columns-default is-cropped wp-block-gallery-1 is-layout-flex wp-block-gallery-is-layout-flex\">\n<figure class=\"wp-block-image size-large\"><img loading=\"lazy\" decoding=\"async\" width=\"450\" height=\"800\" data-attachment-id=\"152173\" data-permalink=\"https:\/\/www.hoymercedes.com.ar\/principal\/2022\/08\/22\/que-pasara-con-el-mural-de-octimio-landi\/mmural\/#main\" data-orig-file=\"https:\/\/www.hoymercedes.com.ar\/principal\/wp-content\/uploads\/2022\/08\/mmural.jpg\" data-orig-size=\"450,800\" data-comments-opened=\"0\" data-image-meta=\"{&quot;aperture&quot;:&quot;0&quot;,&quot;credit&quot;:&quot;&quot;,&quot;camera&quot;:&quot;&quot;,&quot;caption&quot;:&quot;&quot;,&quot;created_timestamp&quot;:&quot;0&quot;,&quot;copyright&quot;:&quot;&quot;,&quot;focal_length&quot;:&quot;0&quot;,&quot;iso&quot;:&quot;0&quot;,&quot;shutter_speed&quot;:&quot;0&quot;,&quot;title&quot;:&quot;&quot;,&quot;orientation&quot;:&quot;0&quot;}\" data-image-title=\"mmural\" data-image-description=\"\" data-image-caption=\"\" data-large-file=\"https:\/\/www.hoymercedes.com.ar\/principal\/wp-content\/uploads\/2022\/08\/mmural.jpg\" data-id=\"152173\" src=\"https:\/\/www.hoymercedes.com.ar\/principal\/wp-content\/uploads\/2022\/08\/mmural.jpg\" alt=\"\" class=\"wp-image-152173\" srcset=\"https:\/\/www.hoymercedes.com.ar\/principal\/wp-content\/uploads\/2022\/08\/mmural.jpg 450w, https:\/\/www.hoymercedes.com.ar\/principal\/wp-content\/uploads\/2022\/08\/mmural-349x620.jpg 349w, https:\/\/www.hoymercedes.com.ar\/principal\/wp-content\/uploads\/2022\/08\/mmural-84x150.jpg 84w\" sizes=\"auto, (max-width: 450px) 100vw, 450px\" \/><\/figure>\n\n\n\n<figure class=\"wp-block-image size-large\"><img loading=\"lazy\" decoding=\"async\" width=\"450\" height=\"800\" data-attachment-id=\"152175\" data-permalink=\"https:\/\/www.hoymercedes.com.ar\/principal\/2022\/08\/22\/que-pasara-con-el-mural-de-octimio-landi\/mural-octimio\/#main\" data-orig-file=\"https:\/\/www.hoymercedes.com.ar\/principal\/wp-content\/uploads\/2022\/08\/mural-octimio.jpg\" data-orig-size=\"450,800\" data-comments-opened=\"0\" data-image-meta=\"{&quot;aperture&quot;:&quot;0&quot;,&quot;credit&quot;:&quot;&quot;,&quot;camera&quot;:&quot;&quot;,&quot;caption&quot;:&quot;&quot;,&quot;created_timestamp&quot;:&quot;0&quot;,&quot;copyright&quot;:&quot;&quot;,&quot;focal_length&quot;:&quot;0&quot;,&quot;iso&quot;:&quot;0&quot;,&quot;shutter_speed&quot;:&quot;0&quot;,&quot;title&quot;:&quot;&quot;,&quot;orientation&quot;:&quot;0&quot;}\" data-image-title=\"mural octimio\" data-image-description=\"\" data-image-caption=\"\" data-large-file=\"https:\/\/www.hoymercedes.com.ar\/principal\/wp-content\/uploads\/2022\/08\/mural-octimio.jpg\" data-id=\"152175\" src=\"https:\/\/www.hoymercedes.com.ar\/principal\/wp-content\/uploads\/2022\/08\/mural-octimio.jpg\" alt=\"\" class=\"wp-image-152175\" srcset=\"https:\/\/www.hoymercedes.com.ar\/principal\/wp-content\/uploads\/2022\/08\/mural-octimio.jpg 450w, https:\/\/www.hoymercedes.com.ar\/principal\/wp-content\/uploads\/2022\/08\/mural-octimio-349x620.jpg 349w, https:\/\/www.hoymercedes.com.ar\/principal\/wp-content\/uploads\/2022\/08\/mural-octimio-84x150.jpg 84w\" sizes=\"auto, (max-width: 450px) 100vw, 450px\" \/><\/figure>\n<\/figure>\n\n\n\n<p>En la parte de arriba de la puerta de ingreso, desde hace m\u00e1s de quince a\u00f1os, engalana un mural dise\u00f1ado por Octimio Landi. Con su direcci\u00f3n y coordinaci\u00f3n, antes de fallecer, Chich\u00ed tuvo la colaboraci\u00f3n de varios artistas pl\u00e1sticos para pintarlo. Ese mismo mural, hace un par de a\u00f1os, en homenaje a Landi, C\u00e9sar Lalla y otro grupo de artistas pl\u00e1sticos lo restauraron y volvi\u00f3 a ser noticia por la identidad que le daba al Museo que Landi cre\u00f3 junto a otros vecinos de Mercedes. <\/p>\n\n\n\n<p>En la actualidad, con las obras que est\u00e1n realizando en el Museo Ameghino, el mural est\u00e1 siendo tapado y hasta \u00abarruinado\u00bb. Se puede observar como una viga de la estructura de un techo fue colocada en la pared donde est\u00e1 el mural de Landi (ver fotos) y c\u00f3mo, cuando se coloque el techo, el mural quedar\u00eda tapado. <\/p>\n\n\n\n<p>El mural dise\u00f1ado por Octamio Landi, realizado por artistas pl\u00e1sticos, se postul\u00f3 y gan\u00f3 el Concurso de Murales que en 2004 llev\u00f3 adelante la provincia de Buenos Aires. Y en la actualidad no hay certezas de qu\u00e9 pasar\u00e1 con el mural. <\/p>\n\n\n\n<p>Desde hace unos d\u00edas, vecinos referentes de las artes y la cultura mercedina expusieron su descontento y preocupaci\u00f3n. Incluso presentaron distintas notificaciones a las autoridades municipales del \u00e1rea de Coordinaci\u00f3n de Museos exponiendo estas dudas. Dudas que se reflejan ante una pregunta principal: \u00bfQu\u00e9 pasar\u00e1 con el mural de Octimio Landi? <\/p>\n\n\n\n<p><\/p>\n","protected":false},"excerpt":{"rendered":"<p>El mural dise\u00f1ado por Octimio \u00abChich\u00ed\u00bb Landi est\u00e1 siendo tapado ante las obras en la fachada del Museo Ameghino. <\/p>\n","protected":false},"author":1,"featured_media":152174,"comment_status":"closed","ping_status":"open","sticky":false,"template":"","format":"standard","meta":{"_monsterinsights_skip_tracking":false,"_monsterinsights_sitenote_active":false,"_monsterinsights_sitenote_note":"","_monsterinsights_sitenote_category":0,"jetpack_post_was_ever_published":false,"_jetpack_newsletter_access":"","_jetpack_dont_email_post_to_subs":false,"_jetpack_newsletter_tier_id":0,"_jetpack_memberships_contains_paywalled_content":false,"_jetpack_memberships_contains_paid_content":false,"footnotes":"","jetpack_publicize_message":"","jetpack_publicize_feature_enabled":true,"jetpack_social_post_already_shared":true,"jetpack_social_options":{"image_generator_settings":{"template":"highway","default_image_id":0,"font":"","enabled":false},"version":2},"_wpas_customize_per_network":false},"categories":[104],"tags":[7805],"class_list":["post-152172","post","type-post","status-publish","format-standard","has-post-thumbnail","hentry","category-cultura","tag-cultura","generate-columns","tablet-grid-50","mobile-grid-100","grid-parent","grid-50"],"jetpack_publicize_connections":[],"jetpack_featured_media_url":"https:\/\/www.hoymercedes.com.ar\/principal\/wp-content\/uploads\/2022\/08\/mmural-recorte.jpg","wps_subtitle":"","jetpack_sharing_enabled":true,"_links":{"self":[{"href":"https:\/\/www.hoymercedes.com.ar\/principal\/wp-json\/wp\/v2\/posts\/152172","targetHints":{"allow":["GET"]}}],"collection":[{"href":"https:\/\/www.hoymercedes.com.ar\/principal\/wp-json\/wp\/v2\/posts"}],"about":[{"href":"https:\/\/www.hoymercedes.com.ar\/principal\/wp-json\/wp\/v2\/types\/post"}],"author":[{"embeddable":true,"href":"https:\/\/www.hoymercedes.com.ar\/principal\/wp-json\/wp\/v2\/users\/1"}],"replies":[{"embeddable":true,"href":"https:\/\/www.hoymercedes.com.ar\/principal\/wp-json\/wp\/v2\/comments?post=152172"}],"version-history":[{"count":0,"href":"https:\/\/www.hoymercedes.com.ar\/principal\/wp-json\/wp\/v2\/posts\/152172\/revisions"}],"wp:featuredmedia":[{"embeddable":true,"href":"https:\/\/www.hoymercedes.com.ar\/principal\/wp-json\/wp\/v2\/media\/152174"}],"wp:attachment":[{"href":"https:\/\/www.hoymercedes.com.ar\/principal\/wp-json\/wp\/v2\/media?parent=152172"}],"wp:term":[{"taxonomy":"category","embeddable":true,"href":"https:\/\/www.hoymercedes.com.ar\/principal\/wp-json\/wp\/v2\/categories?post=152172"},{"taxonomy":"post_tag","embeddable":true,"href":"https:\/\/www.hoymercedes.com.ar\/principal\/wp-json\/wp\/v2\/tags?post=152172"}],"curies":[{"name":"wp","href":"https:\/\/api.w.org\/{rel}","templated":true}]}}