{"id":152251,"date":"2022-08-24T16:17:00","date_gmt":"2022-08-24T19:17:00","guid":{"rendered":"https:\/\/www.hoymercedes.com.ar\/principal\/?p=152251"},"modified":"2022-08-24T16:17:02","modified_gmt":"2022-08-24T19:17:02","slug":"allanaron-degrutolla-hogar-investigan-defraudacion","status":"publish","type":"post","link":"https:\/\/www.hoymercedes.com.ar\/principal\/2022\/08\/24\/allanaron-degrutolla-hogar-investigan-defraudacion\/","title":{"rendered":"Allanaron DeGrutolla Hogar: Investigan defraudaci\u00f3n"},"content":{"rendered":"\n<p>En la \u00faltimas horas, se conoci\u00f3 que durante la ma\u00f1ana del martes 23 la Justicia llev\u00f3 adelante el allanamiento en el local comercial de Avenida 2 y 19, De Gruttola Hogar. Se secuestraron computadoras y documentaci\u00f3n ante la sospechas de fraude y asociaci\u00f3n il\u00edcita. <\/p>\n\n\n\n<p>De acuerdo a la informaci\u00f3n recabada, la Fiscal\u00eda de Investigaci\u00f3n N\u00b0 6 tiene m\u00e1s de 20 denuncias se presentadas en las \u00faltimas semanas por parte de vecinos de Mercedes y localidades aleda\u00f1as. Los denunciantes, no s\u00f3lo denunciaron al fallecido N\u00e9stor De Gruttola, sino que tambi\u00e9n habr\u00edan incluido en sus denuncias a personas que sabr\u00edan de la financiera e inversiones hechas por los vecinos que reclaman recuperar. <\/p>\n\n\n\n<p>A solicitud del Fiscal Luis Carcagno, el Juzgado de Garant\u00edas N\u00b0 3 del Dr. Patricio Arrieta orden\u00f3 el allanamiento y secuestro de documentaci\u00f3n y dispositivos inform\u00e1ticos que puedan estar relacionados con las denuncias. La medida se llev\u00f3 a cabo con la presencia de agentes de la UFI interviniente y la DDI Mercedes a los fines de secuestrar elementos varios. <\/p>\n\n\n\n<p>Los elementos secuestrados ser\u00e1n analizados, a la vez que se llevan a cabo diversas medidas probatorias afines a la investigaci\u00f3n en curso para determinar la existencia de delito de \u00abDefraudaci\u00f3n, intermediaci\u00f3n financiera no autorizada y asociaci\u00f3n il\u00edcita en concurso real entre s\u00ed\u00bb<\/p>\n\n\n\n<p><\/p>\n","protected":false},"excerpt":{"rendered":"<p>En la \u00faltimas horas, se conoci\u00f3 que durante la ma\u00f1ana del martes 23 la Justicia llev\u00f3 adelante el allanamiento en el local comercial de Avenida 2 y 19, De Gruttola Hogar. <\/p>\n","protected":false},"author":1,"featured_media":152255,"comment_status":"closed","ping_status":"open","sticky":false,"template":"","format":"standard","meta":{"_monsterinsights_skip_tracking":false,"_monsterinsights_sitenote_active":false,"_monsterinsights_sitenote_note":"","_monsterinsights_sitenote_category":0,"jetpack_post_was_ever_published":false,"_jetpack_newsletter_access":"","_jetpack_dont_email_post_to_subs":false,"_jetpack_newsletter_tier_id":0,"_jetpack_memberships_contains_paywalled_content":false,"_jetpack_memberships_contains_paid_content":false,"footnotes":"","jetpack_publicize_message":"","jetpack_publicize_feature_enabled":true,"jetpack_social_post_already_shared":true,"jetpack_social_options":{"image_generator_settings":{"template":"highway","default_image_id":0,"font":"","enabled":false},"version":2},"_wpas_customize_per_network":false},"categories":[85],"tags":[],"class_list":["post-152251","post","type-post","status-publish","format-standard","has-post-thumbnail","hentry","category-policial","generate-columns","tablet-grid-50","mobile-grid-100","grid-parent","grid-50"],"jetpack_publicize_connections":[],"jetpack_featured_media_url":"https:\/\/www.hoymercedes.com.ar\/principal\/wp-content\/uploads\/2022\/08\/DeGruttolaHogar-Cerrado.jpg","wps_subtitle":"","jetpack_sharing_enabled":true,"_links":{"self":[{"href":"https:\/\/www.hoymercedes.com.ar\/principal\/wp-json\/wp\/v2\/posts\/152251","targetHints":{"allow":["GET"]}}],"collection":[{"href":"https:\/\/www.hoymercedes.com.ar\/principal\/wp-json\/wp\/v2\/posts"}],"about":[{"href":"https:\/\/www.hoymercedes.com.ar\/principal\/wp-json\/wp\/v2\/types\/post"}],"author":[{"embeddable":true,"href":"https:\/\/www.hoymercedes.com.ar\/principal\/wp-json\/wp\/v2\/users\/1"}],"replies":[{"embeddable":true,"href":"https:\/\/www.hoymercedes.com.ar\/principal\/wp-json\/wp\/v2\/comments?post=152251"}],"version-history":[{"count":0,"href":"https:\/\/www.hoymercedes.com.ar\/principal\/wp-json\/wp\/v2\/posts\/152251\/revisions"}],"wp:featuredmedia":[{"embeddable":true,"href":"https:\/\/www.hoymercedes.com.ar\/principal\/wp-json\/wp\/v2\/media\/152255"}],"wp:attachment":[{"href":"https:\/\/www.hoymercedes.com.ar\/principal\/wp-json\/wp\/v2\/media?parent=152251"}],"wp:term":[{"taxonomy":"category","embeddable":true,"href":"https:\/\/www.hoymercedes.com.ar\/principal\/wp-json\/wp\/v2\/categories?post=152251"},{"taxonomy":"post_tag","embeddable":true,"href":"https:\/\/www.hoymercedes.com.ar\/principal\/wp-json\/wp\/v2\/tags?post=152251"}],"curies":[{"name":"wp","href":"https:\/\/api.w.org\/{rel}","templated":true}]}}