{"id":152310,"date":"2022-08-30T11:42:59","date_gmt":"2022-08-30T14:42:59","guid":{"rendered":"https:\/\/www.hoymercedes.com.ar\/principal\/?p=152310"},"modified":"2022-08-30T11:43:01","modified_gmt":"2022-08-30T14:43:01","slug":"teatro-podesta-se-presenta-el-miercoles-31","status":"publish","type":"post","link":"https:\/\/www.hoymercedes.com.ar\/principal\/2022\/08\/30\/teatro-podesta-se-presenta-el-miercoles-31\/","title":{"rendered":"Teatro: Podest\u00e1 se presenta el mi\u00e9rcoles 31"},"content":{"rendered":"\n<p>Este mi\u00e9rcoles 31 de agosto, 21 hs, en el Teatro Argentino Julio C. Gioscio estar\u00e1 present\u00e1ndose la obra \u00abPodest\u00e1, la historia de vida de una payasa que descubre su identidad\u00bb.<\/p>\n\n\n\n<p>Ganador de la Fiesta Provincial de Teatro en C\u00f3rdoba y seleccionada para la Fiesta Nacional del Teatro 2022, el inpersonal que realiza Gisela Podest\u00e1 es el reecuentro con los ancestros, es la reconstrucci\u00f3n de un \u00e1rbol geneal\u00f3gico familiar y teatral que transciende lo personal para hacernos part\u00edcipe de la historia.<\/p>\n\n\n\n<p>La funci\u00f3n es el mi\u00e9rcoles 31 de agosto, a la hora 21, en el teatro municipal de calle 27, entre 26 y 24. La entrada es libre y gratuita. Recomiendan asistir 30 minutos antes de la funci\u00f3n. <\/p>\n\n\n<div class=\"wp-block-image\">\n<figure class=\"aligncenter size-full\"><img loading=\"lazy\" decoding=\"async\" width=\"593\" height=\"800\" data-attachment-id=\"152467\" data-permalink=\"https:\/\/www.hoymercedes.com.ar\/principal\/2022\/08\/30\/teatro-podesta-se-presenta-el-miercoles-31\/podesta-teatro1\/#main\" data-orig-file=\"https:\/\/www.hoymercedes.com.ar\/principal\/wp-content\/uploads\/2022\/08\/podesta-teatro1.jpeg\" data-orig-size=\"593,800\" data-comments-opened=\"0\" data-image-meta=\"{&quot;aperture&quot;:&quot;0&quot;,&quot;credit&quot;:&quot;&quot;,&quot;camera&quot;:&quot;&quot;,&quot;caption&quot;:&quot;&quot;,&quot;created_timestamp&quot;:&quot;0&quot;,&quot;copyright&quot;:&quot;&quot;,&quot;focal_length&quot;:&quot;0&quot;,&quot;iso&quot;:&quot;0&quot;,&quot;shutter_speed&quot;:&quot;0&quot;,&quot;title&quot;:&quot;&quot;,&quot;orientation&quot;:&quot;0&quot;}\" data-image-title=\"podesta teatro1\" data-image-description=\"\" data-image-caption=\"\" data-large-file=\"https:\/\/www.hoymercedes.com.ar\/principal\/wp-content\/uploads\/2022\/08\/podesta-teatro1.jpeg\" src=\"https:\/\/www.hoymercedes.com.ar\/principal\/wp-content\/uploads\/2022\/08\/podesta-teatro1.jpeg\" alt=\"\" class=\"wp-image-152467\" srcset=\"https:\/\/www.hoymercedes.com.ar\/principal\/wp-content\/uploads\/2022\/08\/podesta-teatro1.jpeg 593w, https:\/\/www.hoymercedes.com.ar\/principal\/wp-content\/uploads\/2022\/08\/podesta-teatro1-460x620.jpeg 460w, https:\/\/www.hoymercedes.com.ar\/principal\/wp-content\/uploads\/2022\/08\/podesta-teatro1-111x150.jpeg 111w\" sizes=\"auto, (max-width: 593px) 100vw, 593px\" \/><\/figure>\n<\/div>","protected":false},"excerpt":{"rendered":"<p>Este mi\u00e9rcoles 31 de agosto, 21 hs, en el Teatro Argentino Julio C. Gioscio estar\u00e1 present\u00e1ndose la obra \u00abPodest\u00e1, la historia de vida de una payasa que descubre su identidad\u00bb.<\/p>\n","protected":false},"author":1,"featured_media":152468,"comment_status":"closed","ping_status":"open","sticky":false,"template":"","format":"standard","meta":{"_monsterinsights_skip_tracking":false,"_monsterinsights_sitenote_active":false,"_monsterinsights_sitenote_note":"","_monsterinsights_sitenote_category":0,"jetpack_post_was_ever_published":false,"_jetpack_newsletter_access":"","_jetpack_dont_email_post_to_subs":false,"_jetpack_newsletter_tier_id":0,"_jetpack_memberships_contains_paywalled_content":false,"_jetpack_memberships_contains_paid_content":false,"footnotes":"","jetpack_publicize_message":"","jetpack_publicize_feature_enabled":true,"jetpack_social_post_already_shared":true,"jetpack_social_options":{"image_generator_settings":{"template":"highway","default_image_id":0,"font":"","enabled":false},"version":2},"_wpas_customize_per_network":false},"categories":[104],"tags":[7805],"class_list":["post-152310","post","type-post","status-publish","format-standard","has-post-thumbnail","hentry","category-cultura","tag-cultura","generate-columns","tablet-grid-50","mobile-grid-100","grid-parent","grid-50"],"jetpack_publicize_connections":[],"jetpack_featured_media_url":"https:\/\/www.hoymercedes.com.ar\/principal\/wp-content\/uploads\/2022\/08\/podesta-teatro-e1661870536519.jpeg","wps_subtitle":"","jetpack_sharing_enabled":true,"_links":{"self":[{"href":"https:\/\/www.hoymercedes.com.ar\/principal\/wp-json\/wp\/v2\/posts\/152310","targetHints":{"allow":["GET"]}}],"collection":[{"href":"https:\/\/www.hoymercedes.com.ar\/principal\/wp-json\/wp\/v2\/posts"}],"about":[{"href":"https:\/\/www.hoymercedes.com.ar\/principal\/wp-json\/wp\/v2\/types\/post"}],"author":[{"embeddable":true,"href":"https:\/\/www.hoymercedes.com.ar\/principal\/wp-json\/wp\/v2\/users\/1"}],"replies":[{"embeddable":true,"href":"https:\/\/www.hoymercedes.com.ar\/principal\/wp-json\/wp\/v2\/comments?post=152310"}],"version-history":[{"count":0,"href":"https:\/\/www.hoymercedes.com.ar\/principal\/wp-json\/wp\/v2\/posts\/152310\/revisions"}],"wp:featuredmedia":[{"embeddable":true,"href":"https:\/\/www.hoymercedes.com.ar\/principal\/wp-json\/wp\/v2\/media\/152468"}],"wp:attachment":[{"href":"https:\/\/www.hoymercedes.com.ar\/principal\/wp-json\/wp\/v2\/media?parent=152310"}],"wp:term":[{"taxonomy":"category","embeddable":true,"href":"https:\/\/www.hoymercedes.com.ar\/principal\/wp-json\/wp\/v2\/categories?post=152310"},{"taxonomy":"post_tag","embeddable":true,"href":"https:\/\/www.hoymercedes.com.ar\/principal\/wp-json\/wp\/v2\/tags?post=152310"}],"curies":[{"name":"wp","href":"https:\/\/api.w.org\/{rel}","templated":true}]}}