{"id":152371,"date":"2022-08-27T16:30:00","date_gmt":"2022-08-27T19:30:00","guid":{"rendered":"https:\/\/www.hoymercedes.com.ar\/principal\/?p=152371"},"modified":"2022-08-27T16:00:59","modified_gmt":"2022-08-27T19:00:59","slug":"operativo-policial-detecta-banda-con-armas-de-fuego-y-cocaina","status":"publish","type":"post","link":"https:\/\/www.hoymercedes.com.ar\/principal\/2022\/08\/27\/operativo-policial-detecta-banda-con-armas-de-fuego-y-cocaina\/","title":{"rendered":"Operativo policial detecta banda con armas de fuego y coca\u00edna"},"content":{"rendered":"\n<figure class=\"wp-block-image size-large\"><img loading=\"lazy\" decoding=\"async\" width=\"1024\" height=\"768\" data-attachment-id=\"152372\" data-permalink=\"https:\/\/www.hoymercedes.com.ar\/principal\/2022\/08\/27\/operativo-policial-detecta-banda-con-armas-de-fuego-y-cocaina\/page-2\/#main\" data-orig-file=\"https:\/\/www.hoymercedes.com.ar\/principal\/wp-content\/uploads\/2022\/08\/page.jpg\" data-orig-size=\"1200,900\" data-comments-opened=\"0\" data-image-meta=\"{&quot;aperture&quot;:&quot;0&quot;,&quot;credit&quot;:&quot;&quot;,&quot;camera&quot;:&quot;&quot;,&quot;caption&quot;:&quot;&quot;,&quot;created_timestamp&quot;:&quot;0&quot;,&quot;copyright&quot;:&quot;&quot;,&quot;focal_length&quot;:&quot;0&quot;,&quot;iso&quot;:&quot;0&quot;,&quot;shutter_speed&quot;:&quot;0&quot;,&quot;title&quot;:&quot;&quot;,&quot;orientation&quot;:&quot;0&quot;}\" data-image-title=\"page\" data-image-description=\"\" data-image-caption=\"\" data-large-file=\"https:\/\/www.hoymercedes.com.ar\/principal\/wp-content\/uploads\/2022\/08\/page-1024x768.jpg\" src=\"https:\/\/www.hoymercedes.com.ar\/principal\/wp-content\/uploads\/2022\/08\/page-1024x768.jpg\" alt=\"\" class=\"wp-image-152372\" srcset=\"https:\/\/www.hoymercedes.com.ar\/principal\/wp-content\/uploads\/2022\/08\/page-1024x768.jpg 1024w, https:\/\/www.hoymercedes.com.ar\/principal\/wp-content\/uploads\/2022\/08\/page-630x473.jpg 630w, https:\/\/www.hoymercedes.com.ar\/principal\/wp-content\/uploads\/2022\/08\/page-150x113.jpg 150w, https:\/\/www.hoymercedes.com.ar\/principal\/wp-content\/uploads\/2022\/08\/page.jpg 1200w\" sizes=\"auto, (max-width: 1024px) 100vw, 1024px\" \/><\/figure>\n\n\n\n<p>En uno de los habituales operativos de control y prevenci\u00f3n la Polic\u00eda Comunal, apostada en el Peaje de Olivera, logr\u00f3 detener a una banda compuesta por 5 masculinos que al ser requisados se detect\u00f3 eran portadores de armas de fuego aptas para el disparo, municiones y coca\u00edna fraccionada para ser comercializada.<\/p>\n\n\n\n<p>El operativo dispuesto en la autov\u00eda n\u00ba5 cont\u00f3 con el apoyo y trabajo en conjunto entre Destacamento Gowland y Agencia Nacional de Seguridad Vial. All\u00ed en las distintas investigaciones y acciones preventivas observan movimientos sospechosos. Es as\u00ed que proceden en la detenci\u00f3n de un autom\u00f3vil VW Bora.<\/p>\n\n\n\n<figure class=\"wp-block-image size-large\"><img loading=\"lazy\" decoding=\"async\" width=\"1024\" height=\"768\" data-attachment-id=\"152373\" data-permalink=\"https:\/\/www.hoymercedes.com.ar\/principal\/2022\/08\/27\/operativo-policial-detecta-banda-con-armas-de-fuego-y-cocaina\/page2\/#main\" data-orig-file=\"https:\/\/www.hoymercedes.com.ar\/principal\/wp-content\/uploads\/2022\/08\/page2.jpg\" data-orig-size=\"1200,900\" data-comments-opened=\"0\" data-image-meta=\"{&quot;aperture&quot;:&quot;0&quot;,&quot;credit&quot;:&quot;&quot;,&quot;camera&quot;:&quot;&quot;,&quot;caption&quot;:&quot;&quot;,&quot;created_timestamp&quot;:&quot;0&quot;,&quot;copyright&quot;:&quot;&quot;,&quot;focal_length&quot;:&quot;0&quot;,&quot;iso&quot;:&quot;0&quot;,&quot;shutter_speed&quot;:&quot;0&quot;,&quot;title&quot;:&quot;&quot;,&quot;orientation&quot;:&quot;0&quot;}\" data-image-title=\"page2\" data-image-description=\"\" data-image-caption=\"\" data-large-file=\"https:\/\/www.hoymercedes.com.ar\/principal\/wp-content\/uploads\/2022\/08\/page2-1024x768.jpg\" src=\"https:\/\/www.hoymercedes.com.ar\/principal\/wp-content\/uploads\/2022\/08\/page2-1024x768.jpg\" alt=\"\" class=\"wp-image-152373\" srcset=\"https:\/\/www.hoymercedes.com.ar\/principal\/wp-content\/uploads\/2022\/08\/page2-1024x768.jpg 1024w, https:\/\/www.hoymercedes.com.ar\/principal\/wp-content\/uploads\/2022\/08\/page2-630x473.jpg 630w, https:\/\/www.hoymercedes.com.ar\/principal\/wp-content\/uploads\/2022\/08\/page2-150x113.jpg 150w, https:\/\/www.hoymercedes.com.ar\/principal\/wp-content\/uploads\/2022\/08\/page2.jpg 1200w\" sizes=\"auto, (max-width: 1024px) 100vw, 1024px\" \/><\/figure>\n\n\n\n<p><br>Los efectivos de la Polic\u00eda Comunal realizan la detenci\u00f3n y revisi\u00f3n que permite detectar que transportaban seis armas de fuego de fuego de diferentes calibres, todas ellas aptas para su uso. Adem\u00e1s de estar todos cargados, llevaban 97 municiones de variados calibres.<\/p>\n\n\n\n<p>Tambi\u00e9n es incautada la sustancia prohibida que tras los testeos correspondientes se determina es coca\u00edna, siendo 12.8 gramos fraccionada para la venta con una balanza de precisi\u00f3n.<\/p>\n\n\n\n<p>Consultados desde la Secretar\u00eda de Seguridad aprovecharon la ocasi\u00f3n para felicitar \u201cal personal de la Polic\u00eda que d\u00eda a d\u00eda trabaja para cuidar a las y los mercedinos, para prevenir, controlar y resolver situaciones\u201d y dijo \u201cen esta ocasi\u00f3n en el marco de un importante operativo que se desarroll\u00f3 en el peaje, pero tambi\u00e9n en distintos accesos a la ciudad\u201d, manifestaron.<\/p>\n\n\n\n<p>Los detenidos tienen 23, 30, 23, 20 y 30 a\u00f1os de edad y son dos de Merlo, uno de Alejandro Korn y dos de Luj\u00e1n. Se sospecha que, la banda, es parte de un grupo de motoqueros involucrados en hechos violentos en el pasado con resonancia nacional.<\/p>\n\n\n\n<p>Ahora interviene en el hecho la U.F.I N\u00ba3 del Departamento Judicial Mercedes.<\/p>\n","protected":false},"excerpt":{"rendered":"<p>Operativo policial detecta banda con armas de fuego y coca\u00edna<\/p>\n","protected":false},"author":1,"featured_media":152372,"comment_status":"closed","ping_status":"open","sticky":false,"template":"","format":"standard","meta":{"_monsterinsights_skip_tracking":false,"_monsterinsights_sitenote_active":false,"_monsterinsights_sitenote_note":"","_monsterinsights_sitenote_category":0,"jetpack_post_was_ever_published":false,"_jetpack_newsletter_access":"","_jetpack_dont_email_post_to_subs":false,"_jetpack_newsletter_tier_id":0,"_jetpack_memberships_contains_paywalled_content":false,"_jetpack_memberships_contains_paid_content":false,"footnotes":"","jetpack_publicize_message":"","jetpack_publicize_feature_enabled":true,"jetpack_social_post_already_shared":true,"jetpack_social_options":{"image_generator_settings":{"template":"highway","default_image_id":0,"font":"","enabled":false},"version":2},"_wpas_customize_per_network":false},"categories":[85],"tags":[18446,7126],"class_list":["post-152371","post","type-post","status-publish","format-standard","has-post-thumbnail","hentry","category-policial","tag-operativo-peaje","tag-operativo-policial","generate-columns","tablet-grid-50","mobile-grid-100","grid-parent","grid-50"],"jetpack_publicize_connections":[],"jetpack_featured_media_url":"https:\/\/www.hoymercedes.com.ar\/principal\/wp-content\/uploads\/2022\/08\/page.jpg","wps_subtitle":"","jetpack_sharing_enabled":true,"_links":{"self":[{"href":"https:\/\/www.hoymercedes.com.ar\/principal\/wp-json\/wp\/v2\/posts\/152371","targetHints":{"allow":["GET"]}}],"collection":[{"href":"https:\/\/www.hoymercedes.com.ar\/principal\/wp-json\/wp\/v2\/posts"}],"about":[{"href":"https:\/\/www.hoymercedes.com.ar\/principal\/wp-json\/wp\/v2\/types\/post"}],"author":[{"embeddable":true,"href":"https:\/\/www.hoymercedes.com.ar\/principal\/wp-json\/wp\/v2\/users\/1"}],"replies":[{"embeddable":true,"href":"https:\/\/www.hoymercedes.com.ar\/principal\/wp-json\/wp\/v2\/comments?post=152371"}],"version-history":[{"count":0,"href":"https:\/\/www.hoymercedes.com.ar\/principal\/wp-json\/wp\/v2\/posts\/152371\/revisions"}],"wp:featuredmedia":[{"embeddable":true,"href":"https:\/\/www.hoymercedes.com.ar\/principal\/wp-json\/wp\/v2\/media\/152372"}],"wp:attachment":[{"href":"https:\/\/www.hoymercedes.com.ar\/principal\/wp-json\/wp\/v2\/media?parent=152371"}],"wp:term":[{"taxonomy":"category","embeddable":true,"href":"https:\/\/www.hoymercedes.com.ar\/principal\/wp-json\/wp\/v2\/categories?post=152371"},{"taxonomy":"post_tag","embeddable":true,"href":"https:\/\/www.hoymercedes.com.ar\/principal\/wp-json\/wp\/v2\/tags?post=152371"}],"curies":[{"name":"wp","href":"https:\/\/api.w.org\/{rel}","templated":true}]}}