{"id":15239,"date":"2012-08-13T01:31:15","date_gmt":"2012-08-13T01:31:15","guid":{"rendered":"http:\/\/www.hoymercedes.com.ar\/principal\/?p=15239"},"modified":"2012-08-13T01:38:11","modified_gmt":"2012-08-13T01:38:11","slug":"la-campora-y-frente-mercedino-satisfechos-tras-convocatoria","status":"publish","type":"post","link":"https:\/\/www.hoymercedes.com.ar\/principal\/2012\/08\/13\/la-campora-y-frente-mercedino-satisfechos-tras-convocatoria\/","title":{"rendered":"La C\u00e1mpora y Frente Mercedino satisfechos tras convocatoria"},"content":{"rendered":"<p><a href=\"https:\/\/www.hoymercedes.com.ar\/principal\/wp-content\/uploads\/2012\/08\/juanijuventud.jpg\"><img loading=\"lazy\" decoding=\"async\" data-attachment-id=\"15241\" data-permalink=\"https:\/\/www.hoymercedes.com.ar\/principal\/2012\/08\/13\/la-campora-y-frente-mercedino-satisfechos-tras-convocatoria\/juanijuventud\/#main\" data-orig-file=\"https:\/\/www.hoymercedes.com.ar\/principal\/wp-content\/uploads\/2012\/08\/juanijuventud.jpg\" data-orig-size=\"614,411\" data-comments-opened=\"1\" data-image-meta=\"{&quot;aperture&quot;:&quot;4.2&quot;,&quot;credit&quot;:&quot;&quot;,&quot;camera&quot;:&quot;NIKON D60&quot;,&quot;caption&quot;:&quot;&quot;,&quot;created_timestamp&quot;:&quot;1344258238&quot;,&quot;copyright&quot;:&quot;&quot;,&quot;focal_length&quot;:&quot;24&quot;,&quot;iso&quot;:&quot;400&quot;,&quot;shutter_speed&quot;:&quot;0.05&quot;,&quot;title&quot;:&quot;&quot;}\" data-image-title=\"Juventud-LaC\u00e1mpora\" data-image-description=\"\" data-image-caption=\"\" data-large-file=\"https:\/\/www.hoymercedes.com.ar\/principal\/wp-content\/uploads\/2012\/08\/juanijuventud.jpg\" class=\"aligncenter size-full wp-image-15241\" title=\"Juventud-LaC\u00e1mpora\" src=\"https:\/\/www.hoymercedes.com.ar\/principal\/wp-content\/uploads\/2012\/08\/juanijuventud.jpg\" alt=\"\" width=\"614\" height=\"411\" \/><\/a><\/p>\n<p>Desde el espacio pol\u00edtico local del Frente Mercedino para la Victoria y La C\u00e1mpora hacen conocer a la comunidad su satisfacci\u00f3n luego de un encuentro desarrollado. Al respecto, el espacio pol\u00edtico manifiesta:<\/p>\n<p>Tal cual se anunci\u00f3, \u00a0tuvo lugar el encuentro de la juventud de La C\u00e1mpora y el Frente Mercedino para la Victoria. Un importante n\u00famero de j\u00f3venes se hicieron presentes en el local de calle 25 entre 16 y 14. <em>\u201cRealmente estamos muy contentos por la convocatoria\u201d<\/em>, dijo despu\u00e9s Marianella Arenillas quien destac\u00f3 que \u201c<em>felizmente vinieron muchos chicos nuevos, que nunca hab\u00edan venido y hasta quienes nunca hab\u00edan pisado una agrupaci\u00f3n\u201d<\/em>, dijo.<\/p>\n<p>Arenillas habl\u00f3 ante los presentes sobre el trabajo realizado el a\u00f1o pasado para impulsar la candidatura de Juani Ustarroz y luego traz\u00f3 una breve sinopsis de los proyectos a concretar a lo largo del presente destacando la satisfacci\u00f3n por ver muchas caras nuevas.<em> \u201cLa idea es sumar a quienes est\u00e9n dispuestos a trabajar en los proyectos que est\u00e1n en marcha y escuchar propuestas de tareas a llevar adelante\u201d<\/em> dijo dejando en claro que es <em>\u201cvoluntariado solidario. Estos nos son cargos rentados, ni hay que venir ac\u00e1 pensando en conseguir un empleo. Trabajamos para que haya trabajo para todos\u201d,<\/em> sintetiz\u00f3.<\/p>\n<p>Nela inform\u00f3 donde los barrios donde est\u00e1n realizando tareas de apoyo escolar y obtuvo varios voluntarios que su fueron sumando en casa uno de lo barrios mencionados y hasta hubo quienes promovieron ampliar la tarea a otros barrios donde hoy no se realiza ese tipo de actividad.<\/p>\n<p>Tambi\u00e9n le habl\u00f3 a los presente Juan Ustarroz quien los incit\u00f3 a sumarse al trabajo pol\u00edtico para producir un cambio positivo en la ciudad. A su lado \u2013sintentizando el motivo del encuentro- un cartel rezaba \u2018Yo quiero militar mancando a Cristina\u2019.<\/p>\n<p>Tras el encuentro informal el l\u00edder del Frente estuvo hablando durante un extenso lapso de tiempo con los j\u00f3venes que le hicieron diversas preguntas produci\u00e9ndose un nutrido e interesante di\u00e1logo.<\/p>\n","protected":false},"excerpt":{"rendered":"<p>Desde el espacio pol\u00edtico local del Frente Mercedino para la Victoria y La C\u00e1mpora hacen conocer a la comunidad su &#8230; <a title=\"La C\u00e1mpora y Frente Mercedino satisfechos tras convocatoria\" class=\"read-more\" href=\"https:\/\/www.hoymercedes.com.ar\/principal\/2012\/08\/13\/la-campora-y-frente-mercedino-satisfechos-tras-convocatoria\/\" aria-label=\"Leer m\u00e1s sobre La C\u00e1mpora y Frente Mercedino satisfechos tras convocatoria\">Leer m\u00e1s<\/a><\/p>\n","protected":false},"author":1,"featured_media":0,"comment_status":"open","ping_status":"open","sticky":false,"template":"","format":"standard","meta":{"_monsterinsights_skip_tracking":false,"_monsterinsights_sitenote_active":false,"_monsterinsights_sitenote_note":"","_monsterinsights_sitenote_category":0,"jetpack_post_was_ever_published":false,"_jetpack_newsletter_access":"","_jetpack_dont_email_post_to_subs":false,"_jetpack_newsletter_tier_id":0,"_jetpack_memberships_contains_paywalled_content":false,"_jetpack_memberships_contains_paid_content":false,"footnotes":"","jetpack_publicize_message":"","jetpack_publicize_feature_enabled":true,"jetpack_social_post_already_shared":false,"jetpack_social_options":{"image_generator_settings":{"template":"highway","default_image_id":0,"font":"","enabled":false},"version":2},"_wpas_customize_per_network":false},"categories":[5],"tags":[379,542,424],"class_list":["post-15239","post","type-post","status-publish","format-standard","hentry","category-politica","tag-frente-mercedino-para-la-victoria","tag-la-campora-mercedes","tag-ustarroz","generate-columns","tablet-grid-50","mobile-grid-100","grid-parent","grid-50"],"jetpack_publicize_connections":[],"jetpack_featured_media_url":"","wps_subtitle":"","jetpack_sharing_enabled":true,"_links":{"self":[{"href":"https:\/\/www.hoymercedes.com.ar\/principal\/wp-json\/wp\/v2\/posts\/15239","targetHints":{"allow":["GET"]}}],"collection":[{"href":"https:\/\/www.hoymercedes.com.ar\/principal\/wp-json\/wp\/v2\/posts"}],"about":[{"href":"https:\/\/www.hoymercedes.com.ar\/principal\/wp-json\/wp\/v2\/types\/post"}],"author":[{"embeddable":true,"href":"https:\/\/www.hoymercedes.com.ar\/principal\/wp-json\/wp\/v2\/users\/1"}],"replies":[{"embeddable":true,"href":"https:\/\/www.hoymercedes.com.ar\/principal\/wp-json\/wp\/v2\/comments?post=15239"}],"version-history":[{"count":0,"href":"https:\/\/www.hoymercedes.com.ar\/principal\/wp-json\/wp\/v2\/posts\/15239\/revisions"}],"wp:attachment":[{"href":"https:\/\/www.hoymercedes.com.ar\/principal\/wp-json\/wp\/v2\/media?parent=15239"}],"wp:term":[{"taxonomy":"category","embeddable":true,"href":"https:\/\/www.hoymercedes.com.ar\/principal\/wp-json\/wp\/v2\/categories?post=15239"},{"taxonomy":"post_tag","embeddable":true,"href":"https:\/\/www.hoymercedes.com.ar\/principal\/wp-json\/wp\/v2\/tags?post=15239"}],"curies":[{"name":"wp","href":"https:\/\/api.w.org\/{rel}","templated":true}]}}