{"id":152515,"date":"2022-08-31T15:10:00","date_gmt":"2022-08-31T18:10:00","guid":{"rendered":"https:\/\/www.hoymercedes.com.ar\/principal\/?p=152515"},"modified":"2022-08-31T18:28:59","modified_gmt":"2022-08-31T21:28:59","slug":"jornada-para-las-infancias-en-el-complejo-udaondo-de-lujan","status":"publish","type":"post","link":"https:\/\/www.hoymercedes.com.ar\/principal\/2022\/08\/31\/jornada-para-las-infancias-en-el-complejo-udaondo-de-lujan\/","title":{"rendered":"Jornada para las infancias en el Complejo Udaondo\u00a0de Luj\u00e1n"},"content":{"rendered":"\n<p><em>El Instituto Cultural de la Provincia organiz\u00f3 para el 2 de septiembre una serie de actividades para dar cierre al mes de las infancias. Habr\u00e1 sorteos, exposiciones y juegos recreativos, de la mano de \u201cA Cielo Abierto\u201d.<\/em>\u00a0<\/p>\n\n\n<div class=\"wp-block-image\">\n<figure class=\"aligncenter size-full\"><img loading=\"lazy\" decoding=\"async\" width=\"800\" height=\"600\" data-attachment-id=\"152516\" data-permalink=\"https:\/\/www.hoymercedes.com.ar\/principal\/2022\/08\/31\/jornada-para-las-infancias-en-el-complejo-udaondo-de-lujan\/20220722_143328\/#main\" data-orig-file=\"https:\/\/www.hoymercedes.com.ar\/principal\/wp-content\/uploads\/2022\/08\/20220722_143328.jpg\" data-orig-size=\"800,600\" data-comments-opened=\"0\" data-image-meta=\"{&quot;aperture&quot;:&quot;0&quot;,&quot;credit&quot;:&quot;&quot;,&quot;camera&quot;:&quot;&quot;,&quot;caption&quot;:&quot;&quot;,&quot;created_timestamp&quot;:&quot;1658500408&quot;,&quot;copyright&quot;:&quot;&quot;,&quot;focal_length&quot;:&quot;0&quot;,&quot;iso&quot;:&quot;0&quot;,&quot;shutter_speed&quot;:&quot;0&quot;,&quot;title&quot;:&quot;&quot;,&quot;orientation&quot;:&quot;1&quot;}\" data-image-title=\"20220722_143328\" data-image-description=\"\" data-image-caption=\"\" data-large-file=\"https:\/\/www.hoymercedes.com.ar\/principal\/wp-content\/uploads\/2022\/08\/20220722_143328.jpg\" src=\"https:\/\/www.hoymercedes.com.ar\/principal\/wp-content\/uploads\/2022\/08\/20220722_143328.jpg\" alt=\"\" class=\"wp-image-152516\" srcset=\"https:\/\/www.hoymercedes.com.ar\/principal\/wp-content\/uploads\/2022\/08\/20220722_143328.jpg 800w, https:\/\/www.hoymercedes.com.ar\/principal\/wp-content\/uploads\/2022\/08\/20220722_143328-630x473.jpg 630w, https:\/\/www.hoymercedes.com.ar\/principal\/wp-content\/uploads\/2022\/08\/20220722_143328-150x113.jpg 150w\" sizes=\"auto, (max-width: 800px) 100vw, 800px\" \/><\/figure>\n<\/div>\n\n\n<p>Una jornada pensada para las infancias se desarrollar\u00e1 el viernes 2 de septiembre en el Complejo Museogr\u00e1fico Provincial Enrique Udaondo, a modo de cierre del&nbsp; Mes de las Ni\u00f1eces, impulsado por el&nbsp; Instituto Cultural de la Provincia de Buenos Aires. Desde las 13:00 se podr\u00e1 visitar la exposici\u00f3n \u00abAnimate a dibujar el Museo Udaondo\u00bb compuesta por obras, trabajos y dibujos que las y los visitantes m\u00e1s peque\u00f1os realizaron durante el mes de agosto, luego de recorrer el Complejo. Entre los expositores se realizar\u00e1 un sorteo por un un set de dibujo y pinturas, cuadernillos con actividades did\u00e1cticas del Museo y Diplomas de Honor.&nbsp;&nbsp;<\/p>\n\n\n\n<p>Una vez finalizado el sorteo y como parte de \u201cA Cielo Abierto\u201d se presentar\u00e1 el grupo Dibi Dib\u00fa, con un taller de creaci\u00f3n e intervenci\u00f3n l\u00fadica orientado a todo el grupo familiar; d\u00f3nde se trabajar\u00e1 con fragmentos de la historia de nuestro pa\u00eds.&nbsp;&nbsp;<\/p>\n\n\n\n<p>El taller ser\u00e1 dictado por Mariana P\u00e9rez, profesora de nivel inicial y Natalia P\u00e9rez, profesora de Ciencias Sociales. Por medio del juego y de la utilizaci\u00f3n de materiales reciclados, se buscar\u00e1 fomentar actitudes democr\u00e1ticas que permitan que las personas y ni\u00f1eces se apropien de experiencias necesarias para la vida en comunidad; el reconocimiento de la diversidad de g\u00e9nero y cultural, tanto en el tiempo presente como en el pasado.\u00a0\u00a0<\/p>\n\n\n\n<p>Fuente: Museo Udaondo de Luj\u00e1n<\/p>\n","protected":false},"excerpt":{"rendered":"<p>El Instituto Cultural de la Provincia organiz\u00f3 para el 2 de septiembre una serie de actividades para dar cierre al mes de las infancias. Habr\u00e1 sorteos, exposiciones y juegos recreativos, de la mano de \u201cA Cielo Abierto\u201d.\u00a0<\/p>\n","protected":false},"author":1,"featured_media":152516,"comment_status":"closed","ping_status":"open","sticky":false,"template":"","format":"standard","meta":{"_monsterinsights_skip_tracking":false,"_monsterinsights_sitenote_active":false,"_monsterinsights_sitenote_note":"","_monsterinsights_sitenote_category":0,"jetpack_post_was_ever_published":false,"_jetpack_newsletter_access":"","_jetpack_dont_email_post_to_subs":false,"_jetpack_newsletter_tier_id":0,"_jetpack_memberships_contains_paywalled_content":false,"_jetpack_memberships_contains_paid_content":false,"footnotes":"","jetpack_publicize_message":"","jetpack_publicize_feature_enabled":true,"jetpack_social_post_already_shared":true,"jetpack_social_options":{"image_generator_settings":{"template":"highway","default_image_id":0,"font":"","enabled":false},"version":2},"_wpas_customize_per_network":false},"categories":[104,201],"tags":[7805],"class_list":["post-152515","post","type-post","status-publish","format-standard","has-post-thumbnail","hentry","category-cultura","category-lujan-2","tag-cultura","generate-columns","tablet-grid-50","mobile-grid-100","grid-parent","grid-50"],"jetpack_publicize_connections":[],"jetpack_featured_media_url":"https:\/\/www.hoymercedes.com.ar\/principal\/wp-content\/uploads\/2022\/08\/20220722_143328.jpg","wps_subtitle":"","jetpack_sharing_enabled":true,"_links":{"self":[{"href":"https:\/\/www.hoymercedes.com.ar\/principal\/wp-json\/wp\/v2\/posts\/152515","targetHints":{"allow":["GET"]}}],"collection":[{"href":"https:\/\/www.hoymercedes.com.ar\/principal\/wp-json\/wp\/v2\/posts"}],"about":[{"href":"https:\/\/www.hoymercedes.com.ar\/principal\/wp-json\/wp\/v2\/types\/post"}],"author":[{"embeddable":true,"href":"https:\/\/www.hoymercedes.com.ar\/principal\/wp-json\/wp\/v2\/users\/1"}],"replies":[{"embeddable":true,"href":"https:\/\/www.hoymercedes.com.ar\/principal\/wp-json\/wp\/v2\/comments?post=152515"}],"version-history":[{"count":0,"href":"https:\/\/www.hoymercedes.com.ar\/principal\/wp-json\/wp\/v2\/posts\/152515\/revisions"}],"wp:featuredmedia":[{"embeddable":true,"href":"https:\/\/www.hoymercedes.com.ar\/principal\/wp-json\/wp\/v2\/media\/152516"}],"wp:attachment":[{"href":"https:\/\/www.hoymercedes.com.ar\/principal\/wp-json\/wp\/v2\/media?parent=152515"}],"wp:term":[{"taxonomy":"category","embeddable":true,"href":"https:\/\/www.hoymercedes.com.ar\/principal\/wp-json\/wp\/v2\/categories?post=152515"},{"taxonomy":"post_tag","embeddable":true,"href":"https:\/\/www.hoymercedes.com.ar\/principal\/wp-json\/wp\/v2\/tags?post=152515"}],"curies":[{"name":"wp","href":"https:\/\/api.w.org\/{rel}","templated":true}]}}