{"id":152669,"date":"2022-09-05T09:13:00","date_gmt":"2022-09-05T12:13:00","guid":{"rendered":"https:\/\/www.hoymercedes.com.ar\/principal\/?p=152669"},"modified":"2022-09-04T22:37:48","modified_gmt":"2022-09-05T01:37:48","slug":"fuerte-operativo-policial-permite-detener-a-5-personas-con-moto-robada","status":"publish","type":"post","link":"https:\/\/www.hoymercedes.com.ar\/principal\/2022\/09\/05\/fuerte-operativo-policial-permite-detener-a-5-personas-con-moto-robada\/","title":{"rendered":"Fuerte operativo policial permite detener a 5 personas con moto robada"},"content":{"rendered":"\n<figure class=\"wp-block-image size-full\"><img loading=\"lazy\" decoding=\"async\" width=\"897\" height=\"897\" data-attachment-id=\"152670\" data-permalink=\"https:\/\/www.hoymercedes.com.ar\/principal\/2022\/09\/05\/fuerte-operativo-policial-permite-detener-a-5-personas-con-moto-robada\/berazategi-detenidos\/#main\" data-orig-file=\"https:\/\/www.hoymercedes.com.ar\/principal\/wp-content\/uploads\/2022\/09\/berazategi-detenidos.jpg\" data-orig-size=\"897,897\" data-comments-opened=\"0\" data-image-meta=\"{&quot;aperture&quot;:&quot;0&quot;,&quot;credit&quot;:&quot;&quot;,&quot;camera&quot;:&quot;&quot;,&quot;caption&quot;:&quot;&quot;,&quot;created_timestamp&quot;:&quot;0&quot;,&quot;copyright&quot;:&quot;&quot;,&quot;focal_length&quot;:&quot;0&quot;,&quot;iso&quot;:&quot;0&quot;,&quot;shutter_speed&quot;:&quot;0&quot;,&quot;title&quot;:&quot;&quot;,&quot;orientation&quot;:&quot;0&quot;}\" data-image-title=\"berazategi-detenidos\" data-image-description=\"\" data-image-caption=\"\" data-large-file=\"https:\/\/www.hoymercedes.com.ar\/principal\/wp-content\/uploads\/2022\/09\/berazategi-detenidos.jpg\" src=\"https:\/\/www.hoymercedes.com.ar\/principal\/wp-content\/uploads\/2022\/09\/berazategi-detenidos.jpg\" alt=\"\" class=\"wp-image-152670\" srcset=\"https:\/\/www.hoymercedes.com.ar\/principal\/wp-content\/uploads\/2022\/09\/berazategi-detenidos.jpg 897w, https:\/\/www.hoymercedes.com.ar\/principal\/wp-content\/uploads\/2022\/09\/berazategi-detenidos-620x620.jpg 620w, https:\/\/www.hoymercedes.com.ar\/principal\/wp-content\/uploads\/2022\/09\/berazategi-detenidos-150x150.jpg 150w\" sizes=\"auto, (max-width: 897px) 100vw, 897px\" \/><\/figure>\n\n\n\n<p>La Polic\u00eda Comunal de nuestra ciudad logr\u00f3 desbaratar un grupo con integrantes for\u00e1neos que hab\u00edan robado una moto en Mercedes. Tras una alerta al 911 inician la pesquisa con las cuadriculas de calle que se encontraban actuando de manera preventiva. Tras recabar una serie de datos comienza el operativo cerrojo con persecuci\u00f3n que finaliza a la altura de Gowland.<\/p>\n\n\n\n<p>Los mencionados hab\u00edan robado a un vecino de Mercedes una Honda Mod. XRE de 300 c.c que desencaden\u00f3 el operativo tras intimidad a su leg\u00edtimo propietario en la v\u00eda p\u00fablica. Estos, ya con el veh\u00edculo, se dan a la fuga. Con la informaci\u00f3n recolectada la Polic\u00eda Comunal inicia la b\u00fasqueda. Detecta, a su vez, que adem\u00e1s de la moto robada hab\u00eda involucrada una camioneta Partner.<\/p>\n\n\n\n<p>Con los elementos recabados m\u00f3viles de la Subestaci\u00f3n de Mercedes y el Destacamento de Gowland generan un operativo cerrojo logrando detenerlos en Gowland.<\/p>\n\n\n\n<p>Se trat\u00f3, finalmente, de 6 masculinos de 27, 49, 21, 20, 23 y 24 a\u00f1os de edad, siendo de Berazategui.<\/p>\n\n\n\n<p>a Polic\u00eda logr\u00f3, de esta manera, dar un paso importante y desarmar el il\u00edcito en una investigaci\u00f3n que contin\u00faa.<\/p>\n\n\n\n<p>Se dio intervenci\u00f3n a la U.F.I N\u00ba4 del Departamento Judicial Mercedes.<\/p>\n","protected":false},"excerpt":{"rendered":"<p>Fuerte operativo policial permite detener a 5 personas con moto robada<\/p>\n","protected":false},"author":1,"featured_media":152670,"comment_status":"closed","ping_status":"open","sticky":false,"template":"","format":"standard","meta":{"_monsterinsights_skip_tracking":false,"_monsterinsights_sitenote_active":false,"_monsterinsights_sitenote_note":"","_monsterinsights_sitenote_category":0,"jetpack_post_was_ever_published":false,"_jetpack_newsletter_access":"","_jetpack_dont_email_post_to_subs":false,"_jetpack_newsletter_tier_id":0,"_jetpack_memberships_contains_paywalled_content":false,"_jetpack_memberships_contains_paid_content":false,"footnotes":"","jetpack_publicize_message":"","jetpack_publicize_feature_enabled":true,"jetpack_social_post_already_shared":true,"jetpack_social_options":{"image_generator_settings":{"template":"highway","default_image_id":0,"font":"","enabled":false},"version":2},"_wpas_customize_per_network":false},"categories":[85],"tags":[18170],"class_list":["post-152669","post","type-post","status-publish","format-standard","has-post-thumbnail","hentry","category-policial","tag-policia-comnual","generate-columns","tablet-grid-50","mobile-grid-100","grid-parent","grid-50"],"jetpack_publicize_connections":[],"jetpack_featured_media_url":"https:\/\/www.hoymercedes.com.ar\/principal\/wp-content\/uploads\/2022\/09\/berazategi-detenidos.jpg","wps_subtitle":"Seguridad ","jetpack_sharing_enabled":true,"_links":{"self":[{"href":"https:\/\/www.hoymercedes.com.ar\/principal\/wp-json\/wp\/v2\/posts\/152669","targetHints":{"allow":["GET"]}}],"collection":[{"href":"https:\/\/www.hoymercedes.com.ar\/principal\/wp-json\/wp\/v2\/posts"}],"about":[{"href":"https:\/\/www.hoymercedes.com.ar\/principal\/wp-json\/wp\/v2\/types\/post"}],"author":[{"embeddable":true,"href":"https:\/\/www.hoymercedes.com.ar\/principal\/wp-json\/wp\/v2\/users\/1"}],"replies":[{"embeddable":true,"href":"https:\/\/www.hoymercedes.com.ar\/principal\/wp-json\/wp\/v2\/comments?post=152669"}],"version-history":[{"count":0,"href":"https:\/\/www.hoymercedes.com.ar\/principal\/wp-json\/wp\/v2\/posts\/152669\/revisions"}],"wp:featuredmedia":[{"embeddable":true,"href":"https:\/\/www.hoymercedes.com.ar\/principal\/wp-json\/wp\/v2\/media\/152670"}],"wp:attachment":[{"href":"https:\/\/www.hoymercedes.com.ar\/principal\/wp-json\/wp\/v2\/media?parent=152669"}],"wp:term":[{"taxonomy":"category","embeddable":true,"href":"https:\/\/www.hoymercedes.com.ar\/principal\/wp-json\/wp\/v2\/categories?post=152669"},{"taxonomy":"post_tag","embeddable":true,"href":"https:\/\/www.hoymercedes.com.ar\/principal\/wp-json\/wp\/v2\/tags?post=152669"}],"curies":[{"name":"wp","href":"https:\/\/api.w.org\/{rel}","templated":true}]}}