{"id":152677,"date":"2022-09-05T13:08:00","date_gmt":"2022-09-05T16:08:00","guid":{"rendered":"https:\/\/www.hoymercedes.com.ar\/principal\/?p=152677"},"modified":"2022-09-05T20:12:18","modified_gmt":"2022-09-05T23:12:18","slug":"homenajearte-virginia-altube-canta-en-el-hcd","status":"publish","type":"post","link":"https:\/\/www.hoymercedes.com.ar\/principal\/2022\/09\/05\/homenajearte-virginia-altube-canta-en-el-hcd\/","title":{"rendered":"HomenajeArte: Virginia Altube canta en el HCD"},"content":{"rendered":"\n<p>El mi\u00e9rcoles 7 de septiembre, la cantora mercedina Virginia Altube ser\u00e1 homenajeada en el Concejo Deliberante en donde ella misma brindar\u00e1 un espect\u00e1culo en el marco del cierre de la muestra de Marcela Cueto. Ser\u00e1 a partir de la hora 19, en el primer piso del Palacio Municipal. <\/p>\n\n\n<div class=\"wp-block-image\">\n<figure class=\"aligncenter size-large\"><img loading=\"lazy\" decoding=\"async\" width=\"614\" height=\"1024\" data-attachment-id=\"152675\" data-permalink=\"https:\/\/www.hoymercedes.com.ar\/principal\/2022\/09\/05\/futbol-femenino-se-jugaron-los-pendientes-en-primera\/homenajearte-virgaltube\/#main\" data-orig-file=\"https:\/\/www.hoymercedes.com.ar\/principal\/wp-content\/uploads\/2022\/09\/Homenajearte-VirgAltube.jpeg\" data-orig-size=\"768,1280\" data-comments-opened=\"0\" data-image-meta=\"{&quot;aperture&quot;:&quot;0&quot;,&quot;credit&quot;:&quot;&quot;,&quot;camera&quot;:&quot;&quot;,&quot;caption&quot;:&quot;&quot;,&quot;created_timestamp&quot;:&quot;0&quot;,&quot;copyright&quot;:&quot;&quot;,&quot;focal_length&quot;:&quot;0&quot;,&quot;iso&quot;:&quot;0&quot;,&quot;shutter_speed&quot;:&quot;0&quot;,&quot;title&quot;:&quot;&quot;,&quot;orientation&quot;:&quot;0&quot;}\" data-image-title=\"Homenajearte VirgAltube\" data-image-description=\"\" data-image-caption=\"\" data-large-file=\"https:\/\/www.hoymercedes.com.ar\/principal\/wp-content\/uploads\/2022\/09\/Homenajearte-VirgAltube-614x1024.jpeg\" src=\"https:\/\/www.hoymercedes.com.ar\/principal\/wp-content\/uploads\/2022\/09\/Homenajearte-VirgAltube-614x1024.jpeg\" alt=\"\" class=\"wp-image-152675\" srcset=\"https:\/\/www.hoymercedes.com.ar\/principal\/wp-content\/uploads\/2022\/09\/Homenajearte-VirgAltube-614x1024.jpeg 614w, https:\/\/www.hoymercedes.com.ar\/principal\/wp-content\/uploads\/2022\/09\/Homenajearte-VirgAltube-372x620.jpeg 372w, https:\/\/www.hoymercedes.com.ar\/principal\/wp-content\/uploads\/2022\/09\/Homenajearte-VirgAltube-90x150.jpeg 90w, https:\/\/www.hoymercedes.com.ar\/principal\/wp-content\/uploads\/2022\/09\/Homenajearte-VirgAltube.jpeg 768w\" sizes=\"auto, (max-width: 614px) 100vw, 614px\" \/><\/figure>\n<\/div>\n\n\n<p>\u201cLa cultura mercedina es muy vasta en todas sus expresiones, y Virginia es una cantante muy talentosa, con una trayectoria muy linda\u201d, dijo al respecto\u00a0Evangelina Cabral, presidente del Concejo, sobre este nuevo homenaje.<\/p>\n\n\n\n<p>\u201cLa ten\u00edamos en agenda para rendirle su homenaje dentro del ciclo HomenajeArte y aprovechamos su visita a Mercedes para hacerlo en esta fecha. Queremos destacar a artistas mujeres tambi\u00e9n, valorando los esfuerzos que muchas veces debemos hacer para llevar adelante nuestra vocaci\u00f3n\u201d, agreg\u00f3.<\/p>\n\n\n\n<p>Por su parte, Virginia Altube cree que es \u201cuna oportunidad\u201d esta ocasi\u00f3n en que se la homenajea. \u201cEn un tiempo tan vertiginoso como el que vivimos, que pasan y se producen cosas, en lo art\u00edstico, cultural y social, esto es como poder parar y mirarse un poco a uno mismo y a los otros, mirarse a los ojos y reconocerse\u201d, sostuvo.<\/p>\n\n\n\n<p>\u201cPara m\u00ed es bueno poder revisar mi trayecto, mi camino, y ver cu\u00e1nta gente ha sido parte en ese trayecto del canto, que no ha sido f\u00e1cil en mi caso y est\u00e1 entrelazado con muchas cosas de mi vida. Es algo sencillo, cotidiano, pero que no lo hacemos asiduamente\u201d, valor\u00f3 luego y se manifest\u00f3 agradecida de que se de este espacio de encuentro.<\/p>\n","protected":false},"excerpt":{"rendered":"<p>El mi\u00e9rcoles 7 de septiembre, la cantora mercedina Virginia Altube ser\u00e1 homenajeada en el Concejo Deliberante.  <\/p>\n","protected":false},"author":1,"featured_media":152675,"comment_status":"closed","ping_status":"open","sticky":false,"template":"","format":"standard","meta":{"_monsterinsights_skip_tracking":false,"_monsterinsights_sitenote_active":false,"_monsterinsights_sitenote_note":"","_monsterinsights_sitenote_category":0,"jetpack_post_was_ever_published":false,"_jetpack_newsletter_access":"","_jetpack_dont_email_post_to_subs":false,"_jetpack_newsletter_tier_id":0,"_jetpack_memberships_contains_paywalled_content":false,"_jetpack_memberships_contains_paid_content":false,"footnotes":"","jetpack_publicize_message":"","jetpack_publicize_feature_enabled":true,"jetpack_social_post_already_shared":true,"jetpack_social_options":{"image_generator_settings":{"template":"highway","default_image_id":0,"font":"","enabled":false},"version":2},"_wpas_customize_per_network":false},"categories":[18286],"tags":[7805],"class_list":["post-152677","post","type-post","status-publish","format-standard","has-post-thumbnail","hentry","category-hcd-mercedes","tag-cultura","generate-columns","tablet-grid-50","mobile-grid-100","grid-parent","grid-50"],"jetpack_publicize_connections":[],"jetpack_featured_media_url":"https:\/\/www.hoymercedes.com.ar\/principal\/wp-content\/uploads\/2022\/09\/Homenajearte-VirgAltube.jpeg","wps_subtitle":"","jetpack_sharing_enabled":true,"_links":{"self":[{"href":"https:\/\/www.hoymercedes.com.ar\/principal\/wp-json\/wp\/v2\/posts\/152677","targetHints":{"allow":["GET"]}}],"collection":[{"href":"https:\/\/www.hoymercedes.com.ar\/principal\/wp-json\/wp\/v2\/posts"}],"about":[{"href":"https:\/\/www.hoymercedes.com.ar\/principal\/wp-json\/wp\/v2\/types\/post"}],"author":[{"embeddable":true,"href":"https:\/\/www.hoymercedes.com.ar\/principal\/wp-json\/wp\/v2\/users\/1"}],"replies":[{"embeddable":true,"href":"https:\/\/www.hoymercedes.com.ar\/principal\/wp-json\/wp\/v2\/comments?post=152677"}],"version-history":[{"count":0,"href":"https:\/\/www.hoymercedes.com.ar\/principal\/wp-json\/wp\/v2\/posts\/152677\/revisions"}],"wp:featuredmedia":[{"embeddable":true,"href":"https:\/\/www.hoymercedes.com.ar\/principal\/wp-json\/wp\/v2\/media\/152675"}],"wp:attachment":[{"href":"https:\/\/www.hoymercedes.com.ar\/principal\/wp-json\/wp\/v2\/media?parent=152677"}],"wp:term":[{"taxonomy":"category","embeddable":true,"href":"https:\/\/www.hoymercedes.com.ar\/principal\/wp-json\/wp\/v2\/categories?post=152677"},{"taxonomy":"post_tag","embeddable":true,"href":"https:\/\/www.hoymercedes.com.ar\/principal\/wp-json\/wp\/v2\/tags?post=152677"}],"curies":[{"name":"wp","href":"https:\/\/api.w.org\/{rel}","templated":true}]}}