{"id":152710,"date":"2022-09-06T13:15:00","date_gmt":"2022-09-06T16:15:00","guid":{"rendered":"https:\/\/www.hoymercedes.com.ar\/principal\/?p=152710"},"modified":"2022-09-06T11:21:03","modified_gmt":"2022-09-06T14:21:03","slug":"boxeo-el-yacare-sequeira-rumbo-a-inglaterra","status":"publish","type":"post","link":"https:\/\/www.hoymercedes.com.ar\/principal\/2022\/09\/06\/boxeo-el-yacare-sequeira-rumbo-a-inglaterra\/","title":{"rendered":"Boxeo: El \u201cYacar\u00e9\u201d Sequeira rumbo a Inglaterra\u00a0"},"content":{"rendered":"\n<p><strong><em>El boxeador local vuelve a tener una oportunidad en el exterior ante Lyndon Arthur. La pelea ser\u00e1 el pr\u00f3ximo 17 de septiembre en la ciudad de Bolton por la categor\u00eda mediopesado.\u00a0<\/em><\/strong><\/p>\n\n\n<div class=\"wp-block-image\">\n<figure class=\"aligncenter size-full\"><img loading=\"lazy\" decoding=\"async\" width=\"649\" height=\"395\" data-attachment-id=\"152711\" data-permalink=\"https:\/\/www.hoymercedes.com.ar\/principal\/2022\/09\/06\/boxeo-el-yacare-sequeira-rumbo-a-inglaterra\/yacare-0590\/#main\" data-orig-file=\"https:\/\/www.hoymercedes.com.ar\/principal\/wp-content\/uploads\/2022\/09\/yacare-0590.jpeg\" data-orig-size=\"649,395\" data-comments-opened=\"0\" data-image-meta=\"{&quot;aperture&quot;:&quot;0&quot;,&quot;credit&quot;:&quot;&quot;,&quot;camera&quot;:&quot;&quot;,&quot;caption&quot;:&quot;&quot;,&quot;created_timestamp&quot;:&quot;0&quot;,&quot;copyright&quot;:&quot;&quot;,&quot;focal_length&quot;:&quot;0&quot;,&quot;iso&quot;:&quot;0&quot;,&quot;shutter_speed&quot;:&quot;0&quot;,&quot;title&quot;:&quot;&quot;,&quot;orientation&quot;:&quot;0&quot;}\" data-image-title=\"Walter Yacar\u00e9 Sequeira\" data-image-description=\"&lt;p&gt;Walter Yacar\u00e9 Sequeira&lt;\/p&gt;\n\" data-image-caption=\"&lt;p&gt;Walter Yacar\u00e9 Sequeira&lt;\/p&gt;\n\" data-large-file=\"https:\/\/www.hoymercedes.com.ar\/principal\/wp-content\/uploads\/2022\/09\/yacare-0590.jpeg\" src=\"https:\/\/www.hoymercedes.com.ar\/principal\/wp-content\/uploads\/2022\/09\/yacare-0590.jpeg\" alt=\"\" class=\"wp-image-152711\" srcset=\"https:\/\/www.hoymercedes.com.ar\/principal\/wp-content\/uploads\/2022\/09\/yacare-0590.jpeg 649w, https:\/\/www.hoymercedes.com.ar\/principal\/wp-content\/uploads\/2022\/09\/yacare-0590-630x383.jpeg 630w, https:\/\/www.hoymercedes.com.ar\/principal\/wp-content\/uploads\/2022\/09\/yacare-0590-150x91.jpeg 150w\" sizes=\"auto, (max-width: 649px) 100vw, 649px\" \/><\/figure>\n<\/div>\n\n\n<p>Al igual que lo hizo en el a\u00f1o 2018, el \u201cYacar\u00e9\u201d Sequeira cruzar\u00e1 el atl\u00e1ntico y el pr\u00f3ximo 17 de septiembre se volver\u00e1 a subir al ring en la localidad de Bolton, Inglaterra.&nbsp;<\/p>\n\n\n\n<p>Finalmente al p\u00fagil mercedino se le abri\u00f3 una nueva propuesta de combate internacional y buscar\u00e1 volver con la victoria de Bolton Whites Hotel, escenario donde se llevar\u00e1 a cabo la velada.&nbsp;<\/p>\n\n\n\n<p>Cabe destacar que en esta oportunidad no hay un t\u00edtulo en juego, pero si le servir\u00e1 al experimentado boxeador para sumar horas arriba del ring y volver a la actividad antes de que finalice el 2022.&nbsp;<\/p>\n\n\n\n<p>En lo que respecta al combate, Sequeira ser\u00e1 parte de la velada como semifondo al enfrentar al local Lyndon Arthur de 31 a\u00f1os que llega con un record de 19-13 KO y 1-1KO. Por su parte el \u201cYacar\u00e9\u201d ostenta un promedio de 25-17 KO \u2013 9-5 KO y 1. El combate estar\u00e1 pautado a 10 rounds dentro de la categor\u00eda mediopesado, en la cual se sabe despe\u00f1ar sobradamente.&nbsp;<\/p>\n\n\n\n<p>En cuanto a los antecedentes, Arthur viene de combatir contra Anthony Yarde hace m\u00e1s de un a\u00f1o (12 de abril del 21) donde fue derrota para el ingl\u00e9s. Este mismo boxeador tambi\u00e9n hab\u00eda derrotado a Sequeira en el 2018, siendo su primera vista a la isla europea.&nbsp;<\/p>\n\n\n\n<p>En lo que respecta al mercedino, el pasado 18 de junio super\u00f3 a Enzo Orellana en General Rodr\u00edguez y ahora buscar\u00e1 continuar con la racha ganadora.&nbsp;<\/p>\n\n\n\n<p>Sequiera estar\u00e1 acompa\u00f1ado por su amigo Dami\u00e1n Lacoste y su manager Ariel Ladebesse. En cuanto a los entrenamientos, el p\u00fagil local se encuentra en la etapa de guanteo y espera llegar de la mejor manera al combate.&nbsp;<\/p>\n\n\n\n<p>El viaje se realizar\u00e1 la misma semana de la pelea y sobre la televisaci\u00f3n del combate a\u00fan no se conoce demasiado.<\/p>\n\n\n\n<p>Colaboraci\u00f3n Mariano Oyarz\u00fa<\/p>\n","protected":false},"excerpt":{"rendered":"<p>El boxeador local vuelve a tener una oportunidad en el exterior ante Lyndon Arthur. La pelea ser\u00e1 el pr\u00f3ximo 17 de septiembre en la ciudad de Bolton por la categor\u00eda mediopesado.\u00a0<\/p>\n","protected":false},"author":1,"featured_media":152711,"comment_status":"closed","ping_status":"open","sticky":false,"template":"","format":"standard","meta":{"_monsterinsights_skip_tracking":false,"_monsterinsights_sitenote_active":false,"_monsterinsights_sitenote_note":"","_monsterinsights_sitenote_category":0,"jetpack_post_was_ever_published":false,"_jetpack_newsletter_access":"","_jetpack_dont_email_post_to_subs":false,"_jetpack_newsletter_tier_id":0,"_jetpack_memberships_contains_paywalled_content":false,"_jetpack_memberships_contains_paid_content":false,"footnotes":"","jetpack_publicize_message":"","jetpack_publicize_feature_enabled":true,"jetpack_social_post_already_shared":true,"jetpack_social_options":{"image_generator_settings":{"template":"highway","default_image_id":0,"font":"","enabled":false},"version":2},"_wpas_customize_per_network":false},"categories":[21],"tags":[204],"class_list":["post-152710","post","type-post","status-publish","format-standard","has-post-thumbnail","hentry","category-deportes","tag-deportes-2","generate-columns","tablet-grid-50","mobile-grid-100","grid-parent","grid-50"],"jetpack_publicize_connections":[],"jetpack_featured_media_url":"https:\/\/www.hoymercedes.com.ar\/principal\/wp-content\/uploads\/2022\/09\/yacare-0590.jpeg","wps_subtitle":"","jetpack_sharing_enabled":true,"_links":{"self":[{"href":"https:\/\/www.hoymercedes.com.ar\/principal\/wp-json\/wp\/v2\/posts\/152710","targetHints":{"allow":["GET"]}}],"collection":[{"href":"https:\/\/www.hoymercedes.com.ar\/principal\/wp-json\/wp\/v2\/posts"}],"about":[{"href":"https:\/\/www.hoymercedes.com.ar\/principal\/wp-json\/wp\/v2\/types\/post"}],"author":[{"embeddable":true,"href":"https:\/\/www.hoymercedes.com.ar\/principal\/wp-json\/wp\/v2\/users\/1"}],"replies":[{"embeddable":true,"href":"https:\/\/www.hoymercedes.com.ar\/principal\/wp-json\/wp\/v2\/comments?post=152710"}],"version-history":[{"count":0,"href":"https:\/\/www.hoymercedes.com.ar\/principal\/wp-json\/wp\/v2\/posts\/152710\/revisions"}],"wp:featuredmedia":[{"embeddable":true,"href":"https:\/\/www.hoymercedes.com.ar\/principal\/wp-json\/wp\/v2\/media\/152711"}],"wp:attachment":[{"href":"https:\/\/www.hoymercedes.com.ar\/principal\/wp-json\/wp\/v2\/media?parent=152710"}],"wp:term":[{"taxonomy":"category","embeddable":true,"href":"https:\/\/www.hoymercedes.com.ar\/principal\/wp-json\/wp\/v2\/categories?post=152710"},{"taxonomy":"post_tag","embeddable":true,"href":"https:\/\/www.hoymercedes.com.ar\/principal\/wp-json\/wp\/v2\/tags?post=152710"}],"curies":[{"name":"wp","href":"https:\/\/api.w.org\/{rel}","templated":true}]}}