{"id":152762,"date":"2022-09-08T19:34:00","date_gmt":"2022-09-08T22:34:00","guid":{"rendered":"https:\/\/www.hoymercedes.com.ar\/principal\/?p=152762"},"modified":"2022-09-08T17:48:19","modified_gmt":"2022-09-08T20:48:19","slug":"cine-mercedes-estrena-un-crimen-argentino","status":"publish","type":"post","link":"https:\/\/www.hoymercedes.com.ar\/principal\/2022\/09\/08\/cine-mercedes-estrena-un-crimen-argentino\/","title":{"rendered":"Cine Mercedes estrena \u00abUn Crimen Argentino\u00bb"},"content":{"rendered":"\n<p>Desde el viernes 9 hasta el martes 13 de septiembre, el Cine Mercedes presentar\u00e1 el estreno nacional de \u00abUn Crimen Argentino\u00bb (funciones a la hora 20:30). Tambi\u00e9n continuar\u00e1 la proyecci\u00f3n de \u00abEl Perro Samurai\u00bb (funciones a la hora 18).  <\/p>\n\n\n\n<p>Sinopsis \u00abEl Perro Samurai\u00bb: Hank, un perro encantador con la cabeza llena de sue\u00f1os sobre convertirse en samur\u00e1i, parte en busca de su destino en esta comedia animada inspirada en el cl\u00e1sico de Mel Brooks &#8216;Blazing Saddles&#8217;.<\/p>\n\n\n\n<p>Sinopsis \u00abUn Crimen Argentino\u00bb: Thriller de investigaci\u00f3n criminal y pol\u00edtico, basado en un hecho real ocurrido en los a\u00f1os 80: la intrigante desaparici\u00f3n de un hombre de negocios en la ciudad de Rosario, en el marco de la dictadura militar argentina. El caso es asignado a dos secretarios de un juzgado de instrucci\u00f3n pocas semanas antes de que uno de ellos emigre a Espa\u00f1a. En una carrera contra el tiempo ambos juristas intentar\u00e1n resolver el caso enfrentando las interferencias de una polic\u00eda subordinada al poder represor.<\/p>\n\n\n<div class=\"wp-block-image\">\n<figure class=\"aligncenter size-full\"><img loading=\"lazy\" decoding=\"async\" width=\"732\" height=\"800\" data-attachment-id=\"152742\" data-permalink=\"https:\/\/www.hoymercedes.com.ar\/principal\/2022\/09\/07\/anunciaron-aumento-a-estatales-provinciales\/gacetilla-cine-mercedes-5-2\/#main\" data-orig-file=\"https:\/\/www.hoymercedes.com.ar\/principal\/wp-content\/uploads\/2022\/09\/Gacetilla-Cine-Mercedes-5.jpg\" data-orig-size=\"732,800\" data-comments-opened=\"0\" data-image-meta=\"{&quot;aperture&quot;:&quot;0&quot;,&quot;credit&quot;:&quot;&quot;,&quot;camera&quot;:&quot;&quot;,&quot;caption&quot;:&quot;&quot;,&quot;created_timestamp&quot;:&quot;0&quot;,&quot;copyright&quot;:&quot;&quot;,&quot;focal_length&quot;:&quot;0&quot;,&quot;iso&quot;:&quot;0&quot;,&quot;shutter_speed&quot;:&quot;0&quot;,&quot;title&quot;:&quot;&quot;,&quot;orientation&quot;:&quot;1&quot;}\" data-image-title=\"Gacetilla Cine Mercedes (5)\" data-image-description=\"\" data-image-caption=\"\" data-large-file=\"https:\/\/www.hoymercedes.com.ar\/principal\/wp-content\/uploads\/2022\/09\/Gacetilla-Cine-Mercedes-5.jpg\" src=\"https:\/\/www.hoymercedes.com.ar\/principal\/wp-content\/uploads\/2022\/09\/Gacetilla-Cine-Mercedes-5.jpg\" alt=\"\" class=\"wp-image-152742\" srcset=\"https:\/\/www.hoymercedes.com.ar\/principal\/wp-content\/uploads\/2022\/09\/Gacetilla-Cine-Mercedes-5.jpg 732w, https:\/\/www.hoymercedes.com.ar\/principal\/wp-content\/uploads\/2022\/09\/Gacetilla-Cine-Mercedes-5-567x620.jpg 567w, https:\/\/www.hoymercedes.com.ar\/principal\/wp-content\/uploads\/2022\/09\/Gacetilla-Cine-Mercedes-5-137x150.jpg 137w\" sizes=\"auto, (max-width: 732px) 100vw, 732px\" \/><\/figure>\n<\/div>","protected":false},"excerpt":{"rendered":"<p>Desde el viernes 9 hasta el martes 13 de septiembre, el Cine Mercedes presentar\u00e1 el estreno nacional de \u00abUn Crimen Argentino\u00bb. Contin\u00faa en cartelera \u00abEl Perro Samurai\u00bb. <\/p>\n","protected":false},"author":1,"featured_media":152743,"comment_status":"closed","ping_status":"open","sticky":false,"template":"","format":"standard","meta":{"_monsterinsights_skip_tracking":false,"_monsterinsights_sitenote_active":false,"_monsterinsights_sitenote_note":"","_monsterinsights_sitenote_category":0,"jetpack_post_was_ever_published":false,"_jetpack_newsletter_access":"","_jetpack_dont_email_post_to_subs":false,"_jetpack_newsletter_tier_id":0,"_jetpack_memberships_contains_paywalled_content":false,"_jetpack_memberships_contains_paid_content":false,"footnotes":"","jetpack_publicize_message":"","jetpack_publicize_feature_enabled":true,"jetpack_social_post_already_shared":true,"jetpack_social_options":{"image_generator_settings":{"template":"highway","default_image_id":0,"font":"","enabled":false},"version":2},"_wpas_customize_per_network":false},"categories":[104],"tags":[7805],"class_list":["post-152762","post","type-post","status-publish","format-standard","has-post-thumbnail","hentry","category-cultura","tag-cultura","generate-columns","tablet-grid-50","mobile-grid-100","grid-parent","grid-50"],"jetpack_publicize_connections":[],"jetpack_featured_media_url":"https:\/\/www.hoymercedes.com.ar\/principal\/wp-content\/uploads\/2022\/09\/Un_crimen_argentino-302511466-mmed.jpg","wps_subtitle":"","jetpack_sharing_enabled":true,"_links":{"self":[{"href":"https:\/\/www.hoymercedes.com.ar\/principal\/wp-json\/wp\/v2\/posts\/152762","targetHints":{"allow":["GET"]}}],"collection":[{"href":"https:\/\/www.hoymercedes.com.ar\/principal\/wp-json\/wp\/v2\/posts"}],"about":[{"href":"https:\/\/www.hoymercedes.com.ar\/principal\/wp-json\/wp\/v2\/types\/post"}],"author":[{"embeddable":true,"href":"https:\/\/www.hoymercedes.com.ar\/principal\/wp-json\/wp\/v2\/users\/1"}],"replies":[{"embeddable":true,"href":"https:\/\/www.hoymercedes.com.ar\/principal\/wp-json\/wp\/v2\/comments?post=152762"}],"version-history":[{"count":0,"href":"https:\/\/www.hoymercedes.com.ar\/principal\/wp-json\/wp\/v2\/posts\/152762\/revisions"}],"wp:featuredmedia":[{"embeddable":true,"href":"https:\/\/www.hoymercedes.com.ar\/principal\/wp-json\/wp\/v2\/media\/152743"}],"wp:attachment":[{"href":"https:\/\/www.hoymercedes.com.ar\/principal\/wp-json\/wp\/v2\/media?parent=152762"}],"wp:term":[{"taxonomy":"category","embeddable":true,"href":"https:\/\/www.hoymercedes.com.ar\/principal\/wp-json\/wp\/v2\/categories?post=152762"},{"taxonomy":"post_tag","embeddable":true,"href":"https:\/\/www.hoymercedes.com.ar\/principal\/wp-json\/wp\/v2\/tags?post=152762"}],"curies":[{"name":"wp","href":"https:\/\/api.w.org\/{rel}","templated":true}]}}