{"id":152884,"date":"2022-09-13T12:54:06","date_gmt":"2022-09-13T15:54:06","guid":{"rendered":"https:\/\/www.hoymercedes.com.ar\/principal\/?p=152884"},"modified":"2022-09-13T12:54:08","modified_gmt":"2022-09-13T15:54:08","slug":"el-mercedes-rugby-club-volvio-a-ganar","status":"publish","type":"post","link":"https:\/\/www.hoymercedes.com.ar\/principal\/2022\/09\/13\/el-mercedes-rugby-club-volvio-a-ganar\/","title":{"rendered":"El Mercedes Rugby Club volvi\u00f3 a ganar"},"content":{"rendered":"\n<p><strong><em>En el Parque Municipal Independencia super\u00f3 a San Miguel volviendo a quedarse con el punto bonus. La Intermedia local tambi\u00e9n se qued\u00f3 con la victoria por 20 a 7.\u00a0<\/em><\/strong><\/p>\n\n\n\n<p>Pese a que el Parque Municipal Independencia se vio colmado de gente por la realizaci\u00f3n de la Fiesta Nacional del Salame, el Mercedes Rugby Club no tuvo descanso y por la fecha 20\u00ba recibi\u00f3 de local a San Miguel.&nbsp;<\/p>\n\n\n\n<p>Luego del traspi\u00e9 de la fecha anterior, lo dirigidos por Kaspari\u00e1n buscaban sumar buenos puntos y no perderle pisada a Argentino en el tramo final de competencia.&nbsp;<br>Cabe destacar que, tras lo que fue el certamen 2021 atravesado por el covid, desde la URBA se decidi\u00f3 que en todas las categor\u00edas habr\u00e1 un solo ascenso y un solo descenso resultante de la tabla general tras la realizaci\u00f3n de todos los partidos a dos vueltas.&nbsp;<\/p>\n\n\n\n<p>Con solo seis encuentros por delante (incluido Argentino de visitante), los mercedinos salieron a la cancha en la tarde del s\u00e1bado en la b\u00fasqueda de volver a ganar y porque no, quedarse con el punto bonus.&nbsp;<\/p>\n\n\n\n<p>Pero lo cierto es quien comenz\u00f3 abriendo el marcador fue la vista quien lleg\u00f3 r\u00e1pidamente a un try y luego coron\u00f3 con el tiro a los palos. Pero a fuerza de voluntad, el MRC logr\u00f3 revertir el marcador y con tres trys seguidos (y solo&nbsp; una conversi\u00f3n) estir\u00f3 su ventaja a 17 a 7.&nbsp;<\/p>\n\n\n\n<p>Sin embargo San Miguel no afloj\u00f3 durante la primera mitad y logr\u00f3 poner las cosas 17 a 14 (con try y conversi\u00f3n) asechando a los locales desde el marcador.&nbsp;<\/p>\n\n\n\n<p>Antes de que suene el silbatazo final del primer tiempo, Joni Reynoso (5) y Antonio Luther (2) estiraron la ventaja para el MTC que se fue al descanso con una diferencia de 10 puntos.&nbsp;<\/p>\n\n\n\n<p>Para el complemento, la misma dupla anterior volvi\u00f3 a hacer de las suyas y dejaron el resultado cerrado en favor de los mercedinos que se llevaron la victoria por 31 a 14.&nbsp;<\/p>\n\n\n\n<p>Si bien los puntos sumados (2 por ganar y 1 por bonus) no acortan la distancia ante Argentino, le sirven a los de Mercedes para seguir a nueve puntos de diferencia de su principal rival, buscando tener chances de llegar a la cima en las pocas fechas que restan.&nbsp;<\/p>\n\n\n\n<p>Antes del partido de la primera divisi\u00f3n, la Intermedia mercedina tambi\u00e9n se qued\u00f3 con la victoria ante San Miguel por 20 a 7.&nbsp;<\/p>\n\n\n\n<p><strong>Resultados<\/strong>\u00a0<br>Mercedes 31 (B) \u2013 14 San Miguel\u00a0<br>Atl\u00e9tico Chascomus 23 \u2013 21\u00a0 Tiro Federal de San Pedro\u00a0<br>Albatros 82 (B) \u2013 12 La Salle\u00a0<br>Tigre 36 \u2013 41 Las Ca\u00f1as\u00a0<br>Argentino 65 (B) \u2013 9 Los Cedros\u00a0<br>G y E de Ituzaingo 38 (B) \u2013 27 Del Sur\u00a0<br>San Marcos 38 (B) \u2013 12 Varela Jr.\u00a0<\/p>\n\n\n\n<p><strong>Pr\u00f3xima fecha<\/strong>\u00a0<br>San Miguel vs Varela Jr.\u00a0<br>Los Cedros vs G y E de Ituzaingo\u00a0<br>Las Ca\u00f1as vs Argentino\u00a0<br>La Salle vs Tigre\u00a0<br>Tiro Federal de San Pedro vs Albatros\u00a0<br>Mercedes vs Atl\u00e9tico Chascomus\u00a0<br>Del Sur vs San Marcos\u00a0<\/p>\n\n\n\n<p>Colaboraci\u00f3n: Mariano Oyarz\u00fa<\/p>\n","protected":false},"excerpt":{"rendered":"<p>En el Parque Municipal Independencia super\u00f3 a San Miguel volviendo a quedarse con el punto bonus. La Intermedia local tambi\u00e9n se qued\u00f3 con la victoria por 20 a 7.\u00a0<\/p>\n","protected":false},"author":1,"featured_media":152885,"comment_status":"closed","ping_status":"open","sticky":false,"template":"","format":"standard","meta":{"_monsterinsights_skip_tracking":false,"_monsterinsights_sitenote_active":false,"_monsterinsights_sitenote_note":"","_monsterinsights_sitenote_category":0,"jetpack_post_was_ever_published":false,"_jetpack_newsletter_access":"","_jetpack_dont_email_post_to_subs":false,"_jetpack_newsletter_tier_id":0,"_jetpack_memberships_contains_paywalled_content":false,"_jetpack_memberships_contains_paid_content":false,"footnotes":"","jetpack_publicize_message":"","jetpack_publicize_feature_enabled":true,"jetpack_social_post_already_shared":true,"jetpack_social_options":{"image_generator_settings":{"template":"highway","default_image_id":0,"font":"","enabled":false},"version":2},"_wpas_customize_per_network":false},"categories":[21],"tags":[204],"class_list":["post-152884","post","type-post","status-publish","format-standard","has-post-thumbnail","hentry","category-deportes","tag-deportes-2","generate-columns","tablet-grid-50","mobile-grid-100","grid-parent","grid-50"],"jetpack_publicize_connections":[],"jetpack_featured_media_url":"https:\/\/www.hoymercedes.com.ar\/principal\/wp-content\/uploads\/2022\/09\/rugby-1309.jpeg","wps_subtitle":"URBA Segunda Divisi\u00f3n ","jetpack_sharing_enabled":true,"_links":{"self":[{"href":"https:\/\/www.hoymercedes.com.ar\/principal\/wp-json\/wp\/v2\/posts\/152884","targetHints":{"allow":["GET"]}}],"collection":[{"href":"https:\/\/www.hoymercedes.com.ar\/principal\/wp-json\/wp\/v2\/posts"}],"about":[{"href":"https:\/\/www.hoymercedes.com.ar\/principal\/wp-json\/wp\/v2\/types\/post"}],"author":[{"embeddable":true,"href":"https:\/\/www.hoymercedes.com.ar\/principal\/wp-json\/wp\/v2\/users\/1"}],"replies":[{"embeddable":true,"href":"https:\/\/www.hoymercedes.com.ar\/principal\/wp-json\/wp\/v2\/comments?post=152884"}],"version-history":[{"count":0,"href":"https:\/\/www.hoymercedes.com.ar\/principal\/wp-json\/wp\/v2\/posts\/152884\/revisions"}],"wp:featuredmedia":[{"embeddable":true,"href":"https:\/\/www.hoymercedes.com.ar\/principal\/wp-json\/wp\/v2\/media\/152885"}],"wp:attachment":[{"href":"https:\/\/www.hoymercedes.com.ar\/principal\/wp-json\/wp\/v2\/media?parent=152884"}],"wp:term":[{"taxonomy":"category","embeddable":true,"href":"https:\/\/www.hoymercedes.com.ar\/principal\/wp-json\/wp\/v2\/categories?post=152884"},{"taxonomy":"post_tag","embeddable":true,"href":"https:\/\/www.hoymercedes.com.ar\/principal\/wp-json\/wp\/v2\/tags?post=152884"}],"curies":[{"name":"wp","href":"https:\/\/api.w.org\/{rel}","templated":true}]}}