{"id":15294,"date":"2012-08-14T12:44:28","date_gmt":"2012-08-14T12:44:28","guid":{"rendered":"http:\/\/www.hoymercedes.com.ar\/principal\/?p=15294"},"modified":"2012-08-14T12:51:24","modified_gmt":"2012-08-14T12:51:24","slug":"juventud-17-de-octubre-en-celebraciones-por-el-dia-del-nino","status":"publish","type":"post","link":"https:\/\/www.hoymercedes.com.ar\/principal\/2012\/08\/14\/juventud-17-de-octubre-en-celebraciones-por-el-dia-del-nino\/","title":{"rendered":"Juventud 17 de octubre en celebraciones por el d\u00eda del ni\u00f1o"},"content":{"rendered":"<p><a href=\"https:\/\/www.hoymercedes.com.ar\/principal\/wp-content\/uploads\/2012\/08\/blanden.jpg\"><img loading=\"lazy\" decoding=\"async\" data-attachment-id=\"15296\" data-permalink=\"https:\/\/www.hoymercedes.com.ar\/principal\/2012\/08\/14\/juventud-17-de-octubre-en-celebraciones-por-el-dia-del-nino\/blanden\/#main\" data-orig-file=\"https:\/\/www.hoymercedes.com.ar\/principal\/wp-content\/uploads\/2012\/08\/blanden.jpg\" data-orig-size=\"614,461\" data-comments-opened=\"1\" data-image-meta=\"{&quot;aperture&quot;:&quot;0&quot;,&quot;credit&quot;:&quot;&quot;,&quot;camera&quot;:&quot;&quot;,&quot;caption&quot;:&quot;&quot;,&quot;created_timestamp&quot;:&quot;0&quot;,&quot;copyright&quot;:&quot;&quot;,&quot;focal_length&quot;:&quot;0&quot;,&quot;iso&quot;:&quot;0&quot;,&quot;shutter_speed&quot;:&quot;0&quot;,&quot;title&quot;:&quot;&quot;}\" data-image-title=\"blanden\" data-image-description=\"\" data-image-caption=\"\" data-large-file=\"https:\/\/www.hoymercedes.com.ar\/principal\/wp-content\/uploads\/2012\/08\/blanden.jpg\" class=\"aligncenter size-full wp-image-15296\" title=\"blanden\" src=\"https:\/\/www.hoymercedes.com.ar\/principal\/wp-content\/uploads\/2012\/08\/blanden.jpg\" alt=\"\" width=\"614\" height=\"461\" \/><\/a><\/p>\n<p>La Juventud Peronista de la Agrupaci\u00f3n \u201c17 de Octubre\u201d que tiene como conductor al Presidente del Partido Justicialista e intendente Carlos Selva, durante el fin de semana se traslado a los diferentes barrios de la ciudad acompa\u00f1ando a los distintos festejos del d\u00eda del Ni\u00f1o que se realizaron.<\/p>\n<p>La recorrida comenz\u00f3 el d\u00eda 5 de agosto donde la Juventud se acerco al Barrio San Justo donde la Sociedad de Fomento organizo el festejo por anticipado, en el lugar los j\u00f3venes realizaron distintas actividades colaborando con los organizadores.<\/p>\n<p>Siguiendo con los festejos exactamente el domingo los j\u00f3venes participaron con distintas atracciones, juegos y sorpresas acompa\u00f1ando los festejos de la Sociedad de Fomento del Barrio Santa Teresita, San Antonio, por ultimo visitando la fiesta que se desarrollo en el Barrio Blandengues de la Ciudad.<\/p>\n<p><a href=\"https:\/\/www.hoymercedes.com.ar\/principal\/wp-content\/uploads\/2012\/08\/ni\u00f1o-santa-teresita.jpg\"><img loading=\"lazy\" decoding=\"async\" data-attachment-id=\"15297\" data-permalink=\"https:\/\/www.hoymercedes.com.ar\/principal\/2012\/08\/14\/juventud-17-de-octubre-en-celebraciones-por-el-dia-del-nino\/nino-santa-teresita\/#main\" data-orig-file=\"https:\/\/www.hoymercedes.com.ar\/principal\/wp-content\/uploads\/2012\/08\/ni\u00f1o-santa-teresita.jpg\" data-orig-size=\"614,461\" data-comments-opened=\"1\" data-image-meta=\"{&quot;aperture&quot;:&quot;0&quot;,&quot;credit&quot;:&quot;&quot;,&quot;camera&quot;:&quot;&quot;,&quot;caption&quot;:&quot;&quot;,&quot;created_timestamp&quot;:&quot;0&quot;,&quot;copyright&quot;:&quot;&quot;,&quot;focal_length&quot;:&quot;0&quot;,&quot;iso&quot;:&quot;0&quot;,&quot;shutter_speed&quot;:&quot;0&quot;,&quot;title&quot;:&quot;&quot;}\" data-image-title=\"ni\u00f1o santa teresita\" data-image-description=\"\" data-image-caption=\"\" data-large-file=\"https:\/\/www.hoymercedes.com.ar\/principal\/wp-content\/uploads\/2012\/08\/ni\u00f1o-santa-teresita.jpg\" class=\"aligncenter size-full wp-image-15297\" title=\"ni\u00f1o santa teresita\" src=\"https:\/\/www.hoymercedes.com.ar\/principal\/wp-content\/uploads\/2012\/08\/ni\u00f1o-santa-teresita.jpg\" alt=\"\" width=\"614\" height=\"461\" srcset=\"https:\/\/www.hoymercedes.com.ar\/principal\/wp-content\/uploads\/2012\/08\/ni\u00f1o-santa-teresita.jpg 614w, https:\/\/www.hoymercedes.com.ar\/principal\/wp-content\/uploads\/2012\/08\/ni\u00f1o-santa-teresita-300x225.jpg 300w\" sizes=\"auto, (max-width: 614px) 100vw, 614px\" \/><\/a><\/p>\n<p>Desde la Juventud Peronista queremos agradecer a las Sociedades de Fomentos y referentes barriales por dejarnos compartir este momento junto con los ni\u00f1os ya que \u201cpara nosotros es muy importante trabajar articuladamente con las distintas instituciones de la ciudad para ayudar a los mismos, contribuir con las familias y apoyar la promoci\u00f3n de sus derechos. Ese es nuestro compromiso\u201d. Destacan desde la JP.<\/p>\n<p>Por \u00faltimo \u201ccreemos que es imprescindible el trabajo articulado con los distintos referentes sociales, para construir entre todos las herramientas que nos permitan cuidar a los m\u00e1s chicos y generar las condiciones necesarias para que crezcan en igualdad de oportunidades\u201d. Juventud Peronista Agrupaci\u00f3n 17 de Octubre.<\/p>\n<p>&nbsp;<\/p>\n","protected":false},"excerpt":{"rendered":"<p>La Juventud Peronista de la Agrupaci\u00f3n \u201c17 de Octubre\u201d que tiene como conductor al Presidente del Partido Justicialista e intendente &#8230; <a title=\"Juventud 17 de octubre en celebraciones por el d\u00eda del ni\u00f1o\" class=\"read-more\" href=\"https:\/\/www.hoymercedes.com.ar\/principal\/2012\/08\/14\/juventud-17-de-octubre-en-celebraciones-por-el-dia-del-nino\/\" aria-label=\"Leer m\u00e1s sobre Juventud 17 de octubre en celebraciones por el d\u00eda del ni\u00f1o\">Leer m\u00e1s<\/a><\/p>\n","protected":false},"author":1,"featured_media":0,"comment_status":"open","ping_status":"open","sticky":false,"template":"","format":"standard","meta":{"_monsterinsights_skip_tracking":false,"_monsterinsights_sitenote_active":false,"_monsterinsights_sitenote_note":"","_monsterinsights_sitenote_category":0,"jetpack_post_was_ever_published":false,"_jetpack_newsletter_access":"","_jetpack_dont_email_post_to_subs":false,"_jetpack_newsletter_tier_id":0,"_jetpack_memberships_contains_paywalled_content":false,"_jetpack_memberships_contains_paid_content":false,"footnotes":"","jetpack_publicize_message":"","jetpack_publicize_feature_enabled":true,"jetpack_social_post_already_shared":false,"jetpack_social_options":{"image_generator_settings":{"template":"highway","default_image_id":0,"font":"","enabled":false},"version":2},"_wpas_customize_per_network":false},"categories":[5],"tags":[751],"class_list":["post-15294","post","type-post","status-publish","format-standard","hentry","category-politica","tag-juventud-17-de-octubre","generate-columns","tablet-grid-50","mobile-grid-100","grid-parent","grid-50"],"jetpack_publicize_connections":[],"jetpack_featured_media_url":"","wps_subtitle":"","jetpack_sharing_enabled":true,"_links":{"self":[{"href":"https:\/\/www.hoymercedes.com.ar\/principal\/wp-json\/wp\/v2\/posts\/15294","targetHints":{"allow":["GET"]}}],"collection":[{"href":"https:\/\/www.hoymercedes.com.ar\/principal\/wp-json\/wp\/v2\/posts"}],"about":[{"href":"https:\/\/www.hoymercedes.com.ar\/principal\/wp-json\/wp\/v2\/types\/post"}],"author":[{"embeddable":true,"href":"https:\/\/www.hoymercedes.com.ar\/principal\/wp-json\/wp\/v2\/users\/1"}],"replies":[{"embeddable":true,"href":"https:\/\/www.hoymercedes.com.ar\/principal\/wp-json\/wp\/v2\/comments?post=15294"}],"version-history":[{"count":0,"href":"https:\/\/www.hoymercedes.com.ar\/principal\/wp-json\/wp\/v2\/posts\/15294\/revisions"}],"wp:attachment":[{"href":"https:\/\/www.hoymercedes.com.ar\/principal\/wp-json\/wp\/v2\/media?parent=15294"}],"wp:term":[{"taxonomy":"category","embeddable":true,"href":"https:\/\/www.hoymercedes.com.ar\/principal\/wp-json\/wp\/v2\/categories?post=15294"},{"taxonomy":"post_tag","embeddable":true,"href":"https:\/\/www.hoymercedes.com.ar\/principal\/wp-json\/wp\/v2\/tags?post=15294"}],"curies":[{"name":"wp","href":"https:\/\/api.w.org\/{rel}","templated":true}]}}