{"id":152977,"date":"2022-09-15T13:17:00","date_gmt":"2022-09-15T16:17:00","guid":{"rendered":"https:\/\/www.hoymercedes.com.ar\/principal\/?p=152977"},"modified":"2022-09-15T18:28:09","modified_gmt":"2022-09-15T21:28:09","slug":"mas-respeto-que-soy-tu-madre-llega-al-cine-mercedes","status":"publish","type":"post","link":"https:\/\/www.hoymercedes.com.ar\/principal\/2022\/09\/15\/mas-respeto-que-soy-tu-madre-llega-al-cine-mercedes\/","title":{"rendered":"M\u00e1s Respeto que soy tu Madre llega al Cine Mercedes"},"content":{"rendered":"\n<p>Tras su estreno, la pel\u00edcula que fue filmada en Mercedes en octubre del a\u00f1o pasado, \u00abM\u00e1s Respeto que Soy Tu Madre\u00bb, llega a la gran pantalla local. El Cine Mercedes proyecta la pel\u00edcula basada en el blog de Hern\u00e1n Casciari y con el gui\u00f3n de \u00e9ste y de Cristian \u00abchiri\u00bb Basilis, desde el viernes 16 hasta el martes 20 de septiembre, en las funciones de la hora 21. Tambi\u00e9n se presenta la pel\u00edcula de animaci\u00f3n \u00abPrincesa por Accidente\u00bb a la hora 19.<\/p>\n\n\n\n<p>Sinopsis \u00abM\u00e1s Respeto que Soy tu Madre\u00bb: Mirta es una ama de casa de 50 a\u00f1os a la que le mundo se le cae abajo cuando la crisis econ\u00f3mica de 2001 arruina a su familia llev\u00e1ndola de la clase media a la pobreza absoluta. Su vida se convierte en un infierno y deber\u00e1 desarrollar un humor a prueba de balas para convertir cada desgracia en una lecci\u00f3n de vida.<\/p>\n\n\n\n<p>Sinopsis \u00abPrincesa por Accidente\u00bb: Pil es una peque\u00f1a hu\u00e9rfana que vive en la calle, en la ciudad medieval de Roc-en-Brume. Junto a sus tres comadrejas amaestradas, Pil sobrevive robando comida en el castillo del siniestro rey Tristain, que ha usurpado el trono.<\/p>\n\n\n<div class=\"wp-block-image\">\n<figure class=\"aligncenter size-full\"><img loading=\"lazy\" decoding=\"async\" width=\"800\" height=\"875\" data-attachment-id=\"152981\" data-permalink=\"https:\/\/www.hoymercedes.com.ar\/principal\/2022\/09\/15\/mas-respeto-que-soy-tu-madre-llega-al-cine-mercedes\/gacetilla-cine-mercedes-6-2\/#main\" data-orig-file=\"https:\/\/www.hoymercedes.com.ar\/principal\/wp-content\/uploads\/2022\/09\/Gacetilla-Cine-Mercedes-6.jpg\" data-orig-size=\"800,875\" data-comments-opened=\"0\" data-image-meta=\"{&quot;aperture&quot;:&quot;0&quot;,&quot;credit&quot;:&quot;&quot;,&quot;camera&quot;:&quot;&quot;,&quot;caption&quot;:&quot;&quot;,&quot;created_timestamp&quot;:&quot;0&quot;,&quot;copyright&quot;:&quot;&quot;,&quot;focal_length&quot;:&quot;0&quot;,&quot;iso&quot;:&quot;0&quot;,&quot;shutter_speed&quot;:&quot;0&quot;,&quot;title&quot;:&quot;&quot;,&quot;orientation&quot;:&quot;1&quot;}\" data-image-title=\"Gacetilla Cine Mercedes (6)\" data-image-description=\"\" data-image-caption=\"\" data-large-file=\"https:\/\/www.hoymercedes.com.ar\/principal\/wp-content\/uploads\/2022\/09\/Gacetilla-Cine-Mercedes-6.jpg\" src=\"https:\/\/www.hoymercedes.com.ar\/principal\/wp-content\/uploads\/2022\/09\/Gacetilla-Cine-Mercedes-6.jpg\" alt=\"\" class=\"wp-image-152981\" srcset=\"https:\/\/www.hoymercedes.com.ar\/principal\/wp-content\/uploads\/2022\/09\/Gacetilla-Cine-Mercedes-6.jpg 800w, https:\/\/www.hoymercedes.com.ar\/principal\/wp-content\/uploads\/2022\/09\/Gacetilla-Cine-Mercedes-6-567x620.jpg 567w, https:\/\/www.hoymercedes.com.ar\/principal\/wp-content\/uploads\/2022\/09\/Gacetilla-Cine-Mercedes-6-137x150.jpg 137w\" sizes=\"auto, (max-width: 800px) 100vw, 800px\" \/><\/figure>\n<\/div>","protected":false},"excerpt":{"rendered":"<p> El Cine Mercedes proyecta la pel\u00edcula filmada en Mercedes en octubre del a\u00f1o pasado desde el viernes 16. Tambi\u00e9n se presenta la pel\u00edcula de animaci\u00f3n \u00abPrincesa por Accidente\u00bb. <\/p>\n","protected":false},"author":1,"featured_media":152983,"comment_status":"closed","ping_status":"open","sticky":false,"template":"","format":"standard","meta":{"_monsterinsights_skip_tracking":false,"_monsterinsights_sitenote_active":false,"_monsterinsights_sitenote_note":"","_monsterinsights_sitenote_category":0,"jetpack_post_was_ever_published":false,"_jetpack_newsletter_access":"","_jetpack_dont_email_post_to_subs":false,"_jetpack_newsletter_tier_id":0,"_jetpack_memberships_contains_paywalled_content":false,"_jetpack_memberships_contains_paid_content":false,"footnotes":"","jetpack_publicize_message":"","jetpack_publicize_feature_enabled":true,"jetpack_social_post_already_shared":true,"jetpack_social_options":{"image_generator_settings":{"template":"highway","default_image_id":0,"font":"","enabled":false},"version":2},"_wpas_customize_per_network":false},"categories":[5485],"tags":[7805],"class_list":["post-152977","post","type-post","status-publish","format-standard","has-post-thumbnail","hentry","category-comunidad","tag-cultura","generate-columns","tablet-grid-50","mobile-grid-100","grid-parent","grid-50"],"jetpack_publicize_connections":[],"jetpack_featured_media_url":"https:\/\/www.hoymercedes.com.ar\/principal\/wp-content\/uploads\/2022\/09\/Mas-respeto-que-soy-tu-madre.jpg","wps_subtitle":"","jetpack_sharing_enabled":true,"_links":{"self":[{"href":"https:\/\/www.hoymercedes.com.ar\/principal\/wp-json\/wp\/v2\/posts\/152977","targetHints":{"allow":["GET"]}}],"collection":[{"href":"https:\/\/www.hoymercedes.com.ar\/principal\/wp-json\/wp\/v2\/posts"}],"about":[{"href":"https:\/\/www.hoymercedes.com.ar\/principal\/wp-json\/wp\/v2\/types\/post"}],"author":[{"embeddable":true,"href":"https:\/\/www.hoymercedes.com.ar\/principal\/wp-json\/wp\/v2\/users\/1"}],"replies":[{"embeddable":true,"href":"https:\/\/www.hoymercedes.com.ar\/principal\/wp-json\/wp\/v2\/comments?post=152977"}],"version-history":[{"count":0,"href":"https:\/\/www.hoymercedes.com.ar\/principal\/wp-json\/wp\/v2\/posts\/152977\/revisions"}],"wp:featuredmedia":[{"embeddable":true,"href":"https:\/\/www.hoymercedes.com.ar\/principal\/wp-json\/wp\/v2\/media\/152983"}],"wp:attachment":[{"href":"https:\/\/www.hoymercedes.com.ar\/principal\/wp-json\/wp\/v2\/media?parent=152977"}],"wp:term":[{"taxonomy":"category","embeddable":true,"href":"https:\/\/www.hoymercedes.com.ar\/principal\/wp-json\/wp\/v2\/categories?post=152977"},{"taxonomy":"post_tag","embeddable":true,"href":"https:\/\/www.hoymercedes.com.ar\/principal\/wp-json\/wp\/v2\/tags?post=152977"}],"curies":[{"name":"wp","href":"https:\/\/api.w.org\/{rel}","templated":true}]}}