{"id":153147,"date":"2022-09-19T13:34:57","date_gmt":"2022-09-19T16:34:57","guid":{"rendered":"https:\/\/www.hoymercedes.com.ar\/principal\/?p=153147"},"modified":"2022-09-19T13:34:58","modified_gmt":"2022-09-19T16:34:58","slug":"detenido-con-64-plantas-de-marihuana","status":"publish","type":"post","link":"https:\/\/www.hoymercedes.com.ar\/principal\/2022\/09\/19\/detenido-con-64-plantas-de-marihuana\/","title":{"rendered":"Detenido con 64 plantas de marihuana"},"content":{"rendered":"\n<figure class=\"wp-block-image size-large is-resized\"><img loading=\"lazy\" decoding=\"async\" data-attachment-id=\"153148\" data-permalink=\"https:\/\/www.hoymercedes.com.ar\/principal\/2022\/09\/19\/detenido-con-64-plantas-de-marihuana\/marihuana-patrullarural\/#main\" data-orig-file=\"https:\/\/www.hoymercedes.com.ar\/principal\/wp-content\/uploads\/2022\/09\/Marihuana-PatrullaRural.jpg\" data-orig-size=\"1032,774\" data-comments-opened=\"0\" data-image-meta=\"{&quot;aperture&quot;:&quot;0&quot;,&quot;credit&quot;:&quot;&quot;,&quot;camera&quot;:&quot;&quot;,&quot;caption&quot;:&quot;&quot;,&quot;created_timestamp&quot;:&quot;0&quot;,&quot;copyright&quot;:&quot;&quot;,&quot;focal_length&quot;:&quot;0&quot;,&quot;iso&quot;:&quot;0&quot;,&quot;shutter_speed&quot;:&quot;0&quot;,&quot;title&quot;:&quot;&quot;,&quot;orientation&quot;:&quot;0&quot;}\" data-image-title=\"Marihuana-PatrullaRural\" data-image-description=\"\" data-image-caption=\"\" data-large-file=\"https:\/\/www.hoymercedes.com.ar\/principal\/wp-content\/uploads\/2022\/09\/Marihuana-PatrullaRural-1024x768.jpg\" src=\"https:\/\/www.hoymercedes.com.ar\/principal\/wp-content\/uploads\/2022\/09\/Marihuana-PatrullaRural-1024x768.jpg\" alt=\"\" class=\"wp-image-153148\" width=\"960\" height=\"720\" srcset=\"https:\/\/www.hoymercedes.com.ar\/principal\/wp-content\/uploads\/2022\/09\/Marihuana-PatrullaRural-1024x768.jpg 1024w, https:\/\/www.hoymercedes.com.ar\/principal\/wp-content\/uploads\/2022\/09\/Marihuana-PatrullaRural-630x473.jpg 630w, https:\/\/www.hoymercedes.com.ar\/principal\/wp-content\/uploads\/2022\/09\/Marihuana-PatrullaRural-150x113.jpg 150w, https:\/\/www.hoymercedes.com.ar\/principal\/wp-content\/uploads\/2022\/09\/Marihuana-PatrullaRural.jpg 1032w\" sizes=\"auto, (max-width: 960px) 100vw, 960px\" \/><figcaption>po<\/figcaption><\/figure>\n\n\n\n<p>Tras una amplia investigaci\u00f3n por orden de la Justicia Federal de Mercedes la Patrulla Rural de Mercedes y GTO Mercedes lograron la identificaci\u00f3n de un sujeto con gran cantidad de plantas de cannabis cuyo objetivo no era medicinal.<\/p>\n\n\n\n<p>El allanamiento, tras la investigacion de la Rural de nuestro Partido, se dio en el Cuartel XV con el secuestro de 64 plantas de Cannabis Sativa.<\/p>\n\n\n\n<p>La investigaci\u00f3n ahora contin\u00faa su curso con intervenciones del Juzgado Federal por infracci\u00f3n a&nbsp;la&nbsp;ley&nbsp;n\u00ba23737.<\/p>\n","protected":false},"excerpt":{"rendered":"<p>Detenido con 64 plantas de marihuana<\/p>\n","protected":false},"author":1,"featured_media":153148,"comment_status":"closed","ping_status":"open","sticky":false,"template":"","format":"standard","meta":{"_monsterinsights_skip_tracking":false,"_monsterinsights_sitenote_active":false,"_monsterinsights_sitenote_note":"","_monsterinsights_sitenote_category":0,"jetpack_post_was_ever_published":false,"_jetpack_newsletter_access":"","_jetpack_dont_email_post_to_subs":false,"_jetpack_newsletter_tier_id":0,"_jetpack_memberships_contains_paywalled_content":false,"_jetpack_memberships_contains_paid_content":false,"footnotes":"","jetpack_publicize_message":"","jetpack_publicize_feature_enabled":true,"jetpack_social_post_already_shared":true,"jetpack_social_options":{"image_generator_settings":{"template":"highway","default_image_id":0,"font":"","enabled":false},"version":2},"_wpas_customize_per_network":false},"categories":[85],"tags":[18458],"class_list":["post-153147","post","type-post","status-publish","format-standard","has-post-thumbnail","hentry","category-policial","tag-patrulla-rural-mercedes","generate-columns","tablet-grid-50","mobile-grid-100","grid-parent","grid-50"],"jetpack_publicize_connections":[],"jetpack_featured_media_url":"https:\/\/www.hoymercedes.com.ar\/principal\/wp-content\/uploads\/2022\/09\/Marihuana-PatrullaRural.jpg","wps_subtitle":"Patrulla Rural","jetpack_sharing_enabled":true,"_links":{"self":[{"href":"https:\/\/www.hoymercedes.com.ar\/principal\/wp-json\/wp\/v2\/posts\/153147","targetHints":{"allow":["GET"]}}],"collection":[{"href":"https:\/\/www.hoymercedes.com.ar\/principal\/wp-json\/wp\/v2\/posts"}],"about":[{"href":"https:\/\/www.hoymercedes.com.ar\/principal\/wp-json\/wp\/v2\/types\/post"}],"author":[{"embeddable":true,"href":"https:\/\/www.hoymercedes.com.ar\/principal\/wp-json\/wp\/v2\/users\/1"}],"replies":[{"embeddable":true,"href":"https:\/\/www.hoymercedes.com.ar\/principal\/wp-json\/wp\/v2\/comments?post=153147"}],"version-history":[{"count":0,"href":"https:\/\/www.hoymercedes.com.ar\/principal\/wp-json\/wp\/v2\/posts\/153147\/revisions"}],"wp:featuredmedia":[{"embeddable":true,"href":"https:\/\/www.hoymercedes.com.ar\/principal\/wp-json\/wp\/v2\/media\/153148"}],"wp:attachment":[{"href":"https:\/\/www.hoymercedes.com.ar\/principal\/wp-json\/wp\/v2\/media?parent=153147"}],"wp:term":[{"taxonomy":"category","embeddable":true,"href":"https:\/\/www.hoymercedes.com.ar\/principal\/wp-json\/wp\/v2\/categories?post=153147"},{"taxonomy":"post_tag","embeddable":true,"href":"https:\/\/www.hoymercedes.com.ar\/principal\/wp-json\/wp\/v2\/tags?post=153147"}],"curies":[{"name":"wp","href":"https:\/\/api.w.org\/{rel}","templated":true}]}}