{"id":153179,"date":"2022-09-20T17:10:00","date_gmt":"2022-09-20T20:10:00","guid":{"rendered":"https:\/\/www.hoymercedes.com.ar\/principal\/?p=153179"},"modified":"2022-09-20T16:36:06","modified_gmt":"2022-09-20T19:36:06","slug":"mercedes-sade-entrega-premios-en-literatura-y-arte","status":"publish","type":"post","link":"https:\/\/www.hoymercedes.com.ar\/principal\/2022\/09\/20\/mercedes-sade-entrega-premios-en-literatura-y-arte\/","title":{"rendered":"Mercedes SADE entrega premios en literatura y arte"},"content":{"rendered":"\n<p>Desde Mercedes SADE Internacional informaron que el pr\u00f3ximo domingo 25 se entregan los Premios en Literatura y Arte Borges 2022. Desde la hora 10.30 en el Complejo Cultural Municipal La Trocha, participar\u00e1n delegaciones de todo el pa\u00eds y de Chile, Bolivia, Venezuela y Uruguay. <\/p>\n\n\n\n<p>Asimismo, informan que estar\u00e1 presente \u00abel sobrino nieto de la c\u00e9lebre poeta Alfonsina Storni proveniente de Santiago del Estero, la representante de artes pl\u00e1sticas de Quilmes, Mar\u00eda Rizzo donar\u00e1 un retrato de Jos\u00e9 Hern\u00e1ndez y otro de Borges, a la instituci\u00f3n MSADEI\u00bb. <\/p>\n\n\n\n<p>\u00abSe presentar\u00e1 el libro \u00abTempus de Borges\u00bb 2022 escrito por 60 autores de todo el pa\u00eds, entre ellos varios mercedinos. Adem\u00e1s, se entregar\u00e1 un reconocimiento a la periodista Claudia Ainchil por su desempe\u00f1o en la radio del Congreso de la Naci\u00f3n con 30 a\u00f1os de servicio dedicados a los escritores poco conocidos.\u00bb<\/p>\n\n\n<div class=\"wp-block-image\">\n<figure class=\"aligncenter size-full\"><img loading=\"lazy\" decoding=\"async\" width=\"600\" height=\"800\" data-attachment-id=\"153180\" data-permalink=\"https:\/\/www.hoymercedes.com.ar\/principal\/2022\/09\/20\/mercedes-sade-entrega-premios-en-literatura-y-arte\/20220814_142733\/#main\" data-orig-file=\"https:\/\/www.hoymercedes.com.ar\/principal\/wp-content\/uploads\/2022\/09\/20220814_142733.jpg\" data-orig-size=\"600,800\" data-comments-opened=\"0\" data-image-meta=\"{&quot;aperture&quot;:&quot;0&quot;,&quot;credit&quot;:&quot;&quot;,&quot;camera&quot;:&quot;&quot;,&quot;caption&quot;:&quot;&quot;,&quot;created_timestamp&quot;:&quot;1660487253&quot;,&quot;copyright&quot;:&quot;&quot;,&quot;focal_length&quot;:&quot;0&quot;,&quot;iso&quot;:&quot;0&quot;,&quot;shutter_speed&quot;:&quot;0&quot;,&quot;title&quot;:&quot;&quot;,&quot;orientation&quot;:&quot;1&quot;}\" data-image-title=\"20220814_142733\" data-image-description=\"\" data-image-caption=\"\" data-large-file=\"https:\/\/www.hoymercedes.com.ar\/principal\/wp-content\/uploads\/2022\/09\/20220814_142733.jpg\" src=\"https:\/\/www.hoymercedes.com.ar\/principal\/wp-content\/uploads\/2022\/09\/20220814_142733.jpg\" alt=\"\" class=\"wp-image-153180\" srcset=\"https:\/\/www.hoymercedes.com.ar\/principal\/wp-content\/uploads\/2022\/09\/20220814_142733.jpg 600w, https:\/\/www.hoymercedes.com.ar\/principal\/wp-content\/uploads\/2022\/09\/20220814_142733-465x620.jpg 465w, https:\/\/www.hoymercedes.com.ar\/principal\/wp-content\/uploads\/2022\/09\/20220814_142733-113x150.jpg 113w\" sizes=\"auto, (max-width: 600px) 100vw, 600px\" \/><\/figure>\n<\/div>\n\n\n<p><\/p>\n","protected":false},"excerpt":{"rendered":"<p>Desde Mercedes SADE Internacional informaron que el pr\u00f3ximo domingo 25 se entregan los Premios en Literatura y Arte Borges 2022.<\/p>\n","protected":false},"author":1,"featured_media":153180,"comment_status":"closed","ping_status":"open","sticky":false,"template":"","format":"standard","meta":{"_monsterinsights_skip_tracking":false,"_monsterinsights_sitenote_active":false,"_monsterinsights_sitenote_note":"","_monsterinsights_sitenote_category":0,"jetpack_post_was_ever_published":false,"_jetpack_newsletter_access":"","_jetpack_dont_email_post_to_subs":false,"_jetpack_newsletter_tier_id":0,"_jetpack_memberships_contains_paywalled_content":false,"_jetpack_memberships_contains_paid_content":false,"footnotes":"","jetpack_publicize_message":"","jetpack_publicize_feature_enabled":true,"jetpack_social_post_already_shared":true,"jetpack_social_options":{"image_generator_settings":{"template":"highway","default_image_id":0,"font":"","enabled":false},"version":2},"_wpas_customize_per_network":false},"categories":[104],"tags":[7805],"class_list":["post-153179","post","type-post","status-publish","format-standard","has-post-thumbnail","hentry","category-cultura","tag-cultura","generate-columns","tablet-grid-50","mobile-grid-100","grid-parent","grid-50"],"jetpack_publicize_connections":[],"jetpack_featured_media_url":"https:\/\/www.hoymercedes.com.ar\/principal\/wp-content\/uploads\/2022\/09\/20220814_142733.jpg","wps_subtitle":"","jetpack_sharing_enabled":true,"_links":{"self":[{"href":"https:\/\/www.hoymercedes.com.ar\/principal\/wp-json\/wp\/v2\/posts\/153179","targetHints":{"allow":["GET"]}}],"collection":[{"href":"https:\/\/www.hoymercedes.com.ar\/principal\/wp-json\/wp\/v2\/posts"}],"about":[{"href":"https:\/\/www.hoymercedes.com.ar\/principal\/wp-json\/wp\/v2\/types\/post"}],"author":[{"embeddable":true,"href":"https:\/\/www.hoymercedes.com.ar\/principal\/wp-json\/wp\/v2\/users\/1"}],"replies":[{"embeddable":true,"href":"https:\/\/www.hoymercedes.com.ar\/principal\/wp-json\/wp\/v2\/comments?post=153179"}],"version-history":[{"count":0,"href":"https:\/\/www.hoymercedes.com.ar\/principal\/wp-json\/wp\/v2\/posts\/153179\/revisions"}],"wp:featuredmedia":[{"embeddable":true,"href":"https:\/\/www.hoymercedes.com.ar\/principal\/wp-json\/wp\/v2\/media\/153180"}],"wp:attachment":[{"href":"https:\/\/www.hoymercedes.com.ar\/principal\/wp-json\/wp\/v2\/media?parent=153179"}],"wp:term":[{"taxonomy":"category","embeddable":true,"href":"https:\/\/www.hoymercedes.com.ar\/principal\/wp-json\/wp\/v2\/categories?post=153179"},{"taxonomy":"post_tag","embeddable":true,"href":"https:\/\/www.hoymercedes.com.ar\/principal\/wp-json\/wp\/v2\/tags?post=153179"}],"curies":[{"name":"wp","href":"https:\/\/api.w.org\/{rel}","templated":true}]}}