{"id":153202,"date":"2022-09-26T21:02:29","date_gmt":"2022-09-27T00:02:29","guid":{"rendered":"https:\/\/www.hoymercedes.com.ar\/principal\/?p=153202"},"modified":"2022-09-26T21:02:31","modified_gmt":"2022-09-27T00:02:31","slug":"muere-mujer-en-un-vuelco-en-la-ruta-5","status":"publish","type":"post","link":"https:\/\/www.hoymercedes.com.ar\/principal\/2022\/09\/26\/muere-mujer-en-un-vuelco-en-la-ruta-5\/","title":{"rendered":"Muere mujer en un vuelco en la Ruta 5"},"content":{"rendered":"\n<p>En la ma\u00f1ana de este lunes se produjo un nuevo siniestro vial sobre el trazado de la ruta 5, en jurisdicci\u00f3n del partido de Suipacha, con el tr\u00e1gico saldo de una persona fallecida.<\/p>\n\n\n<div class=\"wp-block-image\">\n<figure class=\"aligncenter size-full\"><img loading=\"lazy\" decoding=\"async\" width=\"800\" height=\"369\" data-attachment-id=\"153433\" data-permalink=\"https:\/\/www.hoymercedes.com.ar\/principal\/2022\/09\/26\/muere-mujer-en-un-vuelco-en-la-ruta-5\/306323969_5791376834229931_4998810586055818476_n\/#main\" data-orig-file=\"https:\/\/www.hoymercedes.com.ar\/principal\/wp-content\/uploads\/2022\/09\/306323969_5791376834229931_4998810586055818476_n.jpg\" data-orig-size=\"800,369\" data-comments-opened=\"0\" data-image-meta=\"{&quot;aperture&quot;:&quot;0&quot;,&quot;credit&quot;:&quot;&quot;,&quot;camera&quot;:&quot;&quot;,&quot;caption&quot;:&quot;&quot;,&quot;created_timestamp&quot;:&quot;0&quot;,&quot;copyright&quot;:&quot;&quot;,&quot;focal_length&quot;:&quot;0&quot;,&quot;iso&quot;:&quot;0&quot;,&quot;shutter_speed&quot;:&quot;0&quot;,&quot;title&quot;:&quot;&quot;,&quot;orientation&quot;:&quot;0&quot;}\" data-image-title=\"306323969_5791376834229931_4998810586055818476_n\" data-image-description=\"\" data-image-caption=\"\" data-large-file=\"https:\/\/www.hoymercedes.com.ar\/principal\/wp-content\/uploads\/2022\/09\/306323969_5791376834229931_4998810586055818476_n.jpg\" src=\"https:\/\/www.hoymercedes.com.ar\/principal\/wp-content\/uploads\/2022\/09\/306323969_5791376834229931_4998810586055818476_n.jpg\" alt=\"\" class=\"wp-image-153433\" srcset=\"https:\/\/www.hoymercedes.com.ar\/principal\/wp-content\/uploads\/2022\/09\/306323969_5791376834229931_4998810586055818476_n.jpg 800w, https:\/\/www.hoymercedes.com.ar\/principal\/wp-content\/uploads\/2022\/09\/306323969_5791376834229931_4998810586055818476_n-630x291.jpg 630w, https:\/\/www.hoymercedes.com.ar\/principal\/wp-content\/uploads\/2022\/09\/306323969_5791376834229931_4998810586055818476_n-150x69.jpg 150w\" sizes=\"auto, (max-width: 800px) 100vw, 800px\" \/><\/figure>\n<\/div>\n\n\n<p>El siniestro ocurri\u00f3 a la altura del kil\u00f3metro 121,820 en cercan\u00edas del establecimiento \u201cLos Moros\u201d ex haras Pucci , cuando un autom\u00f3vil Chevrolet Zafira , color azul oscuro , dominio JMA321, que circulaba en sentido Suipacha-Mercedes, por causas que se desconocen, su conductora pierde el control del veh\u00edculo cuando se encontraba subiendo al puente ubicado sobre el arroyo \u201cEl Cardoso\u201d , derrapando sobre la cinta asf\u00e1ltica en direcci\u00f3n hacia la banquina donde luego de embestir violentamente el guad raid , pasa a trav\u00e9s del mismo , volcando sobre la zona de pr\u00e9stamo , donde luego de atravesar sin tocar el cauce del mencionado arroyo finaliza volcado sobre su techo con sus ocupantes atrapados en el interior del habit\u00e1culo.<\/p>\n\n\n\n<p>El autom\u00f3vil era conducido por Evangelina Luna de 39 a\u00f1os , oriunda de localidad de Alberti,  quien viajaba acompa\u00f1ada por su esposo Mariano Pintos de 39 a\u00f1os y sus dos hijos menores de 5 y 8 a\u00f1os, y se dirig\u00edan desde Alberti hacia la ciudad de Adrogue donde residen.<br>Lamentablemente a ra\u00edz de la  violencia del impacto, falleci\u00f3 en el lugar la joven conductora, en tanto su esposo y ambos menores resultaros con heridas de car\u00e1cter leve.<\/p>\n\n\n\n<p> Personal del CPR y enfermera del Homei, junto a automovilistas que pasaban por el lugar, se ocuparon de la atenci\u00f3n y contenci\u00f3n de los menores participes en el evento, quienes minutos m\u00e1s tarde fueron derivados a trav\u00e9s de ambulancias del Same local al Hospital Esteban Iribarne de Suipacha. <\/p>\n\n\n\n<p>El tr\u00e1nsito de la ruta 5  se vio interrumpido mientras se realizaban las tareas de evacuaci\u00f3n de los heridos y peritaje de rigor. Intervino Bomberos Voluntarios, Polic\u00eda Comunal, CPR , Ambulancias del Same ,Cocheria Llera de Suipacha y Policia Vial, Policia Cientifica  de Mercedes , junto a personal del concesionario vial Corredores Viales y agencia de Seguridad Vial.<\/p>\n\n\n\n<p>Colaboraci\u00f3n Jorge Lasala de Suipacha<\/p>\n\n\n<div class=\"wp-block-image\">\n<figure class=\"aligncenter size-full\"><img loading=\"lazy\" decoding=\"async\" width=\"800\" height=\"369\" data-attachment-id=\"153434\" data-permalink=\"https:\/\/www.hoymercedes.com.ar\/principal\/2022\/09\/26\/muere-mujer-en-un-vuelco-en-la-ruta-5\/306732297_5791376920896589_4123532491266415979_n\/#main\" data-orig-file=\"https:\/\/www.hoymercedes.com.ar\/principal\/wp-content\/uploads\/2022\/09\/306732297_5791376920896589_4123532491266415979_n.jpg\" data-orig-size=\"800,369\" data-comments-opened=\"0\" data-image-meta=\"{&quot;aperture&quot;:&quot;0&quot;,&quot;credit&quot;:&quot;&quot;,&quot;camera&quot;:&quot;&quot;,&quot;caption&quot;:&quot;&quot;,&quot;created_timestamp&quot;:&quot;0&quot;,&quot;copyright&quot;:&quot;&quot;,&quot;focal_length&quot;:&quot;0&quot;,&quot;iso&quot;:&quot;0&quot;,&quot;shutter_speed&quot;:&quot;0&quot;,&quot;title&quot;:&quot;&quot;,&quot;orientation&quot;:&quot;0&quot;}\" data-image-title=\"306732297_5791376920896589_4123532491266415979_n\" data-image-description=\"\" data-image-caption=\"\" data-large-file=\"https:\/\/www.hoymercedes.com.ar\/principal\/wp-content\/uploads\/2022\/09\/306732297_5791376920896589_4123532491266415979_n.jpg\" src=\"https:\/\/www.hoymercedes.com.ar\/principal\/wp-content\/uploads\/2022\/09\/306732297_5791376920896589_4123532491266415979_n.jpg\" alt=\"\" class=\"wp-image-153434\" srcset=\"https:\/\/www.hoymercedes.com.ar\/principal\/wp-content\/uploads\/2022\/09\/306732297_5791376920896589_4123532491266415979_n.jpg 800w, https:\/\/www.hoymercedes.com.ar\/principal\/wp-content\/uploads\/2022\/09\/306732297_5791376920896589_4123532491266415979_n-630x291.jpg 630w, https:\/\/www.hoymercedes.com.ar\/principal\/wp-content\/uploads\/2022\/09\/306732297_5791376920896589_4123532491266415979_n-150x69.jpg 150w\" sizes=\"auto, (max-width: 800px) 100vw, 800px\" \/><\/figure>\n<\/div>","protected":false},"excerpt":{"rendered":"<p>En la ma\u00f1ana de este lunes se produjo un nuevo siniestro vial sobre el trazado de la ruta 5, en jurisdicci\u00f3n del partido de Suipacha, con el tr\u00e1gico saldo de una persona fallecida.<\/p>\n","protected":false},"author":1,"featured_media":153434,"comment_status":"closed","ping_status":"open","sticky":false,"template":"","format":"standard","meta":{"_monsterinsights_skip_tracking":false,"_monsterinsights_sitenote_active":false,"_monsterinsights_sitenote_note":"","_monsterinsights_sitenote_category":0,"jetpack_post_was_ever_published":false,"_jetpack_newsletter_access":"","_jetpack_dont_email_post_to_subs":false,"_jetpack_newsletter_tier_id":0,"_jetpack_memberships_contains_paywalled_content":false,"_jetpack_memberships_contains_paid_content":false,"footnotes":"","jetpack_publicize_message":"","jetpack_publicize_feature_enabled":true,"jetpack_social_post_already_shared":true,"jetpack_social_options":{"image_generator_settings":{"template":"highway","default_image_id":0,"font":"","enabled":false},"version":2},"_wpas_customize_per_network":false},"categories":[85],"tags":[],"class_list":["post-153202","post","type-post","status-publish","format-standard","has-post-thumbnail","hentry","category-policial","generate-columns","tablet-grid-50","mobile-grid-100","grid-parent","grid-50"],"jetpack_publicize_connections":[],"jetpack_featured_media_url":"https:\/\/www.hoymercedes.com.ar\/principal\/wp-content\/uploads\/2022\/09\/306732297_5791376920896589_4123532491266415979_n.jpg","wps_subtitle":"","jetpack_sharing_enabled":true,"_links":{"self":[{"href":"https:\/\/www.hoymercedes.com.ar\/principal\/wp-json\/wp\/v2\/posts\/153202","targetHints":{"allow":["GET"]}}],"collection":[{"href":"https:\/\/www.hoymercedes.com.ar\/principal\/wp-json\/wp\/v2\/posts"}],"about":[{"href":"https:\/\/www.hoymercedes.com.ar\/principal\/wp-json\/wp\/v2\/types\/post"}],"author":[{"embeddable":true,"href":"https:\/\/www.hoymercedes.com.ar\/principal\/wp-json\/wp\/v2\/users\/1"}],"replies":[{"embeddable":true,"href":"https:\/\/www.hoymercedes.com.ar\/principal\/wp-json\/wp\/v2\/comments?post=153202"}],"version-history":[{"count":0,"href":"https:\/\/www.hoymercedes.com.ar\/principal\/wp-json\/wp\/v2\/posts\/153202\/revisions"}],"wp:featuredmedia":[{"embeddable":true,"href":"https:\/\/www.hoymercedes.com.ar\/principal\/wp-json\/wp\/v2\/media\/153434"}],"wp:attachment":[{"href":"https:\/\/www.hoymercedes.com.ar\/principal\/wp-json\/wp\/v2\/media?parent=153202"}],"wp:term":[{"taxonomy":"category","embeddable":true,"href":"https:\/\/www.hoymercedes.com.ar\/principal\/wp-json\/wp\/v2\/categories?post=153202"},{"taxonomy":"post_tag","embeddable":true,"href":"https:\/\/www.hoymercedes.com.ar\/principal\/wp-json\/wp\/v2\/tags?post=153202"}],"curies":[{"name":"wp","href":"https:\/\/api.w.org\/{rel}","templated":true}]}}