{"id":153232,"date":"2022-09-22T07:30:00","date_gmt":"2022-09-22T10:30:00","guid":{"rendered":"https:\/\/www.hoymercedes.com.ar\/principal\/?p=153232"},"modified":"2022-09-21T22:58:29","modified_gmt":"2022-09-22T01:58:29","slug":"salud-presentaron-incorporacion-de-tecnologia-para-centralizar-historias-clinicas-y-turnos-online","status":"publish","type":"post","link":"https:\/\/www.hoymercedes.com.ar\/principal\/2022\/09\/22\/salud-presentaron-incorporacion-de-tecnologia-para-centralizar-historias-clinicas-y-turnos-online\/","title":{"rendered":"Salud: presentaron incorporaci\u00f3n de tecnolog\u00eda para centralizar historias cl\u00ednicas y turnos online"},"content":{"rendered":"\n<figure class=\"wp-block-image size-full is-resized\"><img loading=\"lazy\" decoding=\"async\" data-attachment-id=\"153233\" data-permalink=\"https:\/\/www.hoymercedes.com.ar\/principal\/2022\/09\/22\/salud-presentaron-incorporacion-de-tecnologia-para-centralizar-historias-clinicas-y-turnos-online\/dsc07432\/#main\" data-orig-file=\"https:\/\/www.hoymercedes.com.ar\/principal\/wp-content\/uploads\/2022\/09\/DSC07432.jpg\" data-orig-size=\"922,615\" data-comments-opened=\"0\" data-image-meta=\"{&quot;aperture&quot;:&quot;0&quot;,&quot;credit&quot;:&quot;&quot;,&quot;camera&quot;:&quot;&quot;,&quot;caption&quot;:&quot;&quot;,&quot;created_timestamp&quot;:&quot;0&quot;,&quot;copyright&quot;:&quot;&quot;,&quot;focal_length&quot;:&quot;0&quot;,&quot;iso&quot;:&quot;0&quot;,&quot;shutter_speed&quot;:&quot;0&quot;,&quot;title&quot;:&quot;&quot;,&quot;orientation&quot;:&quot;0&quot;}\" data-image-title=\"DSC07432\" data-image-description=\"\" data-image-caption=\"\" data-large-file=\"https:\/\/www.hoymercedes.com.ar\/principal\/wp-content\/uploads\/2022\/09\/DSC07432.jpg\" src=\"https:\/\/www.hoymercedes.com.ar\/principal\/wp-content\/uploads\/2022\/09\/DSC07432.jpg\" alt=\"\" class=\"wp-image-153233\" width=\"962\" height=\"642\" srcset=\"https:\/\/www.hoymercedes.com.ar\/principal\/wp-content\/uploads\/2022\/09\/DSC07432.jpg 922w, https:\/\/www.hoymercedes.com.ar\/principal\/wp-content\/uploads\/2022\/09\/DSC07432-630x420.jpg 630w, https:\/\/www.hoymercedes.com.ar\/principal\/wp-content\/uploads\/2022\/09\/DSC07432-150x100.jpg 150w\" sizes=\"auto, (max-width: 962px) 100vw, 962px\" \/><\/figure>\n\n\n\n<p>Le intendente Ustarroz junto a secretario de salud, N\u00e9stor Pisapia, presentaron la importante incorporaci\u00f3n de 35 computadoras para la digitalizaci\u00f3n, centralizaci\u00f3n y agilizaci\u00f3n del sistema de salud de los Centros de Atenci\u00f3n Primaria de la ciudad.<\/p>\n\n\n\n<p><strong>Agradecimiento<\/strong><\/p>\n\n\n\n<p>El intendente Juan Ignacio Ustarroz expres\u00f3 \u201cquiero felicitar a todo el gran equipo de trabajadores y trabajadoras del \u00e1rea de salud, ya que este es un gran paso\u201d y a\u00f1adi\u00f3 \u201cuna gesti\u00f3n ante la provincia que nos permite incorporar 35 computadoras que tienen como objetivo avanzar en una respuesta integral de mejorar la atenci\u00f3n en cada uno de los CAPS y el sistema a trav\u00e9s de la digitalizaci\u00f3n\u201d.<\/p>\n\n\n\n<p><strong>Sistema<\/strong><\/p>\n\n\n\n<p>A su vez, el intendente Ustarroz remarc\u00f3 \u201cno es un dato menor la articulaci\u00f3n entre todo el sistema de Atenci\u00f3n Primaria de la Salud y el Hospital, lo que habla a las claras un trabajo en conjunto en la planificaci\u00f3n, el accionar y en unidad por la salud del pueblo de Mercedes\u201d.<\/p>\n\n\n\n<p><strong>Beneficio<\/strong><\/p>\n\n\n\n<p>\u201cEsto para el vecino redunda en un beneficio concreto, desde sacar su turno digital, tener su historia cl\u00ednica en el sistema, lo que hace m\u00e1s eficiente la atenci\u00f3n y el abordaje, algo que ven\u00edamos trabajando hace tiempo, y ahora con esta colaboraci\u00f3n por parte de la provincia damos un salto en cantidad y calidad en el sistema de salud local\u201d afirm\u00f3 el intendente Juan Ignacio Ustarroz.<\/p>\n\n\n\n<p><strong>Trabajo<\/strong><\/p>\n\n\n\n<p>El secretario de salud, N\u00e9stor Pisapia manifest\u00f3 \u201chace un tiempo que venimos trabajando junto al Ministerio de Salud de la provincia en todo lo que tiene que ver con los insumos para la ciudad, y ahora nos llegaron 35 computadoras para equipar los Centros de Atenci\u00f3n Primaria\u201d y agreg\u00f3&nbsp; \u201cy seguir con la digitalizaci\u00f3n de todo el sistema de salud lo que le da equidad y calidad a la atenci\u00f3n primaria, algo que nuestro Intendente Ustarroz siempre nos expresa, empuja y marca, para poder brindarle a la gente todas las herramientas de salud y le sirva a todos\u201d.<\/p>\n\n\n\n<p><strong>Provincia<\/strong><\/p>\n\n\n\n<p>\u201cEstamos trabajando muy fuertemente en esto, junto al Gobierno provincial que siempre nos brinda lo que necesitamos y gracias, tambi\u00e9n, a la gesti\u00f3n que todos los d\u00edas realiza nuestro intendente\u201d se\u00f1al\u00f3 Pisapia y a\u00f1adi\u00f3 \u201cya tenemos m\u00e1s de 10 CAPS que est\u00e1n con la digitalizaci\u00f3n, con las turneras digitales que fue el primer paso, y ahora estamos con la historia cl\u00ednica digital, y ahora con este equipamiento vamos a llevarlo a todos los caps y consultorios\u201d.<\/p>\n\n\n\n<p><strong>Agilizaci\u00f3n<\/strong><\/p>\n\n\n\n<p>En este sentido, Pisapia indic\u00f3 \u201cya se va a integrar todo el sistema primario de salud y eso permitir\u00e1 que desde un CAPS se pueda sacar un turno con una especialista en otro centro de atenci\u00f3n primario o inclusive, cuando sigamos avanzando, se podr\u00e1 pedir un turno desde el Hospital a un CAPS y viceversa, lo que ser\u00e1 un paso muy importante en la atenci\u00f3n de los vecinos de la ciudad\u201d.<\/p>\n\n\n\n<p>Info: Salud<\/p>\n","protected":false},"excerpt":{"rendered":"<p>Le intendente Ustarroz junto a secretario de salud, N\u00e9stor Pisapia, presentaron la importante incorporaci\u00f3n de 35 computadoras para la digitalizaci\u00f3n, &#8230; <a title=\"Salud: presentaron incorporaci\u00f3n de tecnolog\u00eda para centralizar historias cl\u00ednicas y turnos online\" class=\"read-more\" href=\"https:\/\/www.hoymercedes.com.ar\/principal\/2022\/09\/22\/salud-presentaron-incorporacion-de-tecnologia-para-centralizar-historias-clinicas-y-turnos-online\/\" aria-label=\"Leer m\u00e1s sobre Salud: presentaron incorporaci\u00f3n de tecnolog\u00eda para centralizar historias cl\u00ednicas y turnos online\">Leer m\u00e1s<\/a><\/p>\n","protected":false},"author":1,"featured_media":153233,"comment_status":"closed","ping_status":"open","sticky":false,"template":"","format":"standard","meta":{"_monsterinsights_skip_tracking":false,"_monsterinsights_sitenote_active":false,"_monsterinsights_sitenote_note":"","_monsterinsights_sitenote_category":0,"jetpack_post_was_ever_published":false,"_jetpack_newsletter_access":"","_jetpack_dont_email_post_to_subs":false,"_jetpack_newsletter_tier_id":0,"_jetpack_memberships_contains_paywalled_content":false,"_jetpack_memberships_contains_paid_content":false,"footnotes":"","jetpack_publicize_message":"","jetpack_publicize_feature_enabled":true,"jetpack_social_post_already_shared":true,"jetpack_social_options":{"image_generator_settings":{"template":"highway","default_image_id":0,"font":"","enabled":false},"version":2},"_wpas_customize_per_network":false},"categories":[30],"tags":[18462,17809,134,8529],"class_list":["post-153232","post","type-post","status-publish","format-standard","has-post-thumbnail","hentry","category-municipio","tag-arenillsa","tag-pisapia","tag-salud","tag-secretaria-de-salud","generate-columns","tablet-grid-50","mobile-grid-100","grid-parent","grid-50"],"jetpack_publicize_connections":[],"jetpack_featured_media_url":"https:\/\/www.hoymercedes.com.ar\/principal\/wp-content\/uploads\/2022\/09\/DSC07432.jpg","wps_subtitle":"Beneficios sociales ","jetpack_sharing_enabled":true,"_links":{"self":[{"href":"https:\/\/www.hoymercedes.com.ar\/principal\/wp-json\/wp\/v2\/posts\/153232","targetHints":{"allow":["GET"]}}],"collection":[{"href":"https:\/\/www.hoymercedes.com.ar\/principal\/wp-json\/wp\/v2\/posts"}],"about":[{"href":"https:\/\/www.hoymercedes.com.ar\/principal\/wp-json\/wp\/v2\/types\/post"}],"author":[{"embeddable":true,"href":"https:\/\/www.hoymercedes.com.ar\/principal\/wp-json\/wp\/v2\/users\/1"}],"replies":[{"embeddable":true,"href":"https:\/\/www.hoymercedes.com.ar\/principal\/wp-json\/wp\/v2\/comments?post=153232"}],"version-history":[{"count":0,"href":"https:\/\/www.hoymercedes.com.ar\/principal\/wp-json\/wp\/v2\/posts\/153232\/revisions"}],"wp:featuredmedia":[{"embeddable":true,"href":"https:\/\/www.hoymercedes.com.ar\/principal\/wp-json\/wp\/v2\/media\/153233"}],"wp:attachment":[{"href":"https:\/\/www.hoymercedes.com.ar\/principal\/wp-json\/wp\/v2\/media?parent=153232"}],"wp:term":[{"taxonomy":"category","embeddable":true,"href":"https:\/\/www.hoymercedes.com.ar\/principal\/wp-json\/wp\/v2\/categories?post=153232"},{"taxonomy":"post_tag","embeddable":true,"href":"https:\/\/www.hoymercedes.com.ar\/principal\/wp-json\/wp\/v2\/tags?post=153232"}],"curies":[{"name":"wp","href":"https:\/\/api.w.org\/{rel}","templated":true}]}}