{"id":153252,"date":"2022-09-22T12:31:00","date_gmt":"2022-09-22T15:31:00","guid":{"rendered":"https:\/\/www.hoymercedes.com.ar\/principal\/?p=153252"},"modified":"2022-09-22T08:51:53","modified_gmt":"2022-09-22T11:51:53","slug":"cine-mas-respeto-sigue-y-vuelve-avatar","status":"publish","type":"post","link":"https:\/\/www.hoymercedes.com.ar\/principal\/2022\/09\/22\/cine-mas-respeto-sigue-y-vuelve-avatar\/","title":{"rendered":"Cine: M\u00e1s Respeto sigue y vuelve Avatar"},"content":{"rendered":"\n<p>Desde el viernes 23 al martes 27 de septiembre, el Cine Mercedes contin\u00faa con la proyecci\u00f3n de \u00abM\u00e1s Respeto que soy tu Madre\u00bb &#8211; la pel\u00edcula filmada en Mercedes en 2021 &#8211; y presenta en la gran pantalla la primera parte de \u00abAvatar\u00bb. El reestreno  anticipa lo que ser\u00e1 la secuela a estrenarse en diciembre. Las entradas se pueden comprar anticipadas. <\/p>\n\n\n<div class=\"wp-block-image\">\n<figure class=\"aligncenter size-full\"><img loading=\"lazy\" decoding=\"async\" width=\"672\" height=\"800\" data-attachment-id=\"153212\" data-permalink=\"https:\/\/www.hoymercedes.com.ar\/principal\/2022\/09\/21\/maria-lujan-luna-presenta-lazos-de-amor\/gacetilla-cine-mercedes-7-2\/#main\" data-orig-file=\"https:\/\/www.hoymercedes.com.ar\/principal\/wp-content\/uploads\/2022\/09\/Gacetilla-Cine-Mercedes-7.jpg\" data-orig-size=\"672,800\" data-comments-opened=\"0\" data-image-meta=\"{&quot;aperture&quot;:&quot;0&quot;,&quot;credit&quot;:&quot;&quot;,&quot;camera&quot;:&quot;&quot;,&quot;caption&quot;:&quot;&quot;,&quot;created_timestamp&quot;:&quot;0&quot;,&quot;copyright&quot;:&quot;&quot;,&quot;focal_length&quot;:&quot;0&quot;,&quot;iso&quot;:&quot;0&quot;,&quot;shutter_speed&quot;:&quot;0&quot;,&quot;title&quot;:&quot;&quot;,&quot;orientation&quot;:&quot;1&quot;}\" data-image-title=\"Gacetilla Cine Mercedes (7)\" data-image-description=\"\" data-image-caption=\"\" data-large-file=\"https:\/\/www.hoymercedes.com.ar\/principal\/wp-content\/uploads\/2022\/09\/Gacetilla-Cine-Mercedes-7.jpg\" src=\"https:\/\/www.hoymercedes.com.ar\/principal\/wp-content\/uploads\/2022\/09\/Gacetilla-Cine-Mercedes-7.jpg\" alt=\"\" class=\"wp-image-153212\" srcset=\"https:\/\/www.hoymercedes.com.ar\/principal\/wp-content\/uploads\/2022\/09\/Gacetilla-Cine-Mercedes-7.jpg 672w, https:\/\/www.hoymercedes.com.ar\/principal\/wp-content\/uploads\/2022\/09\/Gacetilla-Cine-Mercedes-7-521x620.jpg 521w, https:\/\/www.hoymercedes.com.ar\/principal\/wp-content\/uploads\/2022\/09\/Gacetilla-Cine-Mercedes-7-126x150.jpg 126w\" sizes=\"auto, (max-width: 672px) 100vw, 672px\" \/><\/figure>\n<\/div>\n\n\n<p>Sinopsis \u00abAvatar\u00bb  1&#8243;: A\u00f1o 2154. Jake Sully (Sam Worthington), un ex-marine condenado a vivir en una silla de ruedas, sigue siendo, a pesar de ello, un aut\u00e9ntico guerrero. Precisamente por ello ha sido designado para ir a Pandora, donde algunas empresas est\u00e1n extrayendo un mineral extra\u00f1o que podr\u00eda resolver la crisis energ\u00e9tica de la Tierra. Para contrarrestar la toxicidad de la atm\u00f3sfera de Pandora, se ha creado el programa Avatar, gracias al cual los seres humanos mantienen sus conciencias unidas a un avatar: un cuerpo biol\u00f3gico controlado de forma remota que puede sobrevivir en el aire letal. Esos cuerpos han sido creados con ADN humano, mezclado con ADN de los nativos de Pandora, los Na&#8217;vi. Convertido en avatar, Jake puede caminar otra vez. Su misi\u00f3n consiste en infiltrarse entre los Na&#8217;vi, que se han convertido en el mayor obst\u00e1culo para la extracci\u00f3n del mineral. Pero cuando Neytiri, una bella Na&#8217;vi (Zoe Saldana), salva la vida de Jake, todo cambia: Jake, tras superar ciertas pruebas, es admitido en su clan. Mientras tanto, los hombres esperan los resultados de la misi\u00f3n de Jake. <\/p>\n\n\n\n<p>Sinopsis \u00abM\u00e1s Respeto que soy tu Madre\u00bb: En 1999 y en el marco de una crisis social y econ\u00f3mica de la Argentina, Mirta Bertotti, su esposo Zacar\u00edas y sus tres hijos est\u00e1n cerca de caer de la clase media a la indigencia. Un marido desocupado, hijos adolescentes con problemas, un suegro drogadicto y la llegada de la menopausia har\u00e1n que la vida de Mirta se convierta en un infierno. La familia necesitar\u00e1 un humor a prueba de balas, y muchas ma\u00f1as, para convertir cada desgracia en una lecci\u00f3n de vida.<\/p>\n","protected":false},"excerpt":{"rendered":"<p>Desde el viernes 23 al martes 27 de septiembre, el Cine Mercedes contin\u00faa con la proyecci\u00f3n de \u00abM\u00e1s Respeto que soy tu Madre\u00bb y reestrena \u00abAvatar 1\u00bb. <\/p>\n","protected":false},"author":1,"featured_media":153253,"comment_status":"closed","ping_status":"open","sticky":false,"template":"","format":"standard","meta":{"_monsterinsights_skip_tracking":false,"_monsterinsights_sitenote_active":false,"_monsterinsights_sitenote_note":"","_monsterinsights_sitenote_category":0,"jetpack_post_was_ever_published":false,"_jetpack_newsletter_access":"","_jetpack_dont_email_post_to_subs":false,"_jetpack_newsletter_tier_id":0,"_jetpack_memberships_contains_paywalled_content":false,"_jetpack_memberships_contains_paid_content":false,"footnotes":"","jetpack_publicize_message":"","jetpack_publicize_feature_enabled":true,"jetpack_social_post_already_shared":true,"jetpack_social_options":{"image_generator_settings":{"template":"highway","default_image_id":0,"font":"","enabled":false},"version":2},"_wpas_customize_per_network":false},"categories":[104],"tags":[7805],"class_list":["post-153252","post","type-post","status-publish","format-standard","has-post-thumbnail","hentry","category-cultura","tag-cultura","generate-columns","tablet-grid-50","mobile-grid-100","grid-parent","grid-50"],"jetpack_publicize_connections":[],"jetpack_featured_media_url":"https:\/\/www.hoymercedes.com.ar\/principal\/wp-content\/uploads\/2022\/09\/poster-avatar-1.jpg","wps_subtitle":"","jetpack_sharing_enabled":true,"_links":{"self":[{"href":"https:\/\/www.hoymercedes.com.ar\/principal\/wp-json\/wp\/v2\/posts\/153252","targetHints":{"allow":["GET"]}}],"collection":[{"href":"https:\/\/www.hoymercedes.com.ar\/principal\/wp-json\/wp\/v2\/posts"}],"about":[{"href":"https:\/\/www.hoymercedes.com.ar\/principal\/wp-json\/wp\/v2\/types\/post"}],"author":[{"embeddable":true,"href":"https:\/\/www.hoymercedes.com.ar\/principal\/wp-json\/wp\/v2\/users\/1"}],"replies":[{"embeddable":true,"href":"https:\/\/www.hoymercedes.com.ar\/principal\/wp-json\/wp\/v2\/comments?post=153252"}],"version-history":[{"count":0,"href":"https:\/\/www.hoymercedes.com.ar\/principal\/wp-json\/wp\/v2\/posts\/153252\/revisions"}],"wp:featuredmedia":[{"embeddable":true,"href":"https:\/\/www.hoymercedes.com.ar\/principal\/wp-json\/wp\/v2\/media\/153253"}],"wp:attachment":[{"href":"https:\/\/www.hoymercedes.com.ar\/principal\/wp-json\/wp\/v2\/media?parent=153252"}],"wp:term":[{"taxonomy":"category","embeddable":true,"href":"https:\/\/www.hoymercedes.com.ar\/principal\/wp-json\/wp\/v2\/categories?post=153252"},{"taxonomy":"post_tag","embeddable":true,"href":"https:\/\/www.hoymercedes.com.ar\/principal\/wp-json\/wp\/v2\/tags?post=153252"}],"curies":[{"name":"wp","href":"https:\/\/api.w.org\/{rel}","templated":true}]}}