{"id":153355,"date":"2022-09-25T07:18:00","date_gmt":"2022-09-25T10:18:00","guid":{"rendered":"https:\/\/www.hoymercedes.com.ar\/principal\/?p=153355"},"modified":"2022-09-25T09:25:55","modified_gmt":"2022-09-25T12:25:55","slug":"policia-federal-mercedes-secuestro-cocaina-en-san-andres-de-giles","status":"publish","type":"post","link":"https:\/\/www.hoymercedes.com.ar\/principal\/2022\/09\/25\/policia-federal-mercedes-secuestro-cocaina-en-san-andres-de-giles\/","title":{"rendered":"Polic\u00eda Federal Mercedes secuestr\u00f3 coca\u00edna en San Andr\u00e9s de Giles"},"content":{"rendered":"\n<p>En la ma\u00f1ana del s\u00e1bado la Polic\u00eda Federal realiz\u00f3 un allanamiento en San Andr\u00e9s de Giles. El personal de la Unidad Operativa Mercedes arrib\u00f3 a un domicilio ubicado en la calle Echeverry entre 45 y 47. All\u00ed secuestraron 60 dosis de coca\u00edna y dinero en efectivo. Despu\u00e9s del procedimiento, se llevaron detenido a un vecino de la ciudad vecina.<\/p>\n\n\n\n<p>Los efectivos de la PFA investigaban el caso por infracci\u00f3n a la ley 23.737 de tenencia y tr\u00e1fico de estupefacientes, con intervenci\u00f3n del Juzgado de Garant\u00edas N\u00b0 3 del Departamento Judicial Mercedes a cargo del Dr. Patricio Guillermo Arrieta, por solicitud de la Unidad Funcional de Instrucci\u00f3n y Juicio N\u00b04 del Departamento Judicial de Mercedes, a cargo del Dr. Lisandro Masson.<\/p>\n\n\n\n<p>Fuente: InfoCiudad de San Andr\u00e9s de Giles<\/p>\n\n\n\n<figure class=\"wp-block-image size-large\"><img loading=\"lazy\" decoding=\"async\" width=\"1024\" height=\"547\" data-attachment-id=\"153356\" data-permalink=\"https:\/\/www.hoymercedes.com.ar\/principal\/2022\/09\/25\/policia-federal-mercedes-secuestro-cocaina-en-san-andres-de-giles\/poli-federal\/#main\" data-orig-file=\"https:\/\/www.hoymercedes.com.ar\/principal\/wp-content\/uploads\/2022\/09\/poli-federal.jpeg\" data-orig-size=\"1536,820\" data-comments-opened=\"0\" data-image-meta=\"{&quot;aperture&quot;:&quot;0&quot;,&quot;credit&quot;:&quot;&quot;,&quot;camera&quot;:&quot;&quot;,&quot;caption&quot;:&quot;&quot;,&quot;created_timestamp&quot;:&quot;0&quot;,&quot;copyright&quot;:&quot;&quot;,&quot;focal_length&quot;:&quot;0&quot;,&quot;iso&quot;:&quot;0&quot;,&quot;shutter_speed&quot;:&quot;0&quot;,&quot;title&quot;:&quot;&quot;,&quot;orientation&quot;:&quot;0&quot;}\" data-image-title=\"poli federal\" data-image-description=\"\" data-image-caption=\"\" data-large-file=\"https:\/\/www.hoymercedes.com.ar\/principal\/wp-content\/uploads\/2022\/09\/poli-federal-1024x547.jpeg\" src=\"https:\/\/www.hoymercedes.com.ar\/principal\/wp-content\/uploads\/2022\/09\/poli-federal-1024x547.jpeg\" alt=\"\" class=\"wp-image-153356\" srcset=\"https:\/\/www.hoymercedes.com.ar\/principal\/wp-content\/uploads\/2022\/09\/poli-federal-1024x547.jpeg 1024w, https:\/\/www.hoymercedes.com.ar\/principal\/wp-content\/uploads\/2022\/09\/poli-federal-630x336.jpeg 630w, https:\/\/www.hoymercedes.com.ar\/principal\/wp-content\/uploads\/2022\/09\/poli-federal-150x80.jpeg 150w, https:\/\/www.hoymercedes.com.ar\/principal\/wp-content\/uploads\/2022\/09\/poli-federal.jpeg 1536w\" sizes=\"auto, (max-width: 1024px) 100vw, 1024px\" \/><\/figure>\n","protected":false},"excerpt":{"rendered":"<p>En la ma\u00f1ana del s\u00e1bado la Polic\u00eda Federal realiz\u00f3 un allanamiento en San Andr\u00e9s de Giles. El personal de la &#8230; <a title=\"Polic\u00eda Federal Mercedes secuestr\u00f3 coca\u00edna en San Andr\u00e9s de Giles\" class=\"read-more\" href=\"https:\/\/www.hoymercedes.com.ar\/principal\/2022\/09\/25\/policia-federal-mercedes-secuestro-cocaina-en-san-andres-de-giles\/\" aria-label=\"Leer m\u00e1s sobre Polic\u00eda Federal Mercedes secuestr\u00f3 coca\u00edna en San Andr\u00e9s de Giles\">Leer m\u00e1s<\/a><\/p>\n","protected":false},"author":1,"featured_media":153356,"comment_status":"closed","ping_status":"open","sticky":false,"template":"","format":"standard","meta":{"_monsterinsights_skip_tracking":false,"_monsterinsights_sitenote_active":false,"_monsterinsights_sitenote_note":"","_monsterinsights_sitenote_category":0,"jetpack_post_was_ever_published":false,"_jetpack_newsletter_access":"","_jetpack_dont_email_post_to_subs":false,"_jetpack_newsletter_tier_id":0,"_jetpack_memberships_contains_paywalled_content":false,"_jetpack_memberships_contains_paid_content":false,"footnotes":"","jetpack_publicize_message":"","jetpack_publicize_feature_enabled":true,"jetpack_social_post_already_shared":true,"jetpack_social_options":{"image_generator_settings":{"template":"highway","default_image_id":0,"font":"","enabled":false},"version":2},"_wpas_customize_per_network":false},"categories":[85],"tags":[],"class_list":["post-153355","post","type-post","status-publish","format-standard","has-post-thumbnail","hentry","category-policial","generate-columns","tablet-grid-50","mobile-grid-100","grid-parent","grid-50"],"jetpack_publicize_connections":[],"jetpack_featured_media_url":"https:\/\/www.hoymercedes.com.ar\/principal\/wp-content\/uploads\/2022\/09\/poli-federal.jpeg","wps_subtitle":"Operativo antidrogas","jetpack_sharing_enabled":true,"_links":{"self":[{"href":"https:\/\/www.hoymercedes.com.ar\/principal\/wp-json\/wp\/v2\/posts\/153355","targetHints":{"allow":["GET"]}}],"collection":[{"href":"https:\/\/www.hoymercedes.com.ar\/principal\/wp-json\/wp\/v2\/posts"}],"about":[{"href":"https:\/\/www.hoymercedes.com.ar\/principal\/wp-json\/wp\/v2\/types\/post"}],"author":[{"embeddable":true,"href":"https:\/\/www.hoymercedes.com.ar\/principal\/wp-json\/wp\/v2\/users\/1"}],"replies":[{"embeddable":true,"href":"https:\/\/www.hoymercedes.com.ar\/principal\/wp-json\/wp\/v2\/comments?post=153355"}],"version-history":[{"count":0,"href":"https:\/\/www.hoymercedes.com.ar\/principal\/wp-json\/wp\/v2\/posts\/153355\/revisions"}],"wp:featuredmedia":[{"embeddable":true,"href":"https:\/\/www.hoymercedes.com.ar\/principal\/wp-json\/wp\/v2\/media\/153356"}],"wp:attachment":[{"href":"https:\/\/www.hoymercedes.com.ar\/principal\/wp-json\/wp\/v2\/media?parent=153355"}],"wp:term":[{"taxonomy":"category","embeddable":true,"href":"https:\/\/www.hoymercedes.com.ar\/principal\/wp-json\/wp\/v2\/categories?post=153355"},{"taxonomy":"post_tag","embeddable":true,"href":"https:\/\/www.hoymercedes.com.ar\/principal\/wp-json\/wp\/v2\/tags?post=153355"}],"curies":[{"name":"wp","href":"https:\/\/api.w.org\/{rel}","templated":true}]}}