{"id":1534,"date":"2011-01-07T03:35:35","date_gmt":"2011-01-07T03:35:35","guid":{"rendered":"http:\/\/www.hoymercedes.com.ar\/principal\/?p=1534"},"modified":"2011-01-07T03:35:35","modified_gmt":"2011-01-07T03:35:35","slug":"repetto-desmiente-versiones-de-regreso-a-la-gestion-selva","status":"publish","type":"post","link":"https:\/\/www.hoymercedes.com.ar\/principal\/2011\/01\/07\/repetto-desmiente-versiones-de-regreso-a-la-gestion-selva\/","title":{"rendered":"Repetto desmiente versiones de regreso a la gesti\u00f3n Selva"},"content":{"rendered":"<p style=\"text-align: justify;\">El Dr. Juan Antonio Repetto, quien hace tiempo se desempe\u00f1ara durante la gesti\u00f3n Selva en la comuna como Secretario de Control Urbano desminti\u00f3 enf\u00e1ticamente las versiones que se echaron a rodar acerca de su posible regreso al gobierno comunal para ocupar nuevamente dicho\u00a0 cargo que abandonar en su momento al presentar su renuncia debido, seg\u00fan de dec\u00eda por entonces, a desaveniencias con el propio jefe comunal.<\/p>\n<p style=\"text-align: justify;\">Repetto qui\u00e9n en la actualidad se desempe\u00f1a como Fiscal Adjunto en la UFI 6 del Departamento Judicial Mercedes afirmo de manera muy rotunda \u201cquienes me conocen saben muy bien que me encuentro trabajan do muy aa gusto en el \u00e1mbito del Ministerio Publico, es decir de las Fiscal\u00edas por lo cual para nada me interesa dejar este lugar para volver al municipio.<\/p>\n<p style=\"text-align: justify;\">Realmente no se porque se reflot\u00f3 mi nombre y hasta fue publicado en un medio gr\u00e1fico, tal vez puede haber sido en virtud de algunos procedimientos que se realizaron en nuestra ciudad en los cuales tuve participaci\u00f3n siendo los mismos de amplio dominio p\u00fablico.<\/p>\n<p style=\"text-align: justify;\">De cualquier manera quiero dejar bien en claro que las relaciones personales con el se\u00f1or Intendente Carlos Selva son de las mejores, pero ello no implica que vaya a retornar a mis anteriores funciones dentro de su gabinete de gobierno municipal\u201d<\/p>\n","protected":false},"excerpt":{"rendered":"<p>El Dr. Juan Antonio Repetto, quien hace tiempo se desempe\u00f1ara durante la gesti\u00f3n Selva en la comuna como Secretario de &#8230; <a title=\"Repetto desmiente versiones de regreso a la gesti\u00f3n Selva\" class=\"read-more\" href=\"https:\/\/www.hoymercedes.com.ar\/principal\/2011\/01\/07\/repetto-desmiente-versiones-de-regreso-a-la-gestion-selva\/\" aria-label=\"Leer m\u00e1s sobre Repetto desmiente versiones de regreso a la gesti\u00f3n Selva\">Leer m\u00e1s<\/a><\/p>\n","protected":false},"author":1,"featured_media":0,"comment_status":"open","ping_status":"open","sticky":false,"template":"","format":"standard","meta":{"_monsterinsights_skip_tracking":false,"_monsterinsights_sitenote_active":false,"_monsterinsights_sitenote_note":"","_monsterinsights_sitenote_category":0,"jetpack_post_was_ever_published":false,"_jetpack_newsletter_access":"","_jetpack_dont_email_post_to_subs":false,"_jetpack_newsletter_tier_id":0,"_jetpack_memberships_contains_paywalled_content":false,"_jetpack_memberships_contains_paid_content":false,"footnotes":"","jetpack_publicize_message":"","jetpack_publicize_feature_enabled":true,"jetpack_social_post_already_shared":false,"jetpack_social_options":{"image_generator_settings":{"template":"highway","default_image_id":0,"font":"","enabled":false},"version":2},"_wpas_customize_per_network":false},"categories":[5,8],"tags":[339],"class_list":["post-1534","post","type-post","status-publish","format-standard","hentry","category-politica","category-sociedad","tag-juan-repreto","generate-columns","tablet-grid-50","mobile-grid-100","grid-parent","grid-50"],"jetpack_publicize_connections":[],"jetpack_featured_media_url":"","wps_subtitle":"","jetpack_sharing_enabled":true,"_links":{"self":[{"href":"https:\/\/www.hoymercedes.com.ar\/principal\/wp-json\/wp\/v2\/posts\/1534","targetHints":{"allow":["GET"]}}],"collection":[{"href":"https:\/\/www.hoymercedes.com.ar\/principal\/wp-json\/wp\/v2\/posts"}],"about":[{"href":"https:\/\/www.hoymercedes.com.ar\/principal\/wp-json\/wp\/v2\/types\/post"}],"author":[{"embeddable":true,"href":"https:\/\/www.hoymercedes.com.ar\/principal\/wp-json\/wp\/v2\/users\/1"}],"replies":[{"embeddable":true,"href":"https:\/\/www.hoymercedes.com.ar\/principal\/wp-json\/wp\/v2\/comments?post=1534"}],"version-history":[{"count":0,"href":"https:\/\/www.hoymercedes.com.ar\/principal\/wp-json\/wp\/v2\/posts\/1534\/revisions"}],"wp:attachment":[{"href":"https:\/\/www.hoymercedes.com.ar\/principal\/wp-json\/wp\/v2\/media?parent=1534"}],"wp:term":[{"taxonomy":"category","embeddable":true,"href":"https:\/\/www.hoymercedes.com.ar\/principal\/wp-json\/wp\/v2\/categories?post=1534"},{"taxonomy":"post_tag","embeddable":true,"href":"https:\/\/www.hoymercedes.com.ar\/principal\/wp-json\/wp\/v2\/tags?post=1534"}],"curies":[{"name":"wp","href":"https:\/\/api.w.org\/{rel}","templated":true}]}}