{"id":153417,"date":"2022-09-26T17:07:00","date_gmt":"2022-09-26T20:07:00","guid":{"rendered":"https:\/\/www.hoymercedes.com.ar\/principal\/?p=153417"},"modified":"2022-09-26T16:37:10","modified_gmt":"2022-09-26T19:37:10","slug":"el-sabado-1-habra-recital-solidario-por-elena-bojorge","status":"publish","type":"post","link":"https:\/\/www.hoymercedes.com.ar\/principal\/2022\/09\/26\/el-sabado-1-habra-recital-solidario-por-elena-bojorge\/","title":{"rendered":"El s\u00e1bado 1\u00b0 habr\u00e1 recital solidario por Elena Bojorge"},"content":{"rendered":"\n<p>El pr\u00f3ximo s\u00e1bado 1\u00b0 de octubre se llevar\u00e1 adelante un recital solidario del cual participar\u00e1n cinco bandas de rock local. A partir de la hora 19 en el Centro Cultural La Trocha actuar\u00e1n Sanny, Big Guap, Senomar, Gran Lady y Polillas de Poliester. La entradas se consiguen a 500 pesos y ser\u00e1 a beneficio de la Fundaci\u00f3n que invetiga el s\u00edndrome DDX3X<\/p>\n\n\n<div class=\"wp-block-image\">\n<figure class=\"aligncenter size-large\"><img loading=\"lazy\" decoding=\"async\" width=\"820\" height=\"1024\" data-attachment-id=\"153418\" data-permalink=\"https:\/\/www.hoymercedes.com.ar\/principal\/2022\/09\/26\/el-sabado-1-habra-recital-solidario-por-elena-bojorge\/elena-bojorge\/#main\" data-orig-file=\"https:\/\/www.hoymercedes.com.ar\/principal\/wp-content\/uploads\/2022\/09\/elena-bojorge.jpg\" data-orig-size=\"1023,1278\" data-comments-opened=\"0\" data-image-meta=\"{&quot;aperture&quot;:&quot;0&quot;,&quot;credit&quot;:&quot;&quot;,&quot;camera&quot;:&quot;&quot;,&quot;caption&quot;:&quot;&quot;,&quot;created_timestamp&quot;:&quot;0&quot;,&quot;copyright&quot;:&quot;&quot;,&quot;focal_length&quot;:&quot;0&quot;,&quot;iso&quot;:&quot;0&quot;,&quot;shutter_speed&quot;:&quot;0&quot;,&quot;title&quot;:&quot;&quot;,&quot;orientation&quot;:&quot;0&quot;}\" data-image-title=\"elena bojorge\" data-image-description=\"\" data-image-caption=\"\" data-large-file=\"https:\/\/www.hoymercedes.com.ar\/principal\/wp-content\/uploads\/2022\/09\/elena-bojorge-820x1024.jpg\" src=\"https:\/\/www.hoymercedes.com.ar\/principal\/wp-content\/uploads\/2022\/09\/elena-bojorge-820x1024.jpg\" alt=\"\" class=\"wp-image-153418\" srcset=\"https:\/\/www.hoymercedes.com.ar\/principal\/wp-content\/uploads\/2022\/09\/elena-bojorge-820x1024.jpg 820w, https:\/\/www.hoymercedes.com.ar\/principal\/wp-content\/uploads\/2022\/09\/elena-bojorge-496x620.jpg 496w, https:\/\/www.hoymercedes.com.ar\/principal\/wp-content\/uploads\/2022\/09\/elena-bojorge-120x150.jpg 120w, https:\/\/www.hoymercedes.com.ar\/principal\/wp-content\/uploads\/2022\/09\/elena-bojorge.jpg 1023w\" sizes=\"auto, (max-width: 820px) 100vw, 820px\" \/><\/figure>\n<\/div>\n\n\n<p>\u00abEle est\u00e1 bien. Es una ni\u00f1a sana y feliz. Tiene 6 a\u00f1os. A los 4 la diagnosticaron con el s\u00edndrome DDX3X, una patolog\u00eda que se descubri\u00f3 en el 2014 en Estados Unidos\u00bb, explica el pap\u00e1 de Elena, Esteban Bojorge, m\u00fasico mercedino. <\/p>\n\n\n\n<p>\u00abJunto a su mam\u00e1 quedemos realizar este recital para que se conozca este s\u00edndrome y junto a el apoyo de todos ustedes poder colaborar con la fundaci\u00f3n que se encuentra en EE.UU. pa\u00eds donde realizan constantes estudios e investigaciones para darle una mejor calidad de vida a nuestros ni\u00f1os\u00bb, agrega haciendo hincapi\u00e9 en que la recaudaci\u00f3n ser\u00e1 donado a la <a href=\"https:\/\/ddx3x.org\/\" target=\"_blank\" rel=\"noreferrer noopener\">Fundaci\u00f3n DDX3X <\/a>que realiza investigaciones sobre el s\u00edndrome. <\/p>\n\n\n\n<p>La entradas se pueden adquirir por Mercado pago al siguiente link: <a rel=\"noreferrer noopener\" href=\"https:\/\/l.facebook.com\/l.php?u=https%3A%2F%2Fmpago.la%2F2e7Cibd%3Ffbclid%3DIwAR0X4i9BxsIHKN4dg940ZpsqffrfD3sDGRPH4WcYm4DMaKxH0SyE_OHDuzE&amp;h=AT3S0le2D4eF6cpuIX0xBFCLXvrw2VC1gTgXVPXEdJb9u5OSxhYdDZEu4U3fOYEsRP-wFRadPCYJkJ0q-dxebjlJaDoT7btzCTAB9SxOPtJUEV4joNUbXASye0Iv3vWzyHDROTNqsLGbr6PpYw&amp;__tn__=-UK-R&amp;c[0]=AT0YJBd9e-dhmjdSrkne4aK4Fsx4SId4zW6JdXOhlYyOLxvqNA1-_yeOjaOTgBzRFYMyu6ufbC0edqBSrpP5-NMCLYMe0vG4YO19yLYOJDGwZIAJZi68asMx38wx3Od1xizF4t4sGM1wCnjGimyp1A93UpqScH2T8GIzgBSETQ42eFigD18DwO8GpZ0nFpH7ws79OflHTA\" target=\"_blank\">https:\/\/mpago.la\/2e7Cibd<\/a> o en dos comercios de la ciudad Vinilo Bar (24 y 23) o en Sublimazzo &#8211; Taller de Estampas (23 y 26). Tambi\u00e9n se podr\u00e1n adquirir en la puerta del C.C. La Trocha. <\/p>\n\n\n\n<p><strong>Video Estreno<\/strong><\/p>\n\n\n\n<p>Por su parte, la banda Senomar, tras diez a\u00f1os sin presentar nuevo tema, estren\u00f3 un tema para Elena. Precisamente la peque\u00f1a de nombre a la canci\u00f3n que presentaron por redes y que interepretar\u00e1n en vivo en el recital solidario del 1\u00b0 de octubre. <\/p>\n\n\n\n<p>El videolyric realizado por Mateo Porcar, uno de los integrantes de Senomar junto a Estebena Bojorge (pap\u00e1 de Elena), Sergio Contardi, Esteban Fauri y Gaston Fauri<\/p>\n\n\n\n<p><a rel=\"noreferrer noopener\" href=\"https:\/\/www.youtube.com\/watch?v=s5izPvb8hk4\" target=\"_blank\">Mir\u00e1 el video: Senomar &#8211; ELENA &#8211; YouTube<\/a><\/p>\n\n\n\n<figure class=\"wp-block-embed is-type-video is-provider-youtube wp-block-embed-youtube wp-embed-aspect-16-9 wp-has-aspect-ratio\"><div class=\"wp-block-embed__wrapper\">\n<span class=\"embed-youtube\" style=\"text-align:center; display: block;\"><iframe loading=\"lazy\" class=\"youtube-player\" width=\"1200\" height=\"675\" src=\"https:\/\/www.youtube.com\/embed\/s5izPvb8hk4?version=3&#038;rel=1&#038;showsearch=0&#038;showinfo=1&#038;iv_load_policy=1&#038;fs=1&#038;hl=es-ES&#038;autohide=2&#038;wmode=transparent\" allowfullscreen=\"true\" style=\"border:0;\" sandbox=\"allow-scripts allow-same-origin allow-popups allow-presentation allow-popups-to-escape-sandbox\"><\/iframe><\/span>\n<\/div><\/figure>\n\n\n\n<p><\/p>\n\n\n\n<p><\/p>\n","protected":false},"excerpt":{"rendered":"<p>El pr\u00f3ximo s\u00e1bado 1\u00b0 de octubre se llevar\u00e1 adelante un recital solidario. A partir de la hora 19 en el Centro Cultural La Trocha actuar\u00e1n Sanny, Big Guap, Senomar, Gran Lady y Polillas de Poliester. <\/p>\n","protected":false},"author":1,"featured_media":153418,"comment_status":"closed","ping_status":"open","sticky":false,"template":"","format":"standard","meta":{"_monsterinsights_skip_tracking":false,"_monsterinsights_sitenote_active":false,"_monsterinsights_sitenote_note":"","_monsterinsights_sitenote_category":0,"jetpack_post_was_ever_published":false,"_jetpack_newsletter_access":"","_jetpack_dont_email_post_to_subs":false,"_jetpack_newsletter_tier_id":0,"_jetpack_memberships_contains_paywalled_content":false,"_jetpack_memberships_contains_paid_content":false,"footnotes":"","jetpack_publicize_message":"","jetpack_publicize_feature_enabled":true,"jetpack_social_post_already_shared":true,"jetpack_social_options":{"image_generator_settings":{"template":"highway","default_image_id":0,"font":"","enabled":false},"version":2},"_wpas_customize_per_network":false},"categories":[8],"tags":[7805],"class_list":["post-153417","post","type-post","status-publish","format-standard","has-post-thumbnail","hentry","category-sociedad","tag-cultura","generate-columns","tablet-grid-50","mobile-grid-100","grid-parent","grid-50"],"jetpack_publicize_connections":[],"jetpack_featured_media_url":"https:\/\/www.hoymercedes.com.ar\/principal\/wp-content\/uploads\/2022\/09\/elena-bojorge.jpg","wps_subtitle":"","jetpack_sharing_enabled":true,"_links":{"self":[{"href":"https:\/\/www.hoymercedes.com.ar\/principal\/wp-json\/wp\/v2\/posts\/153417","targetHints":{"allow":["GET"]}}],"collection":[{"href":"https:\/\/www.hoymercedes.com.ar\/principal\/wp-json\/wp\/v2\/posts"}],"about":[{"href":"https:\/\/www.hoymercedes.com.ar\/principal\/wp-json\/wp\/v2\/types\/post"}],"author":[{"embeddable":true,"href":"https:\/\/www.hoymercedes.com.ar\/principal\/wp-json\/wp\/v2\/users\/1"}],"replies":[{"embeddable":true,"href":"https:\/\/www.hoymercedes.com.ar\/principal\/wp-json\/wp\/v2\/comments?post=153417"}],"version-history":[{"count":0,"href":"https:\/\/www.hoymercedes.com.ar\/principal\/wp-json\/wp\/v2\/posts\/153417\/revisions"}],"wp:featuredmedia":[{"embeddable":true,"href":"https:\/\/www.hoymercedes.com.ar\/principal\/wp-json\/wp\/v2\/media\/153418"}],"wp:attachment":[{"href":"https:\/\/www.hoymercedes.com.ar\/principal\/wp-json\/wp\/v2\/media?parent=153417"}],"wp:term":[{"taxonomy":"category","embeddable":true,"href":"https:\/\/www.hoymercedes.com.ar\/principal\/wp-json\/wp\/v2\/categories?post=153417"},{"taxonomy":"post_tag","embeddable":true,"href":"https:\/\/www.hoymercedes.com.ar\/principal\/wp-json\/wp\/v2\/tags?post=153417"}],"curies":[{"name":"wp","href":"https:\/\/api.w.org\/{rel}","templated":true}]}}