{"id":153427,"date":"2022-09-26T19:34:57","date_gmt":"2022-09-26T22:34:57","guid":{"rendered":"https:\/\/www.hoymercedes.com.ar\/principal\/?p=153427"},"modified":"2022-09-26T19:34:59","modified_gmt":"2022-09-26T22:34:59","slug":"la-expo-rural-tuvo-su-balance-positivo-con-la-gente-como-protagonista","status":"publish","type":"post","link":"https:\/\/www.hoymercedes.com.ar\/principal\/2022\/09\/26\/la-expo-rural-tuvo-su-balance-positivo-con-la-gente-como-protagonista\/","title":{"rendered":"La Expo Rural tuvo su balance positivo con la gente como protagonista"},"content":{"rendered":"\n<figure class=\"wp-block-image size-large\"><img loading=\"lazy\" decoding=\"async\" width=\"1024\" height=\"768\" data-attachment-id=\"153428\" data-permalink=\"https:\/\/www.hoymercedes.com.ar\/principal\/2022\/09\/26\/la-expo-rural-tuvo-su-balance-positivo-con-la-gente-como-protagonista\/larural_mercedes\/#main\" data-orig-file=\"https:\/\/www.hoymercedes.com.ar\/principal\/wp-content\/uploads\/2022\/09\/LaRural_Mercedes.jpeg\" data-orig-size=\"1600,1200\" data-comments-opened=\"0\" data-image-meta=\"{&quot;aperture&quot;:&quot;0&quot;,&quot;credit&quot;:&quot;&quot;,&quot;camera&quot;:&quot;&quot;,&quot;caption&quot;:&quot;&quot;,&quot;created_timestamp&quot;:&quot;0&quot;,&quot;copyright&quot;:&quot;&quot;,&quot;focal_length&quot;:&quot;0&quot;,&quot;iso&quot;:&quot;0&quot;,&quot;shutter_speed&quot;:&quot;0&quot;,&quot;title&quot;:&quot;&quot;,&quot;orientation&quot;:&quot;0&quot;}\" data-image-title=\"LaRural_Mercedes\" data-image-description=\"\" data-image-caption=\"\" data-large-file=\"https:\/\/www.hoymercedes.com.ar\/principal\/wp-content\/uploads\/2022\/09\/LaRural_Mercedes-1024x768.jpeg\" src=\"https:\/\/www.hoymercedes.com.ar\/principal\/wp-content\/uploads\/2022\/09\/LaRural_Mercedes-1024x768.jpeg\" alt=\"\" class=\"wp-image-153428\" srcset=\"https:\/\/www.hoymercedes.com.ar\/principal\/wp-content\/uploads\/2022\/09\/LaRural_Mercedes-1024x768.jpeg 1024w, https:\/\/www.hoymercedes.com.ar\/principal\/wp-content\/uploads\/2022\/09\/LaRural_Mercedes-630x473.jpeg 630w, https:\/\/www.hoymercedes.com.ar\/principal\/wp-content\/uploads\/2022\/09\/LaRural_Mercedes-150x113.jpeg 150w, https:\/\/www.hoymercedes.com.ar\/principal\/wp-content\/uploads\/2022\/09\/LaRural_Mercedes-1536x1152.jpeg 1536w, https:\/\/www.hoymercedes.com.ar\/principal\/wp-content\/uploads\/2022\/09\/LaRural_Mercedes.jpeg 1600w\" sizes=\"auto, (max-width: 1024px) 100vw, 1024px\" \/><figcaption>mer<\/figcaption><\/figure>\n\n\n\n<p>Este fin de semana la 74 edici\u00f3n de la Exposici\u00f3n Rural de Mercedes super\u00f3 todas las expectativas con un marco extraordinario de p\u00fablico.<\/p>\n\n\n\n<p><br>El balance que realiz\u00f3 la comisi\u00f3n directiva de la Sociedad Rural es por dem\u00e1s de positivo, a la hora de reflexionar sobre lo que fueron 4 d\u00edas a pleno en el predio que tiene la entidad sobre Ruta 5 kil\u00f3metro 100. All\u00ed miles de personas pasaron el fin de semana y disfrutaron de distintas actividades que se desarrollaron.<\/p>\n\n\n\n<p><br>\u201cComo balance hay datos que hablan a las claras del crecimiento de la muestra. Tuvimos muy buena cantidad de gente participando de las charlas t\u00e9cnicas; se duplic\u00f3 la cantidad de chicos de las escuelas primarias y jardines que visitaron el predio el viernes como es tradicional; se cuadriplic\u00f3 la cantidad de ovinos que ingresaron al predio; el remate super\u00f3 las expectativas y para el cierre fue todo una fiesta\u201d, resumi\u00f3 Leonardo Fag\u00fandez, presidente de la Sociedad Rural sobre la 74 Exposici\u00f3n Rural.<\/p>\n\n\n\n<p><br>M\u00e1s all\u00e1 de lo importante de los datos, desde la entidad quisieron destacar la participaci\u00f3n de la gente que le dio un marco espectacular a esta nueva muestra del campo, el comercio y la industria. \u201cQueremos desde la comisi\u00f3n directiva de la Sociedad Rural agradecer a toda la gente que visit\u00f3 nuestro predio, pero que adem\u00e1s disfrut\u00f3 de la manera que lo hizo. Sentimos orgullo de haber organizado una expo donde la pasaron bien todos, desde el p\u00fablico en general hasta productores y vecinos ligados a la producci\u00f3n agropecuaria\u201d, dijo el presidente.<\/p>\n\n\n\n<p><strong>Premios y remate<\/strong><br>Uno de los momentos m\u00e1s esperados en la jornada del domingo es a entrega de premios a los campeones en las distintas categor\u00edas de animales. El Gran Campe\u00f3n toro a bozal fue para un ejemplar de Caba\u00f1a La ilusi\u00f3n.<\/p>\n\n\n\n<p><br>En la categor\u00eda de Polled Hereford macho junior puro pedigree el m\u00e1ximo galard\u00f3n qued\u00f3 para Caba\u00f1a La \u00f1ata. Y tambi\u00e9n el Angus puro de pedigree gran campe\u00f3n fue para la misma \u201cLa \u00f1ata\u201d.<\/p>\n\n\n\n<p><br>En cuanto a los remates de animales, fueron 36 toros y 7 vaquillonas las rematadas. Por un Gran Campe\u00f3n se pag\u00f3 hasta 650 mil pesos, mientras que el promedio de los toros rond\u00f3 los 400 mil pesos. En cambio, el precio promedio de las vaquillonas fue de 300 mil pesos.<\/p>\n","protected":false},"excerpt":{"rendered":"<p>Este fin de semana la 74 edici\u00f3n de la Exposici\u00f3n Rural de Mercedes super\u00f3 todas las expectativas con un marco &#8230; <a title=\"La Expo Rural tuvo su balance positivo con la gente como protagonista\" class=\"read-more\" href=\"https:\/\/www.hoymercedes.com.ar\/principal\/2022\/09\/26\/la-expo-rural-tuvo-su-balance-positivo-con-la-gente-como-protagonista\/\" aria-label=\"Leer m\u00e1s sobre La Expo Rural tuvo su balance positivo con la gente como protagonista\">Leer m\u00e1s<\/a><\/p>\n","protected":false},"author":1,"featured_media":153428,"comment_status":"closed","ping_status":"open","sticky":false,"template":"","format":"standard","meta":{"_monsterinsights_skip_tracking":false,"_monsterinsights_sitenote_active":false,"_monsterinsights_sitenote_note":"","_monsterinsights_sitenote_category":0,"jetpack_post_was_ever_published":false,"_jetpack_newsletter_access":"","_jetpack_dont_email_post_to_subs":false,"_jetpack_newsletter_tier_id":0,"_jetpack_memberships_contains_paywalled_content":false,"_jetpack_memberships_contains_paid_content":false,"footnotes":"","jetpack_publicize_message":"","jetpack_publicize_feature_enabled":true,"jetpack_social_post_already_shared":true,"jetpack_social_options":{"image_generator_settings":{"template":"highway","default_image_id":0,"font":"","enabled":false},"version":2},"_wpas_customize_per_network":false},"categories":[8],"tags":[18471,12311,18472,1939],"class_list":["post-153427","post","type-post","status-publish","format-standard","has-post-thumbnail","hentry","category-sociedad","tag-74-ral-mercedes","tag-la-rural","tag-leonardo-fabundez","tag-rural-mercedes","generate-columns","tablet-grid-50","mobile-grid-100","grid-parent","grid-50"],"jetpack_publicize_connections":[],"jetpack_featured_media_url":"https:\/\/www.hoymercedes.com.ar\/principal\/wp-content\/uploads\/2022\/09\/LaRural_Mercedes.jpeg","wps_subtitle":"Instituciones ","jetpack_sharing_enabled":true,"_links":{"self":[{"href":"https:\/\/www.hoymercedes.com.ar\/principal\/wp-json\/wp\/v2\/posts\/153427","targetHints":{"allow":["GET"]}}],"collection":[{"href":"https:\/\/www.hoymercedes.com.ar\/principal\/wp-json\/wp\/v2\/posts"}],"about":[{"href":"https:\/\/www.hoymercedes.com.ar\/principal\/wp-json\/wp\/v2\/types\/post"}],"author":[{"embeddable":true,"href":"https:\/\/www.hoymercedes.com.ar\/principal\/wp-json\/wp\/v2\/users\/1"}],"replies":[{"embeddable":true,"href":"https:\/\/www.hoymercedes.com.ar\/principal\/wp-json\/wp\/v2\/comments?post=153427"}],"version-history":[{"count":0,"href":"https:\/\/www.hoymercedes.com.ar\/principal\/wp-json\/wp\/v2\/posts\/153427\/revisions"}],"wp:featuredmedia":[{"embeddable":true,"href":"https:\/\/www.hoymercedes.com.ar\/principal\/wp-json\/wp\/v2\/media\/153428"}],"wp:attachment":[{"href":"https:\/\/www.hoymercedes.com.ar\/principal\/wp-json\/wp\/v2\/media?parent=153427"}],"wp:term":[{"taxonomy":"category","embeddable":true,"href":"https:\/\/www.hoymercedes.com.ar\/principal\/wp-json\/wp\/v2\/categories?post=153427"},{"taxonomy":"post_tag","embeddable":true,"href":"https:\/\/www.hoymercedes.com.ar\/principal\/wp-json\/wp\/v2\/tags?post=153427"}],"curies":[{"name":"wp","href":"https:\/\/api.w.org\/{rel}","templated":true}]}}