{"id":153521,"date":"2022-09-28T23:06:25","date_gmt":"2022-09-29T02:06:25","guid":{"rendered":"https:\/\/www.hoymercedes.com.ar\/principal\/?p=153521"},"modified":"2022-09-28T23:06:27","modified_gmt":"2022-09-29T02:06:27","slug":"cuidado-animal-jornada-de-vacunacion-y-proteccion-en-diversos-puntos-de-la-cuidad","status":"publish","type":"post","link":"https:\/\/www.hoymercedes.com.ar\/principal\/2022\/09\/28\/cuidado-animal-jornada-de-vacunacion-y-proteccion-en-diversos-puntos-de-la-cuidad\/","title":{"rendered":"Cuidado animal: jornada de vacunaci\u00f3n y protecci\u00f3n  en diversos puntos de la cuidad"},"content":{"rendered":"\n<figure class=\"wp-block-image size-full is-resized\"><img loading=\"lazy\" decoding=\"async\" data-attachment-id=\"153522\" data-permalink=\"https:\/\/www.hoymercedes.com.ar\/principal\/2022\/09\/28\/cuidado-animal-jornada-de-vacunacion-y-proteccion-en-diversos-puntos-de-la-cuidad\/dsc08639\/#main\" data-orig-file=\"https:\/\/www.hoymercedes.com.ar\/principal\/wp-content\/uploads\/2022\/09\/DSC08639.jpg\" data-orig-size=\"922,615\" data-comments-opened=\"0\" data-image-meta=\"{&quot;aperture&quot;:&quot;0&quot;,&quot;credit&quot;:&quot;&quot;,&quot;camera&quot;:&quot;&quot;,&quot;caption&quot;:&quot;&quot;,&quot;created_timestamp&quot;:&quot;0&quot;,&quot;copyright&quot;:&quot;&quot;,&quot;focal_length&quot;:&quot;0&quot;,&quot;iso&quot;:&quot;0&quot;,&quot;shutter_speed&quot;:&quot;0&quot;,&quot;title&quot;:&quot;&quot;,&quot;orientation&quot;:&quot;0&quot;}\" data-image-title=\"DSC08639\" data-image-description=\"\" data-image-caption=\"\" data-large-file=\"https:\/\/www.hoymercedes.com.ar\/principal\/wp-content\/uploads\/2022\/09\/DSC08639.jpg\" src=\"https:\/\/www.hoymercedes.com.ar\/principal\/wp-content\/uploads\/2022\/09\/DSC08639.jpg\" alt=\"\" class=\"wp-image-153522\" width=\"957\" height=\"638\" srcset=\"https:\/\/www.hoymercedes.com.ar\/principal\/wp-content\/uploads\/2022\/09\/DSC08639.jpg 922w, https:\/\/www.hoymercedes.com.ar\/principal\/wp-content\/uploads\/2022\/09\/DSC08639-630x420.jpg 630w, https:\/\/www.hoymercedes.com.ar\/principal\/wp-content\/uploads\/2022\/09\/DSC08639-150x100.jpg 150w\" sizes=\"auto, (max-width: 957px) 100vw, 957px\" \/><\/figure>\n\n\n\n<p>En el D\u00eda Mundial contra la Rabia, en distintas zonas de la ciudad, desde el \u00e1rea de zoonosis dependiente de la secretar\u00eda de salud se efectu\u00f3 una amplia jornada de cuidado animal. Se vacun\u00f3, se entregados materiales impresos para conocer m\u00e1s sobre el cuidado de las mascotas, se control\u00f3 su estado, se obsequiaron elementos de higiene y se trabaj\u00f3 en la prevenci\u00f3n general y toma de consciencia sobre su protecci\u00f3n.<\/p>\n\n\n\n<p>Gowland, Unzu\u00e9, C.I.C, Plaza San Mart\u00edn fueron algunos de los puntos de intervenci\u00f3n.<\/p>\n\n\n\n<p>El intendente, Juan Ignacio Ustarroz, presente en Gowlandr expres\u00f3 \u201cesta es una jornada muy importante, donde adem\u00e1s de vacunar a las mascotas, se genera conciencia sobre la importancia sobre la vacunaci\u00f3n\u201d y a\u00f1adi\u00f3 \u201cque podamos trabajar en tres puntos, que podamos tener una agenda articulada junto a todos los que hacen y se preocupan por los animales\u201d.<\/p>\n\n\n\n<p>\u201cQueremos que estas pol\u00edticas crezcan, tanto de la vacunaci\u00f3n, castraci\u00f3n y adopci\u00f3n, que son cuestiones muy necesarias\u201d remarc\u00f3 el Dr. Ustarroz<\/p>\n\n\n\n<p>En este sentido, el intendente Ustarroz apunt\u00f3 \u201cpor surte contamos con much\u00edsima gente que se suma y trabaja para mejorar la calidad de vida, tambi\u00e9n, de nuestros animales como condici\u00f3n para tener una sociedad mejor\u201d e invit\u00f3 \u201ca la gente a que se acerque a estos dispositivos donde siempre se brinda informaci\u00f3n y acciones conducentes a resolver estas problem\u00e1ticas\u201d. &nbsp;&nbsp;<\/p>\n\n\n\n<p>Francisco Sarria quien pertenece a ProTenencia dijo \u201cestamos en esta hermosa jornada, concientizando a los vecinos y vecinas de la importancia de vacunar a sus animales, con todo el equipo de salud y zoonosis presente\u201d.<\/p>\n\n\n\n<p>Estuvo presente tambi\u00e9n acompa\u00f1ando la totalidad del desarrollo de los dispositivos el Dr N\u00e9stor Pisapia, secretario de salud, la sub secretaria Marianela Arenilla, la veterinaria Tamara Franceschelli, entre profesionales y t\u00e9cnicos del \u00e1rea.<\/p>\n\n\n\n<p>Por su parte, Maximiliano Di Catarina, veterinario municipal, inform\u00f3 \u201cadem\u00e1s, estamos en el Unzu\u00e9 y en la plaza San Mart\u00edn, donde, conjuntamente, estamos haciendo chipeo que es un sistema para poder identificar a los animales\u201d.<\/p>\n\n\n\n<p>Ver\u00f3nica Burke en representaci\u00f3n de los grupos de proteccionistas de animales se\u00f1al\u00f3 \u201cvinimos a colaborar, a hablar con los vecinos para concientizar la importancia de la vacunaci\u00f3n antirr\u00e1bica y la castraci\u00f3n de los animales\u201d.<\/p>\n\n\n\n<p>Info: zoonosis<\/p>\n","protected":false},"excerpt":{"rendered":"<p>Cuidado animal: jornada de vacunaci\u00f3n y protecci\u00f3n animal en diversos puntos de la cuidad<\/p>\n","protected":false},"author":1,"featured_media":153524,"comment_status":"closed","ping_status":"open","sticky":false,"template":"","format":"standard","meta":{"_monsterinsights_skip_tracking":false,"_monsterinsights_sitenote_active":false,"_monsterinsights_sitenote_note":"","_monsterinsights_sitenote_category":0,"jetpack_post_was_ever_published":false,"_jetpack_newsletter_access":"","_jetpack_dont_email_post_to_subs":false,"_jetpack_newsletter_tier_id":0,"_jetpack_memberships_contains_paywalled_content":false,"_jetpack_memberships_contains_paid_content":false,"footnotes":"","jetpack_publicize_message":"","jetpack_publicize_feature_enabled":true,"jetpack_social_post_already_shared":true,"jetpack_social_options":{"image_generator_settings":{"template":"highway","default_image_id":0,"font":"","enabled":false},"version":2},"_wpas_customize_per_network":false},"categories":[30],"tags":[18483,17140,12175],"class_list":["post-153521","post","type-post","status-publish","format-standard","has-post-thumbnail","hentry","category-municipio","tag-cuidado-animal-mercedes","tag-nestor-pisapia","tag-zoonosis","generate-columns","tablet-grid-50","mobile-grid-100","grid-parent","grid-50"],"jetpack_publicize_connections":[],"jetpack_featured_media_url":"https:\/\/www.hoymercedes.com.ar\/principal\/wp-content\/uploads\/2022\/09\/DSC08644.jpg","wps_subtitle":"Protecci\u00f3n de mascotas","jetpack_sharing_enabled":true,"_links":{"self":[{"href":"https:\/\/www.hoymercedes.com.ar\/principal\/wp-json\/wp\/v2\/posts\/153521","targetHints":{"allow":["GET"]}}],"collection":[{"href":"https:\/\/www.hoymercedes.com.ar\/principal\/wp-json\/wp\/v2\/posts"}],"about":[{"href":"https:\/\/www.hoymercedes.com.ar\/principal\/wp-json\/wp\/v2\/types\/post"}],"author":[{"embeddable":true,"href":"https:\/\/www.hoymercedes.com.ar\/principal\/wp-json\/wp\/v2\/users\/1"}],"replies":[{"embeddable":true,"href":"https:\/\/www.hoymercedes.com.ar\/principal\/wp-json\/wp\/v2\/comments?post=153521"}],"version-history":[{"count":0,"href":"https:\/\/www.hoymercedes.com.ar\/principal\/wp-json\/wp\/v2\/posts\/153521\/revisions"}],"wp:featuredmedia":[{"embeddable":true,"href":"https:\/\/www.hoymercedes.com.ar\/principal\/wp-json\/wp\/v2\/media\/153524"}],"wp:attachment":[{"href":"https:\/\/www.hoymercedes.com.ar\/principal\/wp-json\/wp\/v2\/media?parent=153521"}],"wp:term":[{"taxonomy":"category","embeddable":true,"href":"https:\/\/www.hoymercedes.com.ar\/principal\/wp-json\/wp\/v2\/categories?post=153521"},{"taxonomy":"post_tag","embeddable":true,"href":"https:\/\/www.hoymercedes.com.ar\/principal\/wp-json\/wp\/v2\/tags?post=153521"}],"curies":[{"name":"wp","href":"https:\/\/api.w.org\/{rel}","templated":true}]}}